{"id":4809,"date":"2025-08-13T15:55:05","date_gmt":"2025-08-13T18:55:05","guid":{"rendered":"https:\/\/diarioparanaense.com\/?p=4809"},"modified":"2025-08-13T15:55:06","modified_gmt":"2025-08-13T18:55:06","slug":"brasil-enfrenta-escassez-de-talentos-em-ciberseguranca-em-meio-a-ataques-cada-vez-mais-sofisticados","status":"publish","type":"post","link":"https:\/\/diarioparanaense.com\/?p=4809","title":{"rendered":"Brasil enfrenta escassez de talentos em ciberseguran\u00e7a em meio a ataques cada vez mais sofisticados"},"content":{"rendered":"\n<p>Vivemos em um per\u00edodo de acelerada transforma\u00e7\u00e3o digital, intensificada no Brasil com a maior ado\u00e7\u00e3o do sistema 5G, expans\u00e3o do Pix e uso de Internet das Coisas e Intelig\u00eancia Artificial. Todo esse ecossistema digital, com volume elevado de intersec\u00e7\u00f5es, estimula novos avan\u00e7os. Por outro lado, tamb\u00e9m abre espa\u00e7o para o ataque de vulnerabilidades de sistemas e setores. \u00c9 nesse contexto que a demanda por solu\u00e7\u00f5es de ciberseguran\u00e7a ganha escala. Mais que proteger dados e informa\u00e7\u00f5es pessoais, respaldar entregas e a presta\u00e7\u00e3o de servi\u00e7os esse setor impacta direta e indiretamente a economia e o mercado de trabalho.<\/p>\n\n\n\n<p>Gabrielle Silva, membro do IEEE &#8211; Instituto de Engenheiros Eletricistas e Eletr\u00f4nicos, maior organiza\u00e7\u00e3o profissional t\u00e9cnica do mundo dedicada ao avan\u00e7o da tecnologia em benef\u00edcio da humanidade \u2013 recomenda um olhar mais abrangente ao definir atribui\u00e7\u00f5es para a ciberseguran\u00e7a. &#8220;O amadurecimento do setor passa por ajustes conceituais para trat\u00e1-la como investimento estrat\u00e9gico e n\u00e3o somente como gasto. E para conciliar atitudes proativas com uma cultura de aprimoramento constante&#8221;, destaca Silva.<\/p>\n\n\n\n<p>Com atua\u00e7\u00e3o no setor de Tecnologia e Novos Neg\u00f3cios, Gabrielle acompanha de perto os desdobramentos da ciberseguran\u00e7a sob a \u00f3tica da inova\u00e7\u00e3o e das mudan\u00e7as de comportamento organizacional. Essa atribui\u00e7\u00e3o lhe permite identificar est\u00e1gios distintos da ciberseguran\u00e7a no Brasil. Em um extremo, temos pouca ou nenhuma medida de seguran\u00e7a digital aplicada em \u00e1reas como sa\u00fade, educa\u00e7\u00e3o e pequenos e m\u00e9dios neg\u00f3cios. Na outra ponta, empresas de grande porte e setores como telecomunica\u00e7\u00e3o e finan\u00e7as dedicam mais recursos e esfor\u00e7os em preven\u00e7\u00e3o e monitoramento.<\/p>\n\n\n\n<p>&#8220;De qualquer forma, ainda \u00e9 percept\u00edvel a falta de integra\u00e7\u00e3o entre medidas de preven\u00e7\u00e3o, detec\u00e7\u00e3o e respostas r\u00e1pidas contra qualquer tipo de amea\u00e7a. E quanto se demora a perceber o in\u00edcio e a origem de um ataque, maior a vulnerabilidade e o risco daquele setor ou empresa&#8221;, explica Gabrielle.<\/p>\n\n\n\n<p>A especialista do IEEE se apega em relat\u00f3rios de empresas do setor para refor\u00e7ar uma preocupa\u00e7\u00e3o generalizada com o descompasso entre oferta de profissionais em volume e expertise suficiente para solucionar essa dificuldade. Nem mesmo oportunidades promissoras com m\u00e9dias salariais entre 70 mil e 120 mil d\u00f3lares anuais em mercados estrangeiros projetadas por refer\u00eancias no setor s\u00e3o suficientes para atrair interessados. E essa perspectiva pode ser ainda maior dependendo de desenvolvimento profissional e cargo em grandes empresas.<\/p>\n\n\n\n<p>E como n\u00e3o deixar passar essas oportunidades?<\/p>\n\n\n\n<p>Mesmo apresentando realidade e contexto espec\u00edficos, o cen\u00e1rio do mercado de trabalho brasileiro \u00e9 parecido. A variedade de formas de ataque e disfarce dessas investidas exigem habilidades diversificadas dos profissionais interessados. Outra amea\u00e7a que precisam enfrentar \u00e9 a velocidade do surgimento de novas tend\u00eancias. &#8220;O especialista em ciberseguran\u00e7a precisa conciliar forma\u00e7\u00e3o te\u00f3rica e pr\u00e1tica condizente com um mercado diverso, com improv\u00e1veis conex\u00f5es e ainda ter uma mentalidade de aprendizado cont\u00ednuo para n\u00e3o ficar para tr\u00e1s em poucos meses&#8221;, recomenda Silva.<\/p>\n\n\n\n<p>Uma recomenda\u00e7\u00e3o da especialista do IEEE \u00e9 come\u00e7ar na \u00e1rea fazendo certifica\u00e7\u00f5es reconhecidas internacionalmente. Ao mesmo tempo, \u00e9 importante ser ativo em comunidades t\u00e9cnicas para troca de habilidades desenvolvidas no dia a dia corporativo e participar de competi\u00e7\u00f5es focadas em estimular o desenvolvimento e a aplica\u00e7\u00e3o eficiente dessas expertises.<\/p>\n\n\n\n<p>Gabrielle tamb\u00e9m defende a atua\u00e7\u00e3o coordenada de diferentes atores do ecossistema.<\/p>\n\n\n\n<p>&#8220;A solu\u00e7\u00e3o do problema depende de um esfor\u00e7o conjunto. As empresas precisam investir na capacita\u00e7\u00e3o cont\u00ednua das equipes e na ado\u00e7\u00e3o de programas de forma\u00e7\u00e3o e desenvolvimento profissional o quanto antes. O governo deve assumir a fun\u00e7\u00e3o estrat\u00e9gica de implementar pol\u00edticas p\u00fablicas que ampliem a forma\u00e7\u00e3o t\u00e9cnica e o acesso a certifica\u00e7\u00f5es reconhecidas&#8221;, afirma.<\/p>\n\n\n\n<p>Ela ainda continua: &#8220;J\u00e1 os centros de ensino precisam ajustar curr\u00edculos \u00e0 realidade que o mercado enfrenta, promovendo conex\u00f5es reais e a\u00e7\u00f5es pr\u00e1ticas com o que est\u00e1 acontecendo diariamente. E os especialistas j\u00e1 consolidados podem atuar como agentes de transforma\u00e7\u00e3o, compartilhando conhecimento e estimulando um movimento colaborativo para fortalecer o ecossistema de seguran\u00e7a digital&#8221;.<\/p>\n\n\n\n<p class=\"has-medium-font-size\">Sobre o IEEE<\/p>\n\n\n\n<p>O IEEE \u00e9 a maior organiza\u00e7\u00e3o profissional t\u00e9cnica do mundo dedicada ao avan\u00e7o da tecnologia em benef\u00edcio da humanidade. Seus membros inspiram uma comunidade global a inovar para um futuro melhor por meio de seus mais de 420.000 membros em mais de 160 pa\u00edses. Suas publica\u00e7\u00f5es, confer\u00eancias, padr\u00f5es de tecnologia e atividades profissionais s\u00e3o recomendadas por diversos especialistas. O IEEE \u00e9 a fonte confi\u00e1vel para informa\u00e7\u00f5es de engenharia, computa\u00e7\u00e3o e tecnologia em\u00a0todo\u00a0o\u00a0mundo.<\/p>\n","protected":false},"excerpt":{"rendered":"<p>Vivemos em um per\u00edodo de acelerada transforma\u00e7\u00e3o digital, intensificada no Brasil com a maior ado\u00e7\u00e3o do sistema 5G, expans\u00e3o do Pix e uso de Internet das Coisas e Intelig\u00eancia Artificial. Todo esse ecossistema digital, com volume elevado de intersec\u00e7\u00f5es, estimula novos avan\u00e7os. Por outro lado, tamb\u00e9m abre espa\u00e7o para o ataque de vulnerabilidades de sistemas [&hellip;]<\/p>\n","protected":false},"author":1,"featured_media":4810,"comment_status":"open","ping_status":"open","sticky":false,"template":"","format":"standard","meta":{"footnotes":""},"categories":[29],"tags":[],"class_list":["post-4809","post","type-post","status-publish","format-standard","has-post-thumbnail","hentry","category-artigos"],"_links":{"self":[{"href":"https:\/\/diarioparanaense.com\/index.php?rest_route=\/wp\/v2\/posts\/4809","targetHints":{"allow":["GET"]}}],"collection":[{"href":"https:\/\/diarioparanaense.com\/index.php?rest_route=\/wp\/v2\/posts"}],"about":[{"href":"https:\/\/diarioparanaense.com\/index.php?rest_route=\/wp\/v2\/types\/post"}],"author":[{"embeddable":true,"href":"https:\/\/diarioparanaense.com\/index.php?rest_route=\/wp\/v2\/users\/1"}],"replies":[{"embeddable":true,"href":"https:\/\/diarioparanaense.com\/index.php?rest_route=%2Fwp%2Fv2%2Fcomments&post=4809"}],"version-history":[{"count":1,"href":"https:\/\/diarioparanaense.com\/index.php?rest_route=\/wp\/v2\/posts\/4809\/revisions"}],"predecessor-version":[{"id":4811,"href":"https:\/\/diarioparanaense.com\/index.php?rest_route=\/wp\/v2\/posts\/4809\/revisions\/4811"}],"wp:featuredmedia":[{"embeddable":true,"href":"https:\/\/diarioparanaense.com\/index.php?rest_route=\/wp\/v2\/media\/4810"}],"wp:attachment":[{"href":"https:\/\/diarioparanaense.com\/index.php?rest_route=%2Fwp%2Fv2%2Fmedia&parent=4809"}],"wp:term":[{"taxonomy":"category","embeddable":true,"href":"https:\/\/diarioparanaense.com\/index.php?rest_route=%2Fwp%2Fv2%2Fcategories&post=4809"},{"taxonomy":"post_tag","embeddable":true,"href":"https:\/\/diarioparanaense.com\/index.php?rest_route=%2Fwp%2Fv2%2Ftags&post=4809"}],"curies":[{"name":"wp","href":"https:\/\/api.w.org\/{rel}","templated":true}]}}