{"id":4806,"date":"2025-08-13T15:52:58","date_gmt":"2025-08-13T18:52:58","guid":{"rendered":"https:\/\/diarioparanaense.com\/?p=4806"},"modified":"2025-08-13T15:52:59","modified_gmt":"2025-08-13T18:52:59","slug":"em-58-anos-de-historia-ciee-pr-ja-mudou-a-vida-de-quase-2-milhoes-de-jovens-e-estudantes-no-estado","status":"publish","type":"post","link":"https:\/\/diarioparanaense.com\/?p=4806","title":{"rendered":"Em 58 anos de hist\u00f3ria, CIEE\/PR j\u00e1 mudou a vida de quase 2 milh\u00f5es de jovens e estudantes no estado"},"content":{"rendered":"\n<p class=\"has-medium-font-size\"><em>Presente nos 399 munic\u00edpios do Paran\u00e1, com unidades f\u00edsicas e cursos EAD, institui\u00e7\u00e3o celebra trajet\u00f3ria de oportunidades e transforma\u00e7\u00e3o<\/em><\/p>\n\n\n\n<p>Ao longo de quase seis d\u00e9cadas, o Centro de Integra\u00e7\u00e3o Empresa-Escola do Paran\u00e1 (CIEE\/PR) tem sido protagonista na forma\u00e7\u00e3o educacional e profissional de gera\u00e7\u00f5es. Com presen\u00e7a ativa em todo o estado, a institui\u00e7\u00e3o se aproxima da marca de 2 milh\u00f5es de estudantes beneficiados, com a oferta de est\u00e1gios, programas de aprendizagem e capacita\u00e7\u00e3o gratuita com foco em empregabilidade.<\/p>\n\n\n\n<p>Para o presidente da institui\u00e7\u00e3o, Antoninho Caron, o resultado reflete o prop\u00f3sito de transformar vidas por meio da educa\u00e7\u00e3o e do trabalho \u2014 compromisso presente desde o in\u00edcio das atividades, em 14 de agosto de 1967.<\/p>\n\n\n\n<p>\u201cSeguimos firmes nessa miss\u00e3o, com uma atua\u00e7\u00e3o que vai al\u00e9m da forma\u00e7\u00e3o profissional. Temos f\u00e9 no potencial e no desenvolvimento humano e contamos com o empenho de mais de 450 colaboradores que dedicam seu tempo a atender os 399 munic\u00edpios do Paran\u00e1\u201d, destaca.<\/p>\n\n\n\n<p>Segundo ele, os resultados do CIEE\/PR s\u00e3o fruto do trabalho volunt\u00e1rio e comprometido da diretoria, conselheiros e de toda a equipe, que conecta empresas, institui\u00e7\u00f5es de ensino, entidades de classe, federa\u00e7\u00f5es e diversos \u00f3rg\u00e3os. \u201cJuntos, transformamos vidas com educa\u00e7\u00e3o e trabalho, todos os dias\u201d, completa.<\/p>\n\n\n\n<p><strong>Est\u00e1gios, aprendizados e novas trajet\u00f3rias<\/strong><\/p>\n\n\n\n<p>Para a advogada Carla Beux, de 52 anos, h\u00e1 uma preocupa\u00e7\u00e3o genu\u00edna do CIEE\/PR com o jovem em forma\u00e7\u00e3o. Ela, que iniciou sua carreira como estagi\u00e1ria em grandes ambientes corporativos como o Citibank e a Petr\u00f3leo Ipiranga, passou a atuar no direito corporativo, sempre contando com o suporte do Centro na contrata\u00e7\u00e3o de estagi\u00e1rios e na forma\u00e7\u00e3o de novos profissionais.<\/p>\n\n\n\n<p>Hoje, s\u00f3cia e respons\u00e1vel pela gest\u00e3o estrat\u00e9gica e inova\u00e7\u00e3o do escrit\u00f3rio Batista Pereira &amp; Oliveira Advogados, ela acredita que o est\u00e1gio \u00e9 um aprendizado fundamental para a vida e carreira. \u201cPor isso, acolher os jovens com paci\u00eancia e responsabilidade \u00e9 uma miss\u00e3o importante\u201d, salienta.<\/p>\n","protected":false},"excerpt":{"rendered":"<p>Presente nos 399 munic\u00edpios do Paran\u00e1, com unidades f\u00edsicas e cursos EAD, institui\u00e7\u00e3o celebra trajet\u00f3ria de oportunidades e transforma\u00e7\u00e3o Ao longo de quase seis d\u00e9cadas, o Centro de Integra\u00e7\u00e3o Empresa-Escola do Paran\u00e1 (CIEE\/PR) tem sido protagonista na forma\u00e7\u00e3o educacional e profissional de gera\u00e7\u00f5es. Com presen\u00e7a ativa em todo o estado, a institui\u00e7\u00e3o se aproxima da [&hellip;]<\/p>\n","protected":false},"author":1,"featured_media":4807,"comment_status":"open","ping_status":"open","sticky":false,"template":"","format":"standard","meta":{"footnotes":""},"categories":[29],"tags":[],"class_list":["post-4806","post","type-post","status-publish","format-standard","has-post-thumbnail","hentry","category-artigos"],"_links":{"self":[{"href":"https:\/\/diarioparanaense.com\/index.php?rest_route=\/wp\/v2\/posts\/4806","targetHints":{"allow":["GET"]}}],"collection":[{"href":"https:\/\/diarioparanaense.com\/index.php?rest_route=\/wp\/v2\/posts"}],"about":[{"href":"https:\/\/diarioparanaense.com\/index.php?rest_route=\/wp\/v2\/types\/post"}],"author":[{"embeddable":true,"href":"https:\/\/diarioparanaense.com\/index.php?rest_route=\/wp\/v2\/users\/1"}],"replies":[{"embeddable":true,"href":"https:\/\/diarioparanaense.com\/index.php?rest_route=%2Fwp%2Fv2%2Fcomments&post=4806"}],"version-history":[{"count":1,"href":"https:\/\/diarioparanaense.com\/index.php?rest_route=\/wp\/v2\/posts\/4806\/revisions"}],"predecessor-version":[{"id":4808,"href":"https:\/\/diarioparanaense.com\/index.php?rest_route=\/wp\/v2\/posts\/4806\/revisions\/4808"}],"wp:featuredmedia":[{"embeddable":true,"href":"https:\/\/diarioparanaense.com\/index.php?rest_route=\/wp\/v2\/media\/4807"}],"wp:attachment":[{"href":"https:\/\/diarioparanaense.com\/index.php?rest_route=%2Fwp%2Fv2%2Fmedia&parent=4806"}],"wp:term":[{"taxonomy":"category","embeddable":true,"href":"https:\/\/diarioparanaense.com\/index.php?rest_route=%2Fwp%2Fv2%2Fcategories&post=4806"},{"taxonomy":"post_tag","embeddable":true,"href":"https:\/\/diarioparanaense.com\/index.php?rest_route=%2Fwp%2Fv2%2Ftags&post=4806"}],"curies":[{"name":"wp","href":"https:\/\/api.w.org\/{rel}","templated":true}]}}