{"id":4790,"date":"2025-08-11T15:19:15","date_gmt":"2025-08-11T18:19:15","guid":{"rendered":"https:\/\/diarioparanaense.com\/?p=4790"},"modified":"2025-08-11T15:19:20","modified_gmt":"2025-08-11T18:19:20","slug":"projeto-profissionalizante-de-curitiba-lanca-podcast-com-historias-reais-e-inspiradoras","status":"publish","type":"post","link":"https:\/\/diarioparanaense.com\/?p=4790","title":{"rendered":"Projeto profissionalizante de Curitiba lan\u00e7a podcast com hist\u00f3rias reais e inspiradoras"},"content":{"rendered":"\n<p class=\"has-medium-font-size\">&#8220;PodDespertar&#8221;, iniciativa do Despertar Para a Autonomia II, traz epis\u00f3dios sobre empreendedorismo, direitos, sa\u00fade mental e dicas pr\u00e1ticas<\/p>\n\n\n\n<p>Inspirar as pessoas, seja para a pr\u00f3pria autonomia ou para a vida, \u00e9 uma das miss\u00f5es do Despertar Para a Autonomia II. O projeto est\u00e1 na segunda edi\u00e7\u00e3o e \u00e9 realizado pela Associa\u00e7\u00e3o Vov\u00f4 Vitorino, com patroc\u00ednio da Petrobras por meio do Programa Petrobras Socioambiental. Agora, al\u00e9m de oferecer cursos gratuitos para a comunidade do Tatuquara, em Curitiba, e de Arauc\u00e1ria (PR), o projeto amplia sua atua\u00e7\u00e3o com o lan\u00e7amento do PodDespertar. O podcast ter\u00e1 22 epis\u00f3dios e contar\u00e1 hist\u00f3rias de impacto, al\u00e9m de levar informa\u00e7\u00f5es relevantes para o p\u00fablico.&nbsp;<\/p>\n\n\n\n<p>O primeiro epis\u00f3dio foi lan\u00e7ado no \u00faltimo dia 31, e traz a entrevistada Maria J\u00falia Xavier, filha de Vitorino Xavier \u2013 que inspirou a cria\u00e7\u00e3o da Associa\u00e7\u00e3o \u2013 e coordenadora de projetos. \u201cO PodDespertar vem como um complemento de todos a\u00e7\u00f5es do Projeto Despertar Para Autonomia,&nbsp; bem como contribuir na divulga\u00e7\u00e3o de assuntos importantes&nbsp; para a comunidade,&nbsp; e um incentivo aos participantes e colaboradores da Associa\u00e7\u00e3o Vov\u00f4 Vitorino. Acredito que ser\u00e1 uma maneira de mostrar os resultados de todas as atividades que estamos desenvolvendo, no Tatuquara, Caximba, Campo de Santana e Arauc\u00e1ria\u201d, afirma.&nbsp;<\/p>\n\n\n\n<p>A apresenta\u00e7\u00e3o \u00e9 conduzida por Elisa Carvalho, comunicadora formada em Letras e apaixonada por podcasts. Ela garante que o conte\u00fado do PodDespertar \u00e9 pensado para alcan\u00e7ar o p\u00fablico com objetividade e descontra\u00e7\u00e3o. Cada epis\u00f3dio trar\u00e1 um tema e formato diferentes: o bate-papo entre a apresentadora e convidados, com entrevistas de ex-alunos, especialistas e equipe, leva o nome de Despertar!; Sementes de Autonomia abordar\u00e1 um conte\u00fado informativo e focado no empreendedorismo; Direito em Movimento trar\u00e1 informa\u00e7\u00f5es sobre acesso a direitos e o Vov\u00f4 Vitorino &#8211; Uma hist\u00f3ria viva, nesta primeira temporada, contar\u00e1 a hist\u00f3ria da Associa\u00e7\u00e3o em 5 cap\u00edtulos.&nbsp;&nbsp;<\/p>\n\n\n\n<p class=\"has-medium-font-size\">Epis\u00f3dios ser\u00e3o focados para a comunidade<\/p>\n\n\n\n<p>Os lan\u00e7amentos ocorrer\u00e3o sempre \u00e0s quintas-feiras, e os epis\u00f3dios ficar\u00e3o dispon\u00edveis nos canais do Spotify e YouTube do projeto. Cada entrevistado e assunto que far\u00e1 parte das grava\u00e7\u00f5es est\u00e1 sendo escolhido de forma estrat\u00e9gica e pensada no p\u00fablico do projeto, que s\u00e3o, principalmente, os moradores e participantes do Despertar Para a Autonomia II. A ideia \u00e9 que o podcast, gravado na sede da Associa\u00e7\u00e3o, seja uma fonte confi\u00e1vel para que a comunidade possa se informar e at\u00e9 mesmo colocar em pr\u00e1tica as dicas e sugest\u00f5es dadas.&nbsp;<\/p>\n\n\n\n<p>Entre os assuntos abordados durante os epis\u00f3dios da primeira temporada, est\u00e3o temas como empreendedorismo, marketing, sa\u00fade mental, autonomia e educa\u00e7\u00e3o \u2013 j\u00e1 abordados nos cursos do Despertar Para a Autonomia II. O projeto oferece, al\u00e9m das capacita\u00e7\u00f5es, oficinas socioemocionais e focadas para os alunos que buscam empreender e em alguns cursos, material de apoio. A ideia \u00e9 que, al\u00e9m de sair formado, a pessoa consiga exercer a fun\u00e7\u00e3o de forma plena desde o primeiro dia.<\/p>\n\n\n\n<p>\u201cO podcast ser\u00e1 um complemento do que os alunos formados pelo Despertar Para a Autonomia j\u00e1 aprenderam. Os ouvintes poder\u00e3o utilizar o espa\u00e7o para se atualizar de novas tend\u00eancias, aprender outros assuntos de empreendedorismo e at\u00e9 mesmo receber dicas para seus neg\u00f3cios e tamb\u00e9m para suas demandas pessoais. As hist\u00f3rias ser\u00e3o uma maneira de vermos que a constru\u00e7\u00e3o de tudo que h\u00e1 hoje, \u00e9 fruto de algo muito lindo feito h\u00e1 anos\u201d, destaca Amanda Santana, coordenadora administrativa da Associa\u00e7\u00e3o.<\/p>\n\n\n\n<p class=\"has-medium-font-size\">Empreendedorismo feminino ser\u00e1 destaque<\/p>\n\n\n\n<p>Seguindo o que o Despertar Para a Autonomia II defende, o segundo epis\u00f3dio \u201cNeg\u00f3cio de Mulher: ideias para Empreender sem sair de casa\u201d ser\u00e1 dedicado para mulheres que desejam iniciar no empreendedorismo, mas tamb\u00e9m precisam conciliar os cuidados com a fam\u00edlia e a casa. Segundo dados mais recentes do Sebrae, as mulheres representam 34% das pessoas empreendedoras do pa\u00eds e a tend\u00eancia \u00e9 que o cen\u00e1rio continue crescendo, apesar da dupla jornada ainda existir.<\/p>\n\n\n\n<p>Muitas mulheres desejam ganhar sua autonomia financeira, mas com os cuidados da casa e at\u00e9 mesmo as responsabilidades com os filhos, sair de casa para um emprego fixo torna-se invi\u00e1vel. Com as dicas do epis\u00f3dio e com as capacita\u00e7\u00f5es do projeto, as novas profissionais conseguem conciliar os dois mundos e ganhar autoestima e a t\u00e3o sonhada autonomia. \u201cFeito \u00e9 melhor do que perfeito. Acreditamos no poder do movimento \u2013 mesmo que pequeno. O importante \u00e9 dar o primeiro passo\u201d, afirma Elisa ao final do epis\u00f3dio.&nbsp;&nbsp;<\/p>\n\n\n\n<p>Para acompanhar os epis\u00f3dios, acesse o canal do YouTube ou pelo Spotify.<\/p>\n\n\n\n<p class=\"has-medium-font-size\">Sobre o Despertar Para a Autonomia&nbsp;<\/p>\n\n\n\n<p>O Projeto \u00e9 uma realiza\u00e7\u00e3o da Associa\u00e7\u00e3o Vov\u00f4 Vitorino, em parceria com a Petrobras, por meio do Programa Petrobras Socioambiental, e est\u00e1 na sua segunda edi\u00e7\u00e3o. O programa oferece cursos de capacita\u00e7\u00e3o profissional para moradores do Tatuquara e de Arauc\u00e1ria (PR). Em sua primeira edi\u00e7\u00e3o, entre 2021 e 2023, a iniciativa formou 520 pessoas em 13 cursos, e a expectativa \u00e9 que nos pr\u00f3ximos tr\u00eas anos, mais 1.500 concluam as forma\u00e7\u00f5es em \u00e1reas como gastronomia, beleza, ind\u00fastria, gest\u00e3o, tecnologia e constru\u00e7\u00e3o civil. Para mais informa\u00e7\u00f5es, acesse <a href=\"https:\/\/www.instagram.com\/despertarparaautonomia\/\">https:\/\/www.instagram.com\/despertarparaautonomia\/<\/a> ou entre em contato pelo telefone 41 98466-1250.<\/p>\n\n\n\n<p class=\"has-medium-font-size\">Sobre a Associa\u00e7\u00e3o Vov\u00f4 Vitorino<\/p>\n\n\n\n<p>Fundada em 1992, a Associa\u00e7\u00e3o Vov\u00f4 Vitorino atua na prote\u00e7\u00e3o da inf\u00e2ncia e apoia o desenvolvimento da comunidade do Tatuquara e regi\u00e3o, nas \u00e1reas da assist\u00eancia social, educa\u00e7\u00e3o e implementa\u00e7\u00e3o de projetos que visam a sustentabilidade ambiental, como o Reciclar \u00e9 Viver, que em 2024 retirou mais de 577 kg de materiais recicl\u00e1veis das ruas e recebeu, em 2009, o Pr\u00eamio Betinho &#8211; Atitude Cidad\u00e3, e em 2012, o Trof\u00e9u Zilda Arns, na categoria meio ambiente. Al\u00e9m do fortalecimento de v\u00ednculos, com um grupo que atende cerca de 100 crian\u00e7as de 7 a 13 anos e as capacita\u00e7\u00f5es profissionais, que j\u00e1 formaram mais de 1500 pessoas. Anualmente, a organiza\u00e7\u00e3o realiza um pr\u00eamio, o Trof\u00e9u Vitorino Xavier, que reconhece iniciativas e l\u00edderes que trouxeram benfeitorias para suas comunidades. Al\u00e9m do bazar que \u00e9 promovido todos os meses, apoiando a economia solid\u00e1ria e circular e possibilitando que roupas que n\u00e3o t\u00eam mais uso para algumas pessoas tenham um&nbsp;novo&nbsp;destino.<\/p>\n","protected":false},"excerpt":{"rendered":"<p>&#8220;PodDespertar&#8221;, iniciativa do Despertar Para a Autonomia II, traz epis\u00f3dios sobre empreendedorismo, direitos, sa\u00fade mental e dicas pr\u00e1ticas Inspirar as pessoas, seja para a pr\u00f3pria autonomia ou para a vida, \u00e9 uma das miss\u00f5es do Despertar Para a Autonomia II. O projeto est\u00e1 na segunda edi\u00e7\u00e3o e \u00e9 realizado pela Associa\u00e7\u00e3o Vov\u00f4 Vitorino, com patroc\u00ednio [&hellip;]<\/p>\n","protected":false},"author":1,"featured_media":4791,"comment_status":"open","ping_status":"open","sticky":false,"template":"","format":"standard","meta":{"footnotes":""},"categories":[29,428],"tags":[],"class_list":["post-4790","post","type-post","status-publish","format-standard","has-post-thumbnail","hentry","category-artigos","category-brasil"],"_links":{"self":[{"href":"https:\/\/diarioparanaense.com\/index.php?rest_route=\/wp\/v2\/posts\/4790","targetHints":{"allow":["GET"]}}],"collection":[{"href":"https:\/\/diarioparanaense.com\/index.php?rest_route=\/wp\/v2\/posts"}],"about":[{"href":"https:\/\/diarioparanaense.com\/index.php?rest_route=\/wp\/v2\/types\/post"}],"author":[{"embeddable":true,"href":"https:\/\/diarioparanaense.com\/index.php?rest_route=\/wp\/v2\/users\/1"}],"replies":[{"embeddable":true,"href":"https:\/\/diarioparanaense.com\/index.php?rest_route=%2Fwp%2Fv2%2Fcomments&post=4790"}],"version-history":[{"count":1,"href":"https:\/\/diarioparanaense.com\/index.php?rest_route=\/wp\/v2\/posts\/4790\/revisions"}],"predecessor-version":[{"id":4792,"href":"https:\/\/diarioparanaense.com\/index.php?rest_route=\/wp\/v2\/posts\/4790\/revisions\/4792"}],"wp:featuredmedia":[{"embeddable":true,"href":"https:\/\/diarioparanaense.com\/index.php?rest_route=\/wp\/v2\/media\/4791"}],"wp:attachment":[{"href":"https:\/\/diarioparanaense.com\/index.php?rest_route=%2Fwp%2Fv2%2Fmedia&parent=4790"}],"wp:term":[{"taxonomy":"category","embeddable":true,"href":"https:\/\/diarioparanaense.com\/index.php?rest_route=%2Fwp%2Fv2%2Fcategories&post=4790"},{"taxonomy":"post_tag","embeddable":true,"href":"https:\/\/diarioparanaense.com\/index.php?rest_route=%2Fwp%2Fv2%2Ftags&post=4790"}],"curies":[{"name":"wp","href":"https:\/\/api.w.org\/{rel}","templated":true}]}}