{"id":4786,"date":"2025-08-11T15:13:27","date_gmt":"2025-08-11T18:13:27","guid":{"rendered":"https:\/\/diarioparanaense.com\/?p=4786"},"modified":"2025-08-11T15:13:27","modified_gmt":"2025-08-11T18:13:27","slug":"farmaceuticas-curitibanas-lancam-suplemento-com-foco-em-longevidade-imunidade-e-estetica","status":"publish","type":"post","link":"https:\/\/diarioparanaense.com\/?p=4786","title":{"rendered":"Farmac\u00eauticas curitibanas lan\u00e7am suplemento com foco em longevidade, imunidade e est\u00e9tica"},"content":{"rendered":"\n<p class=\"has-medium-font-size\">Com foco em resultados reais, a marca criada por duas farmac\u00eauticas de Curitiba, lan\u00e7a suplemento com f\u00f3rmula exclusiva e que promove sa\u00fade e bem-estar de dentro para fora<\/p>\n\n\n\n<p>A Nuali chega ao mercado nacional de suplementos para transformar a experi\u00eancia de quem busca sa\u00fade aliada \u00e0 apar\u00eancia. A marca combina ci\u00eancia e efic\u00e1cia para entregar um col\u00e1geno premium pensado para refor\u00e7ar a beleza de dentro para fora, sem abrir m\u00e3o da sa\u00fade e do bem-estar.<\/p>\n\n\n\n<p>Fundada pela Dra. Emelly Caroline Tremarin e pela Dra. Regiane Moura Rosa, a Nuali surge como resultado de uma parceria constru\u00edda ao longo de anos de di\u00e1logo e excel\u00eancia. Emelly traz 11 anos de atua\u00e7\u00e3o como farmac\u00eautica, com especializa\u00e7\u00e3o em farmacologia e sa\u00fade da mulher, al\u00e9m de experi\u00eancia em farm\u00e1cia hospitalar e cl\u00ednica. Regiane, com trajet\u00f3ria em est\u00e9tica e f\u00f3rmulas personalizadas, compartilhou a mesma vis\u00e3o de unir sa\u00fade e um estilo de vida equilibrado.<\/p>\n\n\n\n<p>Juntas, Dra\u202fEmelly e Dra\u202fRegiane lan\u00e7am a Nuali com um prop\u00f3sito claro: oferecer a mulheres e homens que valorizam longevidade, beleza e bem-estar, um suplemento de col\u00e1geno verdadeiramente transformador.<\/p>\n\n\n\n<p>A f\u00f3rmula exclusiva da Nuali vai al\u00e9m do col\u00e1geno hidrolisado comum. Desenvolvida para maximizar resultados, ela combina \u00e1cido hialur\u00f4nico, sil\u00edcio org\u00e2nico e uma dose completa de vitamina\u202fC para garantir absor\u00e7\u00e3o potencializada do suplemento. O mix tamb\u00e9m traz zinco, sel\u00eanio, \u00e1cido f\u00f3lico e cromo \u2014 micronutrientes que promovem equil\u00edbrio hormonal, imunidade e nutri\u00e7\u00e3o preventiva. Tudo isso em um r\u00f3tulo limpo: zero a\u00e7\u00facar, gordura, gl\u00faten ou lactose.<\/p>\n\n\n\n<p>\u201cA Nuali nasceu do desejo de unir expertise farmac\u00eautica com a rela\u00e7\u00e3o real que temos com nossos pacientes. Queremos oferecer algo que funcione tanto na est\u00e9tica quanto na sa\u00fade preventiva, com transpar\u00eancia e seguran\u00e7a\u201d, diz a Dra.\u202fEmelly.<\/p>\n\n\n\n<p>Mais que beleza, a marca aposta em bem-estar duradouro. A Dra.\u202fRegiane complementa: \u201cPensamos na mulher e no homem modernos, que buscam performance no treino, firmeza na pele e sa\u00fade de dentro para fora. Essa soma de benef\u00edcios diferencia a Nuali.\u201d<\/p>\n\n\n\n<p>Essa estreia marca o in\u00edcio de uma trajet\u00f3ria de inova\u00e7\u00e3o. A Nuali chega para elevar os padr\u00f5es da suplementa\u00e7\u00e3o, com produtos que unem efic\u00e1cia real, consci\u00eancia e sofistica\u00e7\u00e3o.<\/p>\n\n\n\n<p class=\"has-medium-font-size\">Sobre a Nuali<\/p>\n\n\n\n<p>Nuali \u00e9 uma marca nacional de suplementos, idealizada pelas farmac\u00eauticas Dra. Emelly Tremarin e Dra. Regiane Moura Rosa. Voltada ao p\u00fablico que busca suplementa\u00e7\u00e3o eficaz com resultados vis\u00edveis, a empresa prioriza formula\u00e7\u00f5es inteligentes, ingredientes ativos de alto desempenho e r\u00f3tulos limpos \u2014 sempre com foco em sa\u00fade, longevidade e beleza natural.<br><a href=\"https:\/\/www.instagram.com\/nualioficial\">https:\/\/www.instagram.com\/nualioficial<\/a><\/p>\n","protected":false},"excerpt":{"rendered":"<p>Com foco em resultados reais, a marca criada por duas farmac\u00eauticas de Curitiba, lan\u00e7a suplemento com f\u00f3rmula exclusiva e que promove sa\u00fade e bem-estar de dentro para fora A Nuali chega ao mercado nacional de suplementos para transformar a experi\u00eancia de quem busca sa\u00fade aliada \u00e0 apar\u00eancia. A marca combina ci\u00eancia e efic\u00e1cia para entregar [&hellip;]<\/p>\n","protected":false},"author":1,"featured_media":4788,"comment_status":"open","ping_status":"open","sticky":false,"template":"","format":"standard","meta":{"footnotes":""},"categories":[29,424,324],"tags":[],"class_list":["post-4786","post","type-post","status-publish","format-standard","has-post-thumbnail","hentry","category-artigos","category-curitiba","category-negocios"],"_links":{"self":[{"href":"https:\/\/diarioparanaense.com\/index.php?rest_route=\/wp\/v2\/posts\/4786","targetHints":{"allow":["GET"]}}],"collection":[{"href":"https:\/\/diarioparanaense.com\/index.php?rest_route=\/wp\/v2\/posts"}],"about":[{"href":"https:\/\/diarioparanaense.com\/index.php?rest_route=\/wp\/v2\/types\/post"}],"author":[{"embeddable":true,"href":"https:\/\/diarioparanaense.com\/index.php?rest_route=\/wp\/v2\/users\/1"}],"replies":[{"embeddable":true,"href":"https:\/\/diarioparanaense.com\/index.php?rest_route=%2Fwp%2Fv2%2Fcomments&post=4786"}],"version-history":[{"count":1,"href":"https:\/\/diarioparanaense.com\/index.php?rest_route=\/wp\/v2\/posts\/4786\/revisions"}],"predecessor-version":[{"id":4789,"href":"https:\/\/diarioparanaense.com\/index.php?rest_route=\/wp\/v2\/posts\/4786\/revisions\/4789"}],"wp:featuredmedia":[{"embeddable":true,"href":"https:\/\/diarioparanaense.com\/index.php?rest_route=\/wp\/v2\/media\/4788"}],"wp:attachment":[{"href":"https:\/\/diarioparanaense.com\/index.php?rest_route=%2Fwp%2Fv2%2Fmedia&parent=4786"}],"wp:term":[{"taxonomy":"category","embeddable":true,"href":"https:\/\/diarioparanaense.com\/index.php?rest_route=%2Fwp%2Fv2%2Fcategories&post=4786"},{"taxonomy":"post_tag","embeddable":true,"href":"https:\/\/diarioparanaense.com\/index.php?rest_route=%2Fwp%2Fv2%2Ftags&post=4786"}],"curies":[{"name":"wp","href":"https:\/\/api.w.org\/{rel}","templated":true}]}}