{"id":4782,"date":"2025-08-11T10:56:53","date_gmt":"2025-08-11T13:56:53","guid":{"rendered":"https:\/\/diarioparanaense.com\/?p=4782"},"modified":"2025-08-11T10:56:53","modified_gmt":"2025-08-11T13:56:53","slug":"psicanalista-reune-50-anos-de-trabalho-em-livro-inspirado-em-lacan-e-james-joyce","status":"publish","type":"post","link":"https:\/\/diarioparanaense.com\/?p=4782","title":{"rendered":"Psicanalista re\u00fane 50 anos de trabalho em livro inspirado em Lacan e James Joyce"},"content":{"rendered":"\n<p class=\"has-medium-font-size\">Obra de L\u00e9o Cardon ser\u00e1 lan\u00e7ada na Livraria do Chain.<br>Autor \u00e9 m\u00e9dico e atua no Programa DEDICA, dos Amigos do HC<\/p>\n\n\n\n<p>O psicanalista L\u00e9o Cardon lan\u00e7a seu primeiro livro solo, Heresias Lacanianas, no pr\u00f3ximo s\u00e1bado (16), \u00e0s 9h30, na tradicional Livraria do Chain, no Centro. A obra re\u00fane textos t\u00e9cnicos sobre pr\u00e1ticas cl\u00ednicas da psican\u00e1lise voltadas \u00e0 tratamentos de sa\u00fade mental para adolescentes e adultos, elaboradas ao longo de 50 anos, durante per\u00edodos em que morou em Paris, Buenos Aires e Curitiba.<\/p>\n\n\n\n<p>Publicada pela Contravento Editorial, a obra conecta dois universos complexos: Jacques Lacan, psicanalista franc\u00eas, e James Joyce, considerado um dos maiores romancistas do s\u00e9culo 20. Com erudi\u00e7\u00e3o, criatividade e alma investigadora, Cardon mergulha na obra desses dois gigantes para extrair reflex\u00f5es preciosas.<\/p>\n\n\n\n<p>M\u00e9dico formado pela Universidade Federal do Paran\u00e1 (UFPR), L\u00e9o Cardon teve forma\u00e7\u00e3o psicanal\u00edtica pela Asociaci\u00f3n Psicoanal\u00edtica Argentina, entre os anos de 1977 e 1981. \u00c9 membro da Asociaci\u00f3n Psicoanal\u00edtica Internacional desde 1981, fundador e ex-chefe do Servi\u00e7o de Psicopatologia do Hospital de Cl\u00ednicas da UFPR e membro do programa DEDICA (Defesa dos Direitos da Crian\u00e7a e do Adolescente), projeto lan\u00e7ado em 2004 e mantido pelos Amigos do HC, desde 2016.<\/p>\n\n\n\n<p>Como psicanalista no DEDICA, Cardon atua ao lado da Dra. Luci Pfeiffer, m\u00e9dica pediatra e coordenadora do programa. \u201cNo DEDICA, a psican\u00e1lise atua como uma linha de trabalho paralelo \u00e0 atividades transdisciplinares, ou seja, cada profissional est\u00e1 alinhado com outras disciplinas para que o tratamento seja efetivo. \u00c9 uma linha de trabalho que tem uma indica\u00e7\u00e3o clara no caso de crian\u00e7as e adolescentes que passaram por viol\u00eancia grave ou grav\u00edssima\u201d, afirma Cardon.<\/p>\n\n\n\n<p>Mais que um lan\u00e7amento liter\u00e1rio, Heresias Lacanianas \u00e9 uma conquista que mostra a pot\u00eancia transformadora da escuta, da arte e do saber.<\/p>\n\n\n\n<p class=\"has-medium-font-size\">Servi\u00e7o:<\/p>\n\n\n\n<p>Lan\u00e7amento do livro Heresias Lacanianas<br>Data: 16\/08<br>Hor\u00e1rio: 9h30<br>Local: Livraria do Chaim<br>Endere\u00e7o: R. Gen. Carneiro,&nbsp;441&nbsp;&#8211;&nbsp;Centro<\/p>\n","protected":false},"excerpt":{"rendered":"<p>Obra de L\u00e9o Cardon ser\u00e1 lan\u00e7ada na Livraria do Chain.Autor \u00e9 m\u00e9dico e atua no Programa DEDICA, dos Amigos do HC O psicanalista L\u00e9o Cardon lan\u00e7a seu primeiro livro solo, Heresias Lacanianas, no pr\u00f3ximo s\u00e1bado (16), \u00e0s 9h30, na tradicional Livraria do Chain, no Centro. A obra re\u00fane textos t\u00e9cnicos sobre pr\u00e1ticas cl\u00ednicas da psican\u00e1lise [&hellip;]<\/p>\n","protected":false},"author":1,"featured_media":4783,"comment_status":"open","ping_status":"open","sticky":false,"template":"","format":"standard","meta":{"footnotes":""},"categories":[29,142],"tags":[],"class_list":["post-4782","post","type-post","status-publish","format-standard","has-post-thumbnail","hentry","category-artigos","category-literatura"],"_links":{"self":[{"href":"https:\/\/diarioparanaense.com\/index.php?rest_route=\/wp\/v2\/posts\/4782","targetHints":{"allow":["GET"]}}],"collection":[{"href":"https:\/\/diarioparanaense.com\/index.php?rest_route=\/wp\/v2\/posts"}],"about":[{"href":"https:\/\/diarioparanaense.com\/index.php?rest_route=\/wp\/v2\/types\/post"}],"author":[{"embeddable":true,"href":"https:\/\/diarioparanaense.com\/index.php?rest_route=\/wp\/v2\/users\/1"}],"replies":[{"embeddable":true,"href":"https:\/\/diarioparanaense.com\/index.php?rest_route=%2Fwp%2Fv2%2Fcomments&post=4782"}],"version-history":[{"count":1,"href":"https:\/\/diarioparanaense.com\/index.php?rest_route=\/wp\/v2\/posts\/4782\/revisions"}],"predecessor-version":[{"id":4784,"href":"https:\/\/diarioparanaense.com\/index.php?rest_route=\/wp\/v2\/posts\/4782\/revisions\/4784"}],"wp:featuredmedia":[{"embeddable":true,"href":"https:\/\/diarioparanaense.com\/index.php?rest_route=\/wp\/v2\/media\/4783"}],"wp:attachment":[{"href":"https:\/\/diarioparanaense.com\/index.php?rest_route=%2Fwp%2Fv2%2Fmedia&parent=4782"}],"wp:term":[{"taxonomy":"category","embeddable":true,"href":"https:\/\/diarioparanaense.com\/index.php?rest_route=%2Fwp%2Fv2%2Fcategories&post=4782"},{"taxonomy":"post_tag","embeddable":true,"href":"https:\/\/diarioparanaense.com\/index.php?rest_route=%2Fwp%2Fv2%2Ftags&post=4782"}],"curies":[{"name":"wp","href":"https:\/\/api.w.org\/{rel}","templated":true}]}}