{"id":4779,"date":"2025-08-07T16:50:11","date_gmt":"2025-08-07T19:50:11","guid":{"rendered":"https:\/\/diarioparanaense.com\/?p=4779"},"modified":"2025-08-07T16:50:11","modified_gmt":"2025-08-07T19:50:11","slug":"dia-dos-pais-com-musica-gastronomia-e-arte-e-na-rua-da-musica-a-mais-nova-atracao-do-parque-jaime-lerner","status":"publish","type":"post","link":"https:\/\/diarioparanaense.com\/?p=4779","title":{"rendered":"Dia dos Pais com m\u00fasica, gastronomia e arte \u00e9 na Rua da M\u00fasica, a mais nova atra\u00e7\u00e3o do Parque Jaime Lerner"},"content":{"rendered":"\n<p>A Rua da M\u00fasica \u00e9 a mais nova atra\u00e7\u00e3o de Curitiba e a op\u00e7\u00e3o ideal para pais que curtem m\u00fasica, gastronomia, arte e, claro, um bom passeio ao ar livre. Com programa\u00e7\u00e3o musical, opera\u00e7\u00f5es gastron\u00f4micas e contato com a natureza, tamb\u00e9m traz um espa\u00e7o dedicado \u00e0s crian\u00e7as para um dia repleto de experi\u00eancias para toda a fam\u00edlia neste Dia dos Pais.&nbsp; O espa\u00e7o re\u00fane bares e restaurantes tem\u00e1ticos, instala\u00e7\u00f5es art\u00edsticas e interven\u00e7\u00f5es culturais permanentes, est\u00fadio de grava\u00e7\u00e3o e o museu dedicado \u00e0 obra do poeta curitibano Paulo Leminski.<\/p>\n\n\n\n<p>Inaugurada h\u00e1 menos de um m\u00eas, a Rua da M\u00fasica \u00e9 o elo de liga\u00e7\u00e3o entre a Pedreira Paulo Leminski e a \u00d3pera de Arame, integrando os espa\u00e7os de visita\u00e7\u00e3o do Parque Jaime Lerner. O local abre de ter\u00e7a a domingo a partir das 10h.&nbsp; Moradores de Curitiba e Regi\u00e3o Metropolitana podem visitar o local gratuitamente de ter\u00e7a a sexta-feira e pagam meia-entrada aos s\u00e1bados e domingos. No per\u00edodo noturno, a partir das 18h, a entrada \u00e9 franca para todos.<\/p>\n\n\n\n<p><br><strong>Restaurantes e bares da Rua da M\u00fasica<\/strong><\/p>\n\n\n\n<p>Cana Benta &#8211; bar e restaurante com a pegada comida de boteco, \u00e9 famoso por suas cacha\u00e7as especiais e clima descontra\u00eddo, perfeito para um happy hour com os amigos com muita brasilidade.<\/p>\n\n\n\n<p>C\u00e3o V\u00e9io &#8211; gastropub moderno com assinatura do Masterchef Henrique Foga\u00e7a em parceria com Badau\u00ed, vocalista da banda CPM22, que une sandu\u00edches criativos e uma excelente carta de drinks e chopes artesanais. \u00c9 a segunda unidade na cidade.<\/p>\n\n\n\n<p>Ernesto Music Hall &#8211; assinado pelo chef Dudu Sperandio, o restaurante combina t\u00e9cnicas modernas com a tradi\u00e7\u00e3o italiana em pratos autorais num ambiente intimista. Na Rua da M\u00fasica, o Ernesto se lan\u00e7a no estilo Music Hall, com um repert\u00f3rio e ambiente de jazz, blues e classic rock.<\/p>\n\n\n\n<p>Mustang Sally &#8211; inspirado na cultura americana e mexicana e o esp\u00edrito vibrante dos diners dos anos 60 com o tempero tex-mex, o restaurante possui diversas unidades espalhadas por Curitiba e lan\u00e7a sua primeira sede com novo posicionamento de marca e de interiores. A trilha sonora nos leva a uma viagem sonora pelos grandes hits do rock\u2019n\u2019pop.<\/p>\n\n\n\n<p>Olaria do Parque -ao lado do Mirante da \u00d3pera com vista in\u00e9dita do teatro \u00d3pera de Arame, o Ol\u00e1 trabalha com card\u00e1pio all day com op\u00e7\u00f5es desde o caf\u00e9 da manh\u00e3 at\u00e9 o jantar.<\/p>\n\n\n\n<p>Rosso &#8211; opera\u00e7\u00e3o ao ar livre em frente ao palco musical do projeto, o Rosso nasce com um conceito moderno de bar que combina coquetelaria autoral e cl\u00e1ssica com um card\u00e1pio de comidas para compartilhar.<\/p>\n\n\n\n<p><strong>Servi\u00e7o:<\/strong><br>Rua da M\u00fasica &#8211; Rua Jo\u00e3o Gava, 970<\/p>\n\n\n\n<p>Ingressos: R$ 25,00 e R$ 12,50 (meia entrada)<\/p>\n\n\n\n<p>Hor\u00e1rio de funcionamento:<\/p>\n\n\n\n<p>de ter\u00e7a a quinta, das 10h \u00e0s 23h.<\/p>\n\n\n\n<p>Sexta e s\u00e1bado, das 10h \u00e0s 00h.<\/p>\n\n\n\n<p>Domingo, das 10h \u00e0s 18h.<\/p>\n\n\n\n<p>A partir das 18h: entrada gratuita para todos.<\/p>\n\n\n\n<p>***Moradores de Curitiba e Regi\u00e3o Metropolitana: ter\u00e7a a sexta-feira: entrada gratuita. S\u00e1bados e domingos: meia-entrada mediante apresenta\u00e7\u00e3o de comprovante de resid\u00eancia e documento com foto diretamente na bilheteria ou cadastro no site do Parque Jaime Lerner &#8211; Disk Ingressos.<\/p>\n","protected":false},"excerpt":{"rendered":"<p>A Rua da M\u00fasica \u00e9 a mais nova atra\u00e7\u00e3o de Curitiba e a op\u00e7\u00e3o ideal para pais que curtem m\u00fasica, gastronomia, arte e, claro, um bom passeio ao ar livre. Com programa\u00e7\u00e3o musical, opera\u00e7\u00f5es gastron\u00f4micas e contato com a natureza, tamb\u00e9m traz um espa\u00e7o dedicado \u00e0s crian\u00e7as para um dia repleto de experi\u00eancias para toda [&hellip;]<\/p>\n","protected":false},"author":1,"featured_media":4780,"comment_status":"open","ping_status":"open","sticky":false,"template":"","format":"standard","meta":{"footnotes":""},"categories":[424,186],"tags":[],"class_list":["post-4779","post","type-post","status-publish","format-standard","has-post-thumbnail","hentry","category-curitiba","category-eventos"],"_links":{"self":[{"href":"https:\/\/diarioparanaense.com\/index.php?rest_route=\/wp\/v2\/posts\/4779","targetHints":{"allow":["GET"]}}],"collection":[{"href":"https:\/\/diarioparanaense.com\/index.php?rest_route=\/wp\/v2\/posts"}],"about":[{"href":"https:\/\/diarioparanaense.com\/index.php?rest_route=\/wp\/v2\/types\/post"}],"author":[{"embeddable":true,"href":"https:\/\/diarioparanaense.com\/index.php?rest_route=\/wp\/v2\/users\/1"}],"replies":[{"embeddable":true,"href":"https:\/\/diarioparanaense.com\/index.php?rest_route=%2Fwp%2Fv2%2Fcomments&post=4779"}],"version-history":[{"count":1,"href":"https:\/\/diarioparanaense.com\/index.php?rest_route=\/wp\/v2\/posts\/4779\/revisions"}],"predecessor-version":[{"id":4781,"href":"https:\/\/diarioparanaense.com\/index.php?rest_route=\/wp\/v2\/posts\/4779\/revisions\/4781"}],"wp:featuredmedia":[{"embeddable":true,"href":"https:\/\/diarioparanaense.com\/index.php?rest_route=\/wp\/v2\/media\/4780"}],"wp:attachment":[{"href":"https:\/\/diarioparanaense.com\/index.php?rest_route=%2Fwp%2Fv2%2Fmedia&parent=4779"}],"wp:term":[{"taxonomy":"category","embeddable":true,"href":"https:\/\/diarioparanaense.com\/index.php?rest_route=%2Fwp%2Fv2%2Fcategories&post=4779"},{"taxonomy":"post_tag","embeddable":true,"href":"https:\/\/diarioparanaense.com\/index.php?rest_route=%2Fwp%2Fv2%2Ftags&post=4779"}],"curies":[{"name":"wp","href":"https:\/\/api.w.org\/{rel}","templated":true}]}}