{"id":4746,"date":"2025-08-05T13:48:41","date_gmt":"2025-08-05T16:48:41","guid":{"rendered":"https:\/\/diarioparanaense.com\/?p=4746"},"modified":"2025-08-05T13:48:42","modified_gmt":"2025-08-05T16:48:42","slug":"savana-anuncia-a-venda-do-novo-axor-2025-e-reforca-compromisso-com-solucoes-completas-para-o-transporte-rodoviario","status":"publish","type":"post","link":"https:\/\/diarioparanaense.com\/?p=4746","title":{"rendered":"Savana anuncia a venda do novo Axor 2025 e refor\u00e7a compromisso com solu\u00e7\u00f5es completas para o transporte rodovi\u00e1rio"},"content":{"rendered":"\n<p class=\"has-medium-font-size\">Novo modelo aposta em motor Euro 6, chassi refor\u00e7ado e cabine mais ergon\u00f4mica<\/p>\n\n\n\n<p>Paran\u00e1, 5 de agosto de 2025 \u2013\u00a0As unidades da Savana, concession\u00e1ria Mercedes-Benz integrante do Grupo \u00c1guia Branca, contam com o novo Axor 2025 nas vers\u00f5es 2038 4&#215;2 e 2545 6&#215;2. Com foco em robustez, efici\u00eancia e tecnologia embarcada, o modelo marca um novo momento da montadora no segmento de extrapesados e j\u00e1 est\u00e1 dispon\u00edvel para demonstra\u00e7\u00f5es e venda com o suporte t\u00e9cnico e comercial que s\u00e3o a marca registrada da Savana no Paran\u00e1, em Santa Catarina e S\u00e3o Paulo.<\/p>\n\n\n\n<p>Mais do que disponibilizar o novo produto, a chegada do Axor 2025 \u00e0s filiais da rede refor\u00e7a a proposta da Savana de entregar ao cliente uma experi\u00eancia completa: atendimento especializado, p\u00f3s-venda estruturado, pronta entrega em diversas especifica\u00e7\u00f5es e acompanhamento t\u00e9cnico para frotas de todos os portes. Em um momento em que a Mercedes-Benz retoma o modelo com visual renovado e solu\u00e7\u00f5es mec\u00e2nicas aprimoradas, a Savana se diferencia ao garantir a agilidade, proximidade e confian\u00e7a que o transportador precisa para tomar a decis\u00e3o certa.<\/p>\n\n\n\n<p>Com design\u00a0atualizado e inspirado no Actros, o novo Axor est\u00e1 dispon\u00edvel nas configura\u00e7\u00f5es S e LS e \u00e9 preparado para enfrentar composi\u00e7\u00f5es de at\u00e9 sete eixos, operando com Capacidade M\u00e1xima de Tra\u00e7\u00e3o (CMT) de at\u00e9 68 toneladas. O entre-eixos de 3,5 metros amplia as possibilidades de aplica\u00e7\u00e3o, tornando o caminh\u00e3o uma escolha vers\u00e1til para diferentes tipos de carga e opera\u00e7\u00e3o. Sob o cap\u00f4, o motor OM 460 LA de 13 litros e seis cilindros \u00e9 oferecido com 381 cv e 449 cv, sempre com alto torque em baixa rota\u00e7\u00e3o \u2013 caracter\u00edstica valorizada nas rotas rodovi\u00e1rias brasileiras.<\/p>\n\n\n\n<p>Com a transmiss\u00e3o automatizada PowerShift 3 Advanced, de 12 marchas, o Axor ganha efici\u00eancia nas trocas de marcha e desempenho otimizado. Tamb\u00e9m s\u00e3o destaque o freio-motor Top Brake, item de s\u00e9rie, e a op\u00e7\u00e3o de Retarder, que ampliam a seguran\u00e7a em condi\u00e7\u00f5es severas de uso. Todos esses diferenciais j\u00e1 podem ser conferidos de perto nas unidades Savana, que oferecem suporte t\u00e9cnico e condi\u00e7\u00f5es comerciais pensadas para a realidade de cada transportador.<\/p>\n\n\n\n<p>A nova cabine tamb\u00e9m evoluiu em ergonomia e conectividade. A suspens\u00e3o pneum\u00e1tica de s\u00e9rie proporciona condu\u00e7\u00e3o mais suave, o t\u00fanel central foi rebaixado para ampliar o espa\u00e7o interno e a tradicional cama ganhou ajustes que favorecem o descanso em longas jornadas. Volante multifuncional, painel digital, partida por bot\u00e3o com chave inteligente e c\u00e2mbio integrado \u00e0 coluna s\u00e3o apenas alguns dos itens que tornam o dia a dia do motorista mais pr\u00e1tico e confort\u00e1vel. Al\u00e9m disso, o banco pneum\u00e1tico com 11 n\u00edveis de ajuste refor\u00e7a o cuidado com a sa\u00fade e o desempenho do condutor.<\/p>\n\n\n\n<p>Em seguran\u00e7a, o Axor 2025 chega com um dos pacotes mais completos do segmento, incluindo recursos como controle eletr\u00f4nico de estabilidade (ESC), assistente de partida em rampa (Hill Holder), ABS, EBS, ASR, EBD e luz de frenagem de emerg\u00eancia (ESS). H\u00e1 ainda alarme de r\u00e9 com luzes intermitentes e a op\u00e7\u00e3o de far\u00f3is em LED. O sistema el\u00e9trico tamb\u00e9m foi atualizado com bateria de alta ciclagem de 230 Ah, garantindo maior durabilidade e confiabilidade.<\/p>\n\n\n\n<p>Com estrutura s\u00f3lida, equipes treinadas e relacionamento pr\u00f3ximo com transportadores de todas as regi\u00f5es em que atua, a Savana convida os clientes a conhecerem de perto o novo Axor 2025. O modelo marca n\u00e3o s\u00f3 uma evolu\u00e7\u00e3o t\u00e9cnica da Mercedes-Benz, mas tamb\u00e9m uma oportunidade de neg\u00f3cios apoiada por quem entende da estrada.<\/p>\n\n\n\n<p class=\"has-medium-font-size\">Sobre a Savana<\/p>\n\n\n\n<p>A Savana integra o Grupo \u00c1guia Branca e \u00e9 especializada na comercializa\u00e7\u00e3o de caminh\u00f5es e ve\u00edculos comerciais da Mercedes-Benz. Com forte presen\u00e7a nos setores de transporte e log\u00edstica, oferece um portf\u00f3lio completo de ve\u00edculos, pe\u00e7as e servi\u00e7os de oficina. Al\u00e9m disso, disponibiliza solu\u00e7\u00f5es em pneus e recapagem, garantindo performance e efici\u00eancia para os clientes do segmento de transporte&nbsp;de&nbsp;cargas.<\/p>\n","protected":false},"excerpt":{"rendered":"<p>Novo modelo aposta em motor Euro 6, chassi refor\u00e7ado e cabine mais ergon\u00f4mica Paran\u00e1, 5 de agosto de 2025 \u2013\u00a0As unidades da Savana, concession\u00e1ria Mercedes-Benz integrante do Grupo \u00c1guia Branca, contam com o novo Axor 2025 nas vers\u00f5es 2038 4&#215;2 e 2545 6&#215;2. Com foco em robustez, efici\u00eancia e tecnologia embarcada, o modelo marca um [&hellip;]<\/p>\n","protected":false},"author":1,"featured_media":4747,"comment_status":"open","ping_status":"open","sticky":false,"template":"","format":"standard","meta":{"footnotes":""},"categories":[431],"tags":[],"class_list":["post-4746","post","type-post","status-publish","format-standard","has-post-thumbnail","hentry","category-cultura"],"_links":{"self":[{"href":"https:\/\/diarioparanaense.com\/index.php?rest_route=\/wp\/v2\/posts\/4746","targetHints":{"allow":["GET"]}}],"collection":[{"href":"https:\/\/diarioparanaense.com\/index.php?rest_route=\/wp\/v2\/posts"}],"about":[{"href":"https:\/\/diarioparanaense.com\/index.php?rest_route=\/wp\/v2\/types\/post"}],"author":[{"embeddable":true,"href":"https:\/\/diarioparanaense.com\/index.php?rest_route=\/wp\/v2\/users\/1"}],"replies":[{"embeddable":true,"href":"https:\/\/diarioparanaense.com\/index.php?rest_route=%2Fwp%2Fv2%2Fcomments&post=4746"}],"version-history":[{"count":1,"href":"https:\/\/diarioparanaense.com\/index.php?rest_route=\/wp\/v2\/posts\/4746\/revisions"}],"predecessor-version":[{"id":4748,"href":"https:\/\/diarioparanaense.com\/index.php?rest_route=\/wp\/v2\/posts\/4746\/revisions\/4748"}],"wp:featuredmedia":[{"embeddable":true,"href":"https:\/\/diarioparanaense.com\/index.php?rest_route=\/wp\/v2\/media\/4747"}],"wp:attachment":[{"href":"https:\/\/diarioparanaense.com\/index.php?rest_route=%2Fwp%2Fv2%2Fmedia&parent=4746"}],"wp:term":[{"taxonomy":"category","embeddable":true,"href":"https:\/\/diarioparanaense.com\/index.php?rest_route=%2Fwp%2Fv2%2Fcategories&post=4746"},{"taxonomy":"post_tag","embeddable":true,"href":"https:\/\/diarioparanaense.com\/index.php?rest_route=%2Fwp%2Fv2%2Ftags&post=4746"}],"curies":[{"name":"wp","href":"https:\/\/api.w.org\/{rel}","templated":true}]}}