{"id":4729,"date":"2025-08-04T15:56:26","date_gmt":"2025-08-04T18:56:26","guid":{"rendered":"https:\/\/diarioparanaense.com\/?p=4729"},"modified":"2025-08-04T15:56:26","modified_gmt":"2025-08-04T18:56:26","slug":"acao-entre-caminhos-e-lembrancas-acontece-nesse-dia-dos-pais","status":"publish","type":"post","link":"https:\/\/diarioparanaense.com\/?p=4729","title":{"rendered":"A\u00e7\u00e3o &#8220;Entre Caminhos e Lembran\u00e7as&#8221; acontece nesse Dia dos Pais"},"content":{"rendered":"\n<p>Neste Dia dos Pais, celebrado em 10 de agosto, o&nbsp;Grupo Jardim da Saudade realiza uma a\u00e7\u00e3o&nbsp;especial em suas unidades de Curitiba, Pinhais (PR) e Blumenau (SC), com o intuito de homenagear&nbsp;a data e a preserva\u00e7\u00e3o da mem\u00f3ria afetiva. A a\u00e7\u00e3o Entre Caminhos e Lembran\u00e7as prop\u00f5e um&nbsp;momento de resgatar as boas lembran\u00e7as, atrav\u00e9s de gestos simb\u00f3licos.&nbsp; Ao contar com uma exposi\u00e7\u00e3o de carros antigos, ser\u00e1 criado uma atmosfera nost\u00e1lgica, com m\u00fasica&nbsp;ao vivo no formato voz e viol\u00e3o, al\u00e9m das tradicionais fitas na \u00c1rvore da Saudade, que \u00e9 um rito j\u00e1&nbsp;consolidado pelo p\u00fablico que frequenta os cemit\u00e9rios do Grupo em datas especiais. Tudo com<br>prop\u00f3sito de eternizar com honra a vida de entes queridos e as hist\u00f3rias vividas pelas fam\u00edlias.<\/p>\n\n\n\n<p>A a\u00e7\u00e3o est\u00e1 alinhada com o que diz a pesquisa do Instituto Ideafix realizada em 2024: 64% dos&nbsp;brasileiros afirmam desejar rituais mais personalizados no processo de luto. Essas tradi\u00e7\u00f5es,&nbsp;inclusive, refor\u00e7am o que a Organiza\u00e7\u00e3o Mundial da Sa\u00fade reconhece: a\u00e7\u00f5es simb\u00f3licas contribuem&nbsp;significativamente para a elabora\u00e7\u00e3o saud\u00e1vel de uma perda.<\/p>\n\n\n\n<p>\u201cAcreditamos que o amor permanece mesmo quando as pessoas se v\u00e3o. Com o tema \u2018Entre&nbsp;Caminhos e Lembran\u00e7as\u2019, queremos proporcionar um momento de homenagem e momentos&nbsp;compartilhados em fam\u00edlia, em que cada visitante possa resgatar mem\u00f3rias, sentir-se abra\u00e7ado e&nbsp;lembrar que cada passo trilhado junto de quem amamos constr\u00f3i um legado eterno\u201d, afirma Dari\u00ea&nbsp;Patr\u00edcio, porta-voz do Grupo Jardim da Saudade.<\/p>\n\n\n\n<p>Durante a visita, os participantes receber\u00e3o pequenos souvenirs preparados para tornar o momento&nbsp;mais acolhedor. A proposta da campanha \u00e9 transformar a saudade em um gesto de carinho,&nbsp;refor\u00e7ando a import\u00e2ncia dos v\u00ednculos que permanecem vivos na mem\u00f3ria e nos sentimentos.<\/p>\n\n\n\n<p><strong>Servi\u00e7o:<br><\/strong>Data: 10\/08\/2025 Hor\u00e1rio: das 09 \u00e0s 12 horas.<br>Locais: Cemit\u00e9rios Jardim da Saudade &#8211; Curitiba, Pinhais (PR) e Blumenau (SC)<br>Voz e viol\u00e3o ao vivo das 09 \u00e0s 11 horas.<br>Evento aberto ao p\u00fablico<\/p>\n\n\n\n<p>Jardim da Saudade<br>Curitiba (PR): R. Jo\u00e3o Bettega, 999 \u2013 Bairro Port\u00e3o.\u00a0<br>Pinhais (PR): Av. Maring\u00e1, 3300 \u2013 Bairro Atuba.\u00a0<br>Blumenau (SC): BR-470, km 51 \u2013 5800 &#8211; Bairro Fortaleza.<br>0800 007 0001<br>@grupojardimdasaudade<br><a href=\"https:\/\/www.jardimdasaudade.com\/\">https:\/\/www.jardimdasaudade.com\/<\/a><\/p>\n","protected":false},"excerpt":{"rendered":"<p>Neste Dia dos Pais, celebrado em 10 de agosto, o&nbsp;Grupo Jardim da Saudade realiza uma a\u00e7\u00e3o&nbsp;especial em suas unidades de Curitiba, Pinhais (PR) e Blumenau (SC), com o intuito de homenagear&nbsp;a data e a preserva\u00e7\u00e3o da mem\u00f3ria afetiva. A a\u00e7\u00e3o Entre Caminhos e Lembran\u00e7as prop\u00f5e um&nbsp;momento de resgatar as boas lembran\u00e7as, atrav\u00e9s de gestos simb\u00f3licos.&nbsp; [&hellip;]<\/p>\n","protected":false},"author":1,"featured_media":4733,"comment_status":"open","ping_status":"open","sticky":false,"template":"","format":"standard","meta":{"footnotes":""},"categories":[29],"tags":[],"class_list":["post-4729","post","type-post","status-publish","format-standard","has-post-thumbnail","hentry","category-artigos"],"_links":{"self":[{"href":"https:\/\/diarioparanaense.com\/index.php?rest_route=\/wp\/v2\/posts\/4729","targetHints":{"allow":["GET"]}}],"collection":[{"href":"https:\/\/diarioparanaense.com\/index.php?rest_route=\/wp\/v2\/posts"}],"about":[{"href":"https:\/\/diarioparanaense.com\/index.php?rest_route=\/wp\/v2\/types\/post"}],"author":[{"embeddable":true,"href":"https:\/\/diarioparanaense.com\/index.php?rest_route=\/wp\/v2\/users\/1"}],"replies":[{"embeddable":true,"href":"https:\/\/diarioparanaense.com\/index.php?rest_route=%2Fwp%2Fv2%2Fcomments&post=4729"}],"version-history":[{"count":1,"href":"https:\/\/diarioparanaense.com\/index.php?rest_route=\/wp\/v2\/posts\/4729\/revisions"}],"predecessor-version":[{"id":4734,"href":"https:\/\/diarioparanaense.com\/index.php?rest_route=\/wp\/v2\/posts\/4729\/revisions\/4734"}],"wp:featuredmedia":[{"embeddable":true,"href":"https:\/\/diarioparanaense.com\/index.php?rest_route=\/wp\/v2\/media\/4733"}],"wp:attachment":[{"href":"https:\/\/diarioparanaense.com\/index.php?rest_route=%2Fwp%2Fv2%2Fmedia&parent=4729"}],"wp:term":[{"taxonomy":"category","embeddable":true,"href":"https:\/\/diarioparanaense.com\/index.php?rest_route=%2Fwp%2Fv2%2Fcategories&post=4729"},{"taxonomy":"post_tag","embeddable":true,"href":"https:\/\/diarioparanaense.com\/index.php?rest_route=%2Fwp%2Fv2%2Ftags&post=4729"}],"curies":[{"name":"wp","href":"https:\/\/api.w.org\/{rel}","templated":true}]}}