{"id":4723,"date":"2025-08-04T15:49:51","date_gmt":"2025-08-04T18:49:51","guid":{"rendered":"https:\/\/diarioparanaense.com\/?p=4723"},"modified":"2025-08-04T15:49:51","modified_gmt":"2025-08-04T18:49:51","slug":"charms-em-nova-fase-a-geracao-que-transformou-memorias-em-statement","status":"publish","type":"post","link":"https:\/\/diarioparanaense.com\/?p=4723","title":{"rendered":"Charms em nova fase: a gera\u00e7\u00e3o que transformou mem\u00f3rias em statement"},"content":{"rendered":"\n<p class=\"has-medium-font-size\">Marca brasileira CUFF lan\u00e7a cole\u00e7\u00e3o inspirada nesse movimento, com pingentes que celebram estilo e identidade pessoal<\/p>\n\n\n\n<p>S\u00edmbolos de mem\u00f3rias, sentimentos e identidade, os charms (ou pingentes, como tamb\u00e9m s\u00e3o conhecidos) sempre ocuparam um lugar especial no universo dos acess\u00f3rios. Agora, voltam com for\u00e7a total \u00e0 cena fashion, impulsionados por uma nova gera\u00e7\u00e3o que valoriza pe\u00e7as personalizadas e cheias de significado, sem abrir m\u00e3o da est\u00e9tica.<\/p>\n\n\n\n<p>Embora n\u00e3o sejam exatamente uma novidade, os charms ganham hoje novas formas de uso e leitura. A febre dos berloques explodiu no Brasil nos anos 2000 com marcas como Pandora e Vivara, conhecidas por pulseiras prateadas com pingentes delicados que marcavam momentos especiais. Na \u00e9poca, o apelo estava principalmente em usar o acess\u00f3rio como uma esp\u00e9cie de \u00e1lbum de mem\u00f3rias e na narrativa afetiva constru\u00edda pe\u00e7a a pe\u00e7a.<\/p>\n\n\n\n<p>Com a valoriza\u00e7\u00e3o do estilo individual cada vez mais presente, os pingentes voltam repaginados. O uso se torna mais ousado, est\u00e9tico e at\u00e9 ir\u00f4nico. Eles ainda representam sentimentos, mas n\u00e3o precisam seguir uma ordem ou contar uma hist\u00f3ria fechada. De c\u00e1psulas de lembran\u00e7as, os charms passam a ser recursos de express\u00e3o visual, muitas vezes escolhidos pela imagem antes do significado.<\/p>\n\n\n\n<p>Marcas independentes v\u00eam acompanhando esse movimento, atualizando tanto o design quanto o discurso. Entre elas, a brasileira CUFF, que lan\u00e7ou recentemente a cole\u00e7\u00e3o Bling Ring. Os pingentes foram criados para uso em colares, brincos e pulseiras e prop\u00f5em uma abordagem mais livre e combin\u00e1vel, que estimula a experimenta\u00e7\u00e3o e o estilo pessoal.<\/p>\n\n\n\n<p>A cole\u00e7\u00e3o inclui cora\u00e7\u00f5es, p\u00e9rolas, letras marcantes e outros \u00edcones do imagin\u00e1rio fashion, todos acompanhados por um acess\u00f3rio funcional chamado \u201cclick\u201d, que pode ser liso ou cravejado, que facilita prender, soltar ou reposicionar os charms. A proposta \u00e9 simples: incentivar composi\u00e7\u00f5es \u00fanicas, que refletem o momento e o gosto de quem usa.<\/p>\n\n\n\n<p>\u201cQuisemos traduzir em design aquilo que vemos nas ruas e nas redes: mulheres que brincam com a moda, que n\u00e3o querem seguir f\u00f3rmulas prontas e que t\u00eam algo a dizer com o que vestem. A cole\u00e7\u00e3o nasceu desse desejo de liberdade criativa com beleza e prop\u00f3sito\u201d, afirma Brenda Piccirillo, fundadora da marca que recebe mais de 150 mil acessos mensais.<\/p>\n\n\n\n<p>Mais do que uma tend\u00eancia, o retorno dos charms sinaliza uma mudan\u00e7a de comportamento. \u00c9 sobre o modo como as pessoas querem se expressar, misturando s\u00edmbolos, afetos e refer\u00eancias visuais com liberdade. A aus\u00eancia de regras fixas parece ser o elemento que impulsiona essa nova fase, em que a moda deixa espa\u00e7o para o improviso, o humor e a identidade&nbsp;de&nbsp;cada&nbsp;um.<\/p>\n","protected":false},"excerpt":{"rendered":"<p>Marca brasileira CUFF lan\u00e7a cole\u00e7\u00e3o inspirada nesse movimento, com pingentes que celebram estilo e identidade pessoal S\u00edmbolos de mem\u00f3rias, sentimentos e identidade, os charms (ou pingentes, como tamb\u00e9m s\u00e3o conhecidos) sempre ocuparam um lugar especial no universo dos acess\u00f3rios. Agora, voltam com for\u00e7a total \u00e0 cena fashion, impulsionados por uma nova gera\u00e7\u00e3o que valoriza pe\u00e7as [&hellip;]<\/p>\n","protected":false},"author":1,"featured_media":4724,"comment_status":"open","ping_status":"open","sticky":false,"template":"","format":"standard","meta":{"footnotes":""},"categories":[432],"tags":[],"class_list":["post-4723","post","type-post","status-publish","format-standard","has-post-thumbnail","hentry","category-moda"],"_links":{"self":[{"href":"https:\/\/diarioparanaense.com\/index.php?rest_route=\/wp\/v2\/posts\/4723","targetHints":{"allow":["GET"]}}],"collection":[{"href":"https:\/\/diarioparanaense.com\/index.php?rest_route=\/wp\/v2\/posts"}],"about":[{"href":"https:\/\/diarioparanaense.com\/index.php?rest_route=\/wp\/v2\/types\/post"}],"author":[{"embeddable":true,"href":"https:\/\/diarioparanaense.com\/index.php?rest_route=\/wp\/v2\/users\/1"}],"replies":[{"embeddable":true,"href":"https:\/\/diarioparanaense.com\/index.php?rest_route=%2Fwp%2Fv2%2Fcomments&post=4723"}],"version-history":[{"count":1,"href":"https:\/\/diarioparanaense.com\/index.php?rest_route=\/wp\/v2\/posts\/4723\/revisions"}],"predecessor-version":[{"id":4725,"href":"https:\/\/diarioparanaense.com\/index.php?rest_route=\/wp\/v2\/posts\/4723\/revisions\/4725"}],"wp:featuredmedia":[{"embeddable":true,"href":"https:\/\/diarioparanaense.com\/index.php?rest_route=\/wp\/v2\/media\/4724"}],"wp:attachment":[{"href":"https:\/\/diarioparanaense.com\/index.php?rest_route=%2Fwp%2Fv2%2Fmedia&parent=4723"}],"wp:term":[{"taxonomy":"category","embeddable":true,"href":"https:\/\/diarioparanaense.com\/index.php?rest_route=%2Fwp%2Fv2%2Fcategories&post=4723"},{"taxonomy":"post_tag","embeddable":true,"href":"https:\/\/diarioparanaense.com\/index.php?rest_route=%2Fwp%2Fv2%2Ftags&post=4723"}],"curies":[{"name":"wp","href":"https:\/\/api.w.org\/{rel}","templated":true}]}}