{"id":4712,"date":"2025-08-01T10:46:50","date_gmt":"2025-08-01T13:46:50","guid":{"rendered":"https:\/\/diarioparanaense.com\/?p=4712"},"modified":"2025-08-01T10:46:51","modified_gmt":"2025-08-01T13:46:51","slug":"hipnose-ajuda-arquitetos-a-resgatarem-a-qualidade-de-vida","status":"publish","type":"post","link":"https:\/\/diarioparanaense.com\/?p=4712","title":{"rendered":"Hipnose ajuda arquitetos a resgatarem a qualidade de vida"},"content":{"rendered":"\n<p class=\"has-medium-font-size\">Arquitetos brasileiros e globais t\u00eam recorrido \u00e0 hipnose cl\u00ednica para rotinas profissionais mais saud\u00e1veis<\/p>\n\n\n\n<p>Para muitos arquitetos, o maior desafio do dia n\u00e3o est\u00e1 no projeto executivo, no cronograma de obras ou na escolha de materiais. Est\u00e1 em algo mais subjetivo \u2014 mas igualmente importante: dizer \u201cn\u00e3o\u201d. Pressionados por prazos apertados, or\u00e7amentos baixos e a inseguran\u00e7a t\u00edpica de um mercado saturado, muitos profissionais da arquitetura se veem presos em uma rotina de sobrecarga, ansiedade e desorganiza\u00e7\u00e3o.<\/p>\n\n\n\n<p>A hipnose cl\u00ednica, validada por entidades como o Conselho Federal de Psicologia, tem demonstrado efic\u00e1cia significativa na redu\u00e7\u00e3o dos efeitos do estresse corporativo, atuando diretamente sobre n\u00edveis de cortisol, ansiedade e fadiga mental. Segundo o hipnoterapeuta Adriano Chamberlain Neves, que faz parte da cl\u00ednica Hipnose Para Todos, essa dificuldade de estabelecer limites est\u00e1 diretamente ligada \u00e0 autoconfian\u00e7a e \u00e0 forma como o arquiteto se enxerga diante dos clientes.<\/p>\n\n\n\n<p>\u201c\u00c9 comum que muitos acreditem que s\u00f3 poder\u00e3o dizer n\u00e3o depois que tiverem um grande portf\u00f3lio. Mas isso \u00e9 uma armadilha mental. O que precisa mudar primeiro \u00e9 a mentalidade, a inseguran\u00e7a, e n\u00e3o a quantidade de projetos na prateleira\u201d, explica.<\/p>\n\n\n\n<p class=\"has-medium-font-size\">Prazos abusivos atormentam profisisonais<\/p>\n\n\n\n<p>Adriano relata o caso de uma arquiteta que procurou sua cl\u00ednica com dificuldade de recusar prazos abusivos, desorganiza\u00e7\u00e3o na agenda e exaust\u00e3o emocional. Ap\u00f3s 10 sess\u00f5es de terapia, ela passou a administrar melhor seu tempo e, principalmente, a impor limites aos clientes \u2014 inclusive grandes empresas multinacionais. \u201cEla aprendeu a negociar com clareza: \u2018n\u00e3o posso entregar nessa data, mas posso com duas semanas a mais\u2019. Isso, que parece simples, para muitos profissionais ainda \u00e9 um tabu\u201d, conta.<\/p>\n\n\n\n<p class=\"has-medium-font-size\">Press\u00e3o e medo de perder cliente pesam nas rotinas.<\/p>\n\n\n\n<p>O especialista destaca que o problema \u00e9 comum entre arquitetos com menos de 40 anos, especialmente aqueles que atuam como aut\u00f4nomos ou donos de pequenos escrit\u00f3rios. \u201cA maioria acaba cedendo \u00e0 press\u00e3o por medo de perder o cliente. Mas esse medo est\u00e1 muito mais ligado a traumas e cren\u00e7as limitantes do que ao mercado em si\u201d, afirma. A hipnose cl\u00ednica, segundo ele, atua diretamente nesse ponto: ressignificando experi\u00eancias passadas, refor\u00e7ando a autoestima e treinando o c\u00e9rebro para lidar melhor com prioridades.<\/p>\n\n\n\n<p>A met\u00e1fora que Adriano usa \u00e9 a do c\u00e9rebro como uma m\u00e1quina pregui\u00e7osa \u2014 mas eficiente. \u201cO c\u00e9rebro est\u00e1 sempre tentando economizar energia. Ele prioriza o que acha mais importante. Quando a prioridade \u00e9 agradar o cliente a qualquer custo, o profissional se coloca em segundo plano. \u00c9 preciso inverter isso. Quando a prioridade passa a ser a pr\u00f3pria qualidade de vida, o profissional come\u00e7a a fazer escolhas mais saud\u00e1veis \u2014 inclusive para o pr\u00f3prio neg\u00f3cio\u201d, completa.<\/p>\n\n\n\n<p><strong>Servi\u00e7o<\/strong>: Hipnose para todos<br>(41) 99692-9774<br>@hipnose_para_todos<br><a href=\"https:\/\/www.clinicahipnoseparatodos.com.br\/\n\">https:\/\/www.clinicahipnoseparatodos.com.br\/<br><\/a>Ed. Batel Executive Center &#8211; Travessa Jo\u00e3o Turin, n\u00ba37 Sala 601 &#8211; 6\u00aa andar &#8211; \u00c1gua Verde,\u00a0Curitiba\u00a0&#8211;\u00a0PR.<\/p>\n","protected":false},"excerpt":{"rendered":"<p>Arquitetos brasileiros e globais t\u00eam recorrido \u00e0 hipnose cl\u00ednica para rotinas profissionais mais saud\u00e1veis Para muitos arquitetos, o maior desafio do dia n\u00e3o est\u00e1 no projeto executivo, no cronograma de obras ou na escolha de materiais. Est\u00e1 em algo mais subjetivo \u2014 mas igualmente importante: dizer \u201cn\u00e3o\u201d. Pressionados por prazos apertados, or\u00e7amentos baixos e a [&hellip;]<\/p>\n","protected":false},"author":1,"featured_media":4715,"comment_status":"open","ping_status":"open","sticky":false,"template":"","format":"standard","meta":{"footnotes":""},"categories":[29],"tags":[],"class_list":["post-4712","post","type-post","status-publish","format-standard","has-post-thumbnail","hentry","category-artigos"],"_links":{"self":[{"href":"https:\/\/diarioparanaense.com\/index.php?rest_route=\/wp\/v2\/posts\/4712","targetHints":{"allow":["GET"]}}],"collection":[{"href":"https:\/\/diarioparanaense.com\/index.php?rest_route=\/wp\/v2\/posts"}],"about":[{"href":"https:\/\/diarioparanaense.com\/index.php?rest_route=\/wp\/v2\/types\/post"}],"author":[{"embeddable":true,"href":"https:\/\/diarioparanaense.com\/index.php?rest_route=\/wp\/v2\/users\/1"}],"replies":[{"embeddable":true,"href":"https:\/\/diarioparanaense.com\/index.php?rest_route=%2Fwp%2Fv2%2Fcomments&post=4712"}],"version-history":[{"count":1,"href":"https:\/\/diarioparanaense.com\/index.php?rest_route=\/wp\/v2\/posts\/4712\/revisions"}],"predecessor-version":[{"id":4716,"href":"https:\/\/diarioparanaense.com\/index.php?rest_route=\/wp\/v2\/posts\/4712\/revisions\/4716"}],"wp:featuredmedia":[{"embeddable":true,"href":"https:\/\/diarioparanaense.com\/index.php?rest_route=\/wp\/v2\/media\/4715"}],"wp:attachment":[{"href":"https:\/\/diarioparanaense.com\/index.php?rest_route=%2Fwp%2Fv2%2Fmedia&parent=4712"}],"wp:term":[{"taxonomy":"category","embeddable":true,"href":"https:\/\/diarioparanaense.com\/index.php?rest_route=%2Fwp%2Fv2%2Fcategories&post=4712"},{"taxonomy":"post_tag","embeddable":true,"href":"https:\/\/diarioparanaense.com\/index.php?rest_route=%2Fwp%2Fv2%2Ftags&post=4712"}],"curies":[{"name":"wp","href":"https:\/\/api.w.org\/{rel}","templated":true}]}}