{"id":4709,"date":"2025-07-31T17:29:16","date_gmt":"2025-07-31T20:29:16","guid":{"rendered":"https:\/\/diarioparanaense.com\/?p=4709"},"modified":"2025-07-31T17:29:17","modified_gmt":"2025-07-31T20:29:17","slug":"desenhos-de-baixo-estimulo-ganham-destaque-como-alternativa-saudavel-para-criancas-na-era-digital","status":"publish","type":"post","link":"https:\/\/diarioparanaense.com\/?p=4709","title":{"rendered":"Desenhos de baixo est\u00edmulo ganham destaque como alternativa saud\u00e1vel para crian\u00e7as na era digital"},"content":{"rendered":"\n<p class=\"has-medium-font-size\">Professora do Col\u00e9gio Marista Paranaense explica os impactos do excesso de telas e orienta sobre escolhas conscientes de conte\u00fado infantil<\/p>\n\n\n\n<p>Na era digital, o consumo de conte\u00fado por crian\u00e7as vem crescendo em ritmo acelerado e, com ele, aumentam tamb\u00e9m os desafios enfrentados por fam\u00edlias e educadores. Exposi\u00e7\u00e3o excessiva a telas, ritmo fren\u00e9tico das produ\u00e7\u00f5es audiovisuais, sons intensos e est\u00edmulos visuais constantes t\u00eam preocupado especialistas por seus efeitos no desenvolvimento infantil. Entre os riscos apontados est\u00e3o a dificuldade de concentra\u00e7\u00e3o, altera\u00e7\u00f5es na linguagem, preju\u00edzos na regula\u00e7\u00e3o emocional e at\u00e9 impactos nas intera\u00e7\u00f5es sociais.<\/p>\n\n\n\n<p>Diante desse cen\u00e1rio, os chamados desenhos de baixo est\u00edmulo t\u00eam ganhado relev\u00e2ncia como uma alternativa mais equilibrada e saud\u00e1vel. Com est\u00e9tica mais simples, narrativa lenta e sons suaves, essas produ\u00e7\u00f5es oferecem um contraponto ao excesso de est\u00edmulos que caracteriza grande parte dos conte\u00fados voltados ao p\u00fablico infantil. Al\u00e9m de mais calmos, esses desenhos favorecem o foco, a criatividade e a empatia, respeitando o ritmo natural da inf\u00e2ncia.<\/p>\n\n\n\n<p>Segundo a pedagoga, neuropsicopedagoga e professora do Col\u00e9gio Marista Paranaense, Andreia Goulin Guimar\u00e3es, o primeiro passo \u00e9 entender o quanto o c\u00e9rebro em desenvolvimento \u00e9 sens\u00edvel a esses est\u00edmulos. \u201cCompreender o impacto das telas no c\u00e9rebro em desenvolvimento \u00e9 o primeiro passo para uma gest\u00e3o consciente do tempo e do conte\u00fado a que as crian\u00e7as s\u00e3o expostas\u201d, afirma.<\/p>\n\n\n\n<p>Conte\u00fados com menos est\u00edmulos contribuem para a redu\u00e7\u00e3o da ansiedade, ajudam na auto regula\u00e7\u00e3o emocional e criam espa\u00e7o para que a crian\u00e7a use mais a imagina\u00e7\u00e3o. Sem uma enxurrada de informa\u00e7\u00f5es visuais e sonoras, a crian\u00e7a tende a construir suas pr\u00f3prias narrativas, exercitando a criatividade de forma mais espont\u00e2nea. A presen\u00e7a ativa das fam\u00edlias nesse processo \u00e9 fundamental, n\u00e3o apenas para limitar o tempo de tela, mas para acompanhar, conversar e mediar o conte\u00fado assistido.<\/p>\n\n\n\n<p>\u201cA supervis\u00e3o n\u00e3o se limita a controlar o rel\u00f3gio, mas envolve assistir junto sempre que poss\u00edvel, conversar sobre o que est\u00e1 sendo visto e ajudar a crian\u00e7a a processar as informa\u00e7\u00f5es e emo\u00e7\u00f5es despertadas pelo conte\u00fado\u201d, orienta a professora.<br>Al\u00e9m disso, o exemplo dos adultos influencia diretamente os h\u00e1bitos das crian\u00e7as. Demonstrar equil\u00edbrio no uso da tecnologia no dia a dia, segundo a educadora, \u00e9 uma das maneiras mais eficazes de estimular comportamentos saud\u00e1veis. \u201cCriar um ambiente rico em est\u00edmulos variados e gerenciar o acesso \u00e0s telas, priorizando conte\u00fados de qualidade, \u00e9 um investimento valioso no desenvolvimento cognitivo, emocional e social das crian\u00e7as\u201d, conclui.<\/p>\n\n\n\n<p class=\"has-medium-font-size\">SOBRE O MARISTA BRASIL<\/p>\n\n\n\n<p>O Col\u00e9gio Marista Paranaense integra o Marista Brasil, uma rede de col\u00e9gios e escolas presente em 20 estados brasileiros e no Distrito Federal, atendendo mais de 99 mil crian\u00e7as, jovens e adultos em 96 unidades de ensino. Os estudantes recebem forma\u00e7\u00e3o integral, composta pela tradi\u00e7\u00e3o dos valores Maristas e pela excel\u00eancia acad\u00eamica alinhada aos desafios contempor\u00e2neos. Por meio de propostas pedag\u00f3gicas diferenciadas, crian\u00e7as e jovens desenvolvem conhecimento, pensamento cr\u00edtico, autonomia e se tornam mais preparados para viver em uma sociedade em constante transforma\u00e7\u00e3o. Saiba mais em: <a href=\"http:\/\/maristabrasil.org\">maristabrasil.org<\/a>\u00a0.<\/p>\n","protected":false},"excerpt":{"rendered":"<p>Professora do Col\u00e9gio Marista Paranaense explica os impactos do excesso de telas e orienta sobre escolhas conscientes de conte\u00fado infantil Na era digital, o consumo de conte\u00fado por crian\u00e7as vem crescendo em ritmo acelerado e, com ele, aumentam tamb\u00e9m os desafios enfrentados por fam\u00edlias e educadores. Exposi\u00e7\u00e3o excessiva a telas, ritmo fren\u00e9tico das produ\u00e7\u00f5es audiovisuais, [&hellip;]<\/p>\n","protected":false},"author":1,"featured_media":4710,"comment_status":"open","ping_status":"open","sticky":false,"template":"","format":"standard","meta":{"footnotes":""},"categories":[148],"tags":[],"class_list":["post-4709","post","type-post","status-publish","format-standard","has-post-thumbnail","hentry","category-educacao"],"_links":{"self":[{"href":"https:\/\/diarioparanaense.com\/index.php?rest_route=\/wp\/v2\/posts\/4709","targetHints":{"allow":["GET"]}}],"collection":[{"href":"https:\/\/diarioparanaense.com\/index.php?rest_route=\/wp\/v2\/posts"}],"about":[{"href":"https:\/\/diarioparanaense.com\/index.php?rest_route=\/wp\/v2\/types\/post"}],"author":[{"embeddable":true,"href":"https:\/\/diarioparanaense.com\/index.php?rest_route=\/wp\/v2\/users\/1"}],"replies":[{"embeddable":true,"href":"https:\/\/diarioparanaense.com\/index.php?rest_route=%2Fwp%2Fv2%2Fcomments&post=4709"}],"version-history":[{"count":1,"href":"https:\/\/diarioparanaense.com\/index.php?rest_route=\/wp\/v2\/posts\/4709\/revisions"}],"predecessor-version":[{"id":4711,"href":"https:\/\/diarioparanaense.com\/index.php?rest_route=\/wp\/v2\/posts\/4709\/revisions\/4711"}],"wp:featuredmedia":[{"embeddable":true,"href":"https:\/\/diarioparanaense.com\/index.php?rest_route=\/wp\/v2\/media\/4710"}],"wp:attachment":[{"href":"https:\/\/diarioparanaense.com\/index.php?rest_route=%2Fwp%2Fv2%2Fmedia&parent=4709"}],"wp:term":[{"taxonomy":"category","embeddable":true,"href":"https:\/\/diarioparanaense.com\/index.php?rest_route=%2Fwp%2Fv2%2Fcategories&post=4709"},{"taxonomy":"post_tag","embeddable":true,"href":"https:\/\/diarioparanaense.com\/index.php?rest_route=%2Fwp%2Fv2%2Ftags&post=4709"}],"curies":[{"name":"wp","href":"https:\/\/api.w.org\/{rel}","templated":true}]}}