{"id":4706,"date":"2025-07-30T11:31:37","date_gmt":"2025-07-30T14:31:37","guid":{"rendered":"https:\/\/diarioparanaense.com\/?p=4706"},"modified":"2025-07-30T11:31:38","modified_gmt":"2025-07-30T14:31:38","slug":"ultima-semana-da-temporada-de-sopas-no-deville-curitiba","status":"publish","type":"post","link":"https:\/\/diarioparanaense.com\/?p=4706","title":{"rendered":"\u00daltima semana da temporada de sopas no Deville Curitiba"},"content":{"rendered":"\n<p>A pr\u00f3xima quarta-feira, dia 30 de julho, ser\u00e1 o \u00faltimo dia da temporada de sopas do Hotel Deville Curitiba. H\u00f3spedes e o p\u00fablico em geral poder\u00e3o se despedir do buffet que ter\u00e1 sopas, caldos, antepastos, p\u00e3es, massas (macarr\u00e3o com molhos variados) e pizzas, al\u00e9m de doces quentes, sobremesas, tudo isso acompanhado de m\u00fasica ao vivo. O buffet ser\u00e1 servido das 19h \u00e0s 22h30, ao valor de R$ 84,90 por pessoa + 10% de taxa de servi\u00e7o, e \u00e9 preparado pelo chef Hilton Ant\u00f4nio da Silva.<\/p>\n\n\n\n<p>Segundo dados da Associa\u00e7\u00e3o Brasileira da Ind\u00fastria de Alimentos, o consumo de sopas e caldos aumenta em m\u00e9dia 20% durante o inverno, refletindo a busca por refei\u00e7\u00f5es que proporcionem conforto e bem-estar nos dias mais frios. \u201cA gastronomia \u00e9 parte importante da experi\u00eancia de quem nos visita e o mais interessante \u00e9 ver esse p\u00fablico crescer a cada ano, com muitos curitibanos tamb\u00e9m aproveitando as del\u00edcias e o conforto do nosso restaurante. Nossa temporada foi um sucesso e esperamos todos para esse \u00faltimo dia especial\u201d, afirma Jefferson Vidal, gerente geral do Deville Curitiba.<\/p>\n\n\n\n<p><br><strong>Informa\u00e7\u00f5es e reservas:<\/strong><\/p>\n\n\n\n<p>\u00b7&nbsp;&nbsp;&nbsp;&nbsp;&nbsp;&nbsp;&nbsp;&nbsp;&nbsp;E-mail:&nbsp;<a href=\"mailto:reservas.ctr@deville.com.br\" target=\"_blank\" rel=\"noreferrer noopener\">reservas.ctr@deville.com.br<\/a><\/p>\n\n\n\n<p>\u00b7&nbsp;&nbsp;&nbsp;&nbsp;&nbsp;&nbsp;&nbsp;&nbsp;&nbsp;Tel: 0800 703 1866<\/p>\n\n\n\n<p>\u00b7&nbsp;&nbsp;&nbsp;&nbsp;&nbsp;&nbsp;&nbsp;&nbsp;&nbsp;WhatsApp: (41) 3219-4004<\/p>\n\n\n\n<p>\u00b7&nbsp;&nbsp;&nbsp;&nbsp;&nbsp;&nbsp;&nbsp;&nbsp;&nbsp;Rua Comendador Ara\u00fajo, 99 \u2013 Centro \u2013 Curitiba (PR)<\/p>\n\n\n\n<p><strong>Sobre o Deville Curitiba<\/strong><\/p>\n\n\n\n<p>No cora\u00e7\u00e3o de Curitiba, o Deville Curitiba \u00e9 a escolha ideal para quem busca conforto e praticidade. Pr\u00f3ximo \u00e0 Rua das Flores, Rua 24 Horas, Pra\u00e7a Rui Barbosa e Pra\u00e7a Os\u00f3rio, est\u00e1 a poucos minutos do centro financeiro da cidade. Al\u00e9m disso, fica a 18 km do Aeroporto Internacional Afonso Pena e a 3 km da Rodoferrovi\u00e1ria, garantindo f\u00e1cil acesso para quem vem a neg\u00f3cios ou lazer.<\/p>\n\n\n\n<p>O hotel oferece uma experi\u00eancia completa, com restaurante, room service, Wi-Fi gratuito, academia 24 horas e servi\u00e7o de lavanderia. Para eventos e reuni\u00f5es, conta com cinco espa\u00e7os modernos, que comportam at\u00e9 240 pessoas, sempre com o suporte de uma equipe especializada.<\/p>\n\n\n\n<p>Al\u00e9m de toda a estrutura, o Deville Curitiba \u00e9 um hotel pet amigo, 100% n\u00e3o fumante e possui acomoda\u00e7\u00f5es adaptadas para pessoas com defici\u00eancia (PcD), proporcionando mais conforto e acessibilidade para todos.<\/p>\n\n\n\n<p><strong>Sobre a Rede Deville<\/strong><\/p>\n\n\n\n<p><strong>A Rede Deville \u00e9 um dos mais tradicionais grupos hoteleiros do Brasil, com mais de 50 anos de hist\u00f3ria. O grupo, al\u00e9m de propriet\u00e1rio, administra suas unidades e abrange as marcas Deville Prime, Deville Express e a franquia Marriott S\u00e3o Paulo Airport, primeira franqueada da Marriott International na Am\u00e9rica do Sul. Em constante expans\u00e3o, a rede acaba de inaugurar mais uma bandeira Marriott, o novo The Westin S\u00e3o Paulo. Atualmente, a Rede Deville est\u00e1 presente em 10 destinos, com cerca de 1.700 acomoda\u00e7\u00f5es e mais de 1.200 colaboradores. Com o compromisso de atendimento de qualidade e hospitalidade de excel\u00eancia, reafirmam sua posi\u00e7\u00e3o como um dos mais respeitados nomes da hotelaria no pa\u00eds. Para mais informa\u00e7\u00f5es sobre os hot\u00e9is, acesse&nbsp;<a href=\"http:\/\/www.deville.com.br\/\" target=\"_blank\" rel=\"noreferrer noopener\">www.deville.com.br<\/a>&nbsp;e siga @hoteisdeville nas redes sociais.<\/strong><\/p>\n","protected":false},"excerpt":{"rendered":"<p>A pr\u00f3xima quarta-feira, dia 30 de julho, ser\u00e1 o \u00faltimo dia da temporada de sopas do Hotel Deville Curitiba. H\u00f3spedes e o p\u00fablico em geral poder\u00e3o se despedir do buffet que ter\u00e1 sopas, caldos, antepastos, p\u00e3es, massas (macarr\u00e3o com molhos variados) e pizzas, al\u00e9m de doces quentes, sobremesas, tudo isso acompanhado de m\u00fasica ao vivo. [&hellip;]<\/p>\n","protected":false},"author":1,"featured_media":4707,"comment_status":"open","ping_status":"open","sticky":false,"template":"","format":"standard","meta":{"footnotes":""},"categories":[338],"tags":[],"class_list":["post-4706","post","type-post","status-publish","format-standard","has-post-thumbnail","hentry","category-gastronomia"],"_links":{"self":[{"href":"https:\/\/diarioparanaense.com\/index.php?rest_route=\/wp\/v2\/posts\/4706","targetHints":{"allow":["GET"]}}],"collection":[{"href":"https:\/\/diarioparanaense.com\/index.php?rest_route=\/wp\/v2\/posts"}],"about":[{"href":"https:\/\/diarioparanaense.com\/index.php?rest_route=\/wp\/v2\/types\/post"}],"author":[{"embeddable":true,"href":"https:\/\/diarioparanaense.com\/index.php?rest_route=\/wp\/v2\/users\/1"}],"replies":[{"embeddable":true,"href":"https:\/\/diarioparanaense.com\/index.php?rest_route=%2Fwp%2Fv2%2Fcomments&post=4706"}],"version-history":[{"count":1,"href":"https:\/\/diarioparanaense.com\/index.php?rest_route=\/wp\/v2\/posts\/4706\/revisions"}],"predecessor-version":[{"id":4708,"href":"https:\/\/diarioparanaense.com\/index.php?rest_route=\/wp\/v2\/posts\/4706\/revisions\/4708"}],"wp:featuredmedia":[{"embeddable":true,"href":"https:\/\/diarioparanaense.com\/index.php?rest_route=\/wp\/v2\/media\/4707"}],"wp:attachment":[{"href":"https:\/\/diarioparanaense.com\/index.php?rest_route=%2Fwp%2Fv2%2Fmedia&parent=4706"}],"wp:term":[{"taxonomy":"category","embeddable":true,"href":"https:\/\/diarioparanaense.com\/index.php?rest_route=%2Fwp%2Fv2%2Fcategories&post=4706"},{"taxonomy":"post_tag","embeddable":true,"href":"https:\/\/diarioparanaense.com\/index.php?rest_route=%2Fwp%2Fv2%2Ftags&post=4706"}],"curies":[{"name":"wp","href":"https:\/\/api.w.org\/{rel}","templated":true}]}}