{"id":4701,"date":"2025-07-30T11:24:28","date_gmt":"2025-07-30T14:24:28","guid":{"rendered":"https:\/\/diarioparanaense.com\/?p=4701"},"modified":"2025-07-30T11:24:29","modified_gmt":"2025-07-30T14:24:29","slug":"fernando-black-representa-curitiba-no-fms-fight-night-6-no-proximo-sabado","status":"publish","type":"post","link":"https:\/\/diarioparanaense.com\/?p=4701","title":{"rendered":"Fernando Black representa Curitiba no FMS Fight Night 6 no pr\u00f3ximo s\u00e1bado"},"content":{"rendered":"\n<p>Atleta da Universum Boxing integra o card do maior show de lutas do Brasil, neste s\u00e1bado (2), em Curitiba, com transmiss\u00e3o ao vivo pelo Canal Combate para mais de 80 pa\u00edses<\/p>\n\n\n\n<p>O FMS Fight Night 6 promete movimentar Curitiba no pr\u00f3ximo s\u00e1bado, 2 de agosto, reunindo grandes nomes do boxe e MMA nacional em uma noite eletrizante no Tork\u2019n Roll (Av. Marechal Floriano Peixoto, 1695 \u2013 Rebou\u00e7as). As lutas come\u00e7am a partir das 19h, com transmiss\u00e3o ao vivo pelo Canal Combate, e o evento ter\u00e1 cobertura para mais de 80 pa\u00edses.<\/p>\n\n\n\n<p>Um dos momentos mais aguardados da noite ser\u00e1 o Main Event Insano, com a luta entre o medalhista ol\u00edmpico Esquiva Falc\u00e3o e Vinicius Barros \u2014 confronto que promete prender a aten\u00e7\u00e3o do p\u00fablico e marcar mais um cap\u00edtulo importante na carreira de ambos os atletas.<\/p>\n\n\n\n<p>Mas Curitiba tamb\u00e9m ter\u00e1 seu representante no ringue: o professor e atleta Fernando Black, da Universum Boxing, academia refer\u00eancia em treinamentos t\u00e9cnicos e de alto rendimento na capital paranaense. Ele entra em a\u00e7\u00e3o com a miss\u00e3o de defender a bandeira curitibana em uma das maiores plataformas de lutas do Brasil.<\/p>\n\n\n\n<p>Fernando est\u00e1 em fase final de prepara\u00e7\u00e3o ao lado do treinador Edson Foreman, pugilista consagrado com diversos t\u00edtulos brasileiros e paranaenses no curr\u00edculo.<\/p>\n\n\n\n<p>\u201cO FMS Fight Night, \u00e9 uma grande oportunidade de mostrar o nosso trabalho para o pa\u00eds todo. Contamos com grandes parceiros em nosso camp, e com certeza, o Fenando Black chega preparado para representar muito bem a Universum Boxing e o boxe de Curitiba, diz Edson Foreman, treinador da Universum Boxing, sobre os ajustes finais da prepara\u00e7\u00e3o de Fernando Black.<\/p>\n\n\n\n<p><a href=\"https:\/\/www.instagram.com\/p\/DMqljLCy7XK\/\">https:\/\/www.instagram.com\/p\/DMqljLCy7XK\/<\/a><\/p>\n\n\n\n<p>Servi\u00e7o \u2013 FMS Fight Night 6<br>Data: S\u00e1bado, 2 de agosto de 2025<br>Hor\u00e1rio: A partir das 19h<br>Local: Tork\u2019n Roll \u2013 Avenida Marechal Floriano Peixoto, 1695 \u2013 Rebou\u00e7as, Curitiba (PR)<br>Ingressos: \u00c0 venda pelo site <a href=\"https:\/\/www.diskingressos.com.br\/evento\/1051\/02-08-2025\/pr\/curitiba\/fms-luta-rock\">https:\/\/www.diskingressos.com.br\/evento\/1051\/02-08-2025\/pr\/curitiba\/fms-luta-rock<\/a><br>Transmiss\u00e3o: Ao vivo pelo Canal Combate<br>Exibi\u00e7\u00e3o internacional: O evento ser\u00e1 transmitido para mais\u00a0de\u00a080\u00a0pa\u00edses<\/p>\n","protected":false},"excerpt":{"rendered":"<p>Atleta da Universum Boxing integra o card do maior show de lutas do Brasil, neste s\u00e1bado (2), em Curitiba, com transmiss\u00e3o ao vivo pelo Canal Combate para mais de 80 pa\u00edses O FMS Fight Night 6 promete movimentar Curitiba no pr\u00f3ximo s\u00e1bado, 2 de agosto, reunindo grandes nomes do boxe e MMA nacional em uma [&hellip;]<\/p>\n","protected":false},"author":1,"featured_media":4702,"comment_status":"open","ping_status":"open","sticky":false,"template":"","format":"standard","meta":{"footnotes":""},"categories":[159],"tags":[],"class_list":["post-4701","post","type-post","status-publish","format-standard","has-post-thumbnail","hentry","category-esportes"],"_links":{"self":[{"href":"https:\/\/diarioparanaense.com\/index.php?rest_route=\/wp\/v2\/posts\/4701","targetHints":{"allow":["GET"]}}],"collection":[{"href":"https:\/\/diarioparanaense.com\/index.php?rest_route=\/wp\/v2\/posts"}],"about":[{"href":"https:\/\/diarioparanaense.com\/index.php?rest_route=\/wp\/v2\/types\/post"}],"author":[{"embeddable":true,"href":"https:\/\/diarioparanaense.com\/index.php?rest_route=\/wp\/v2\/users\/1"}],"replies":[{"embeddable":true,"href":"https:\/\/diarioparanaense.com\/index.php?rest_route=%2Fwp%2Fv2%2Fcomments&post=4701"}],"version-history":[{"count":1,"href":"https:\/\/diarioparanaense.com\/index.php?rest_route=\/wp\/v2\/posts\/4701\/revisions"}],"predecessor-version":[{"id":4703,"href":"https:\/\/diarioparanaense.com\/index.php?rest_route=\/wp\/v2\/posts\/4701\/revisions\/4703"}],"wp:featuredmedia":[{"embeddable":true,"href":"https:\/\/diarioparanaense.com\/index.php?rest_route=\/wp\/v2\/media\/4702"}],"wp:attachment":[{"href":"https:\/\/diarioparanaense.com\/index.php?rest_route=%2Fwp%2Fv2%2Fmedia&parent=4701"}],"wp:term":[{"taxonomy":"category","embeddable":true,"href":"https:\/\/diarioparanaense.com\/index.php?rest_route=%2Fwp%2Fv2%2Fcategories&post=4701"},{"taxonomy":"post_tag","embeddable":true,"href":"https:\/\/diarioparanaense.com\/index.php?rest_route=%2Fwp%2Fv2%2Ftags&post=4701"}],"curies":[{"name":"wp","href":"https:\/\/api.w.org\/{rel}","templated":true}]}}