{"id":4697,"date":"2025-07-29T10:36:45","date_gmt":"2025-07-29T13:36:45","guid":{"rendered":"https:\/\/diarioparanaense.com\/?p=4697"},"modified":"2025-07-29T10:36:46","modified_gmt":"2025-07-29T13:36:46","slug":"luzes-cameras-primavera-do-lesteexibicao-especial-dos-filmes-do-projeto-cinema-na-palma-da-mao-e-estreia-de-o-amor-de-deus-acontece-dia-1o-de-agosto","status":"publish","type":"post","link":"https:\/\/diarioparanaense.com\/?p=4697","title":{"rendered":"LUZES, C\u00c2MERAS\u2026 PRIMAVERA DO LESTE!EXIBI\u00c7\u00c3O ESPECIAL DOS FILMES DO PROJETO \u201cCINEMA NA PALMA DA M\u00c3O\u201d E ESTREIA DE \u201cO AMOR DE DEUS\u201d ACONTECE DIA 1\u00ba DE AGOSTO"},"content":{"rendered":"\n<p>Se o cinema \u00e9 a s\u00e9tima arte, essa noite promete ser digna de Oscar! No dia 1\u00ba de agosto de 2025 (sexta-feira), o Teatro Municipal de Primavera do Leste (MT) se transforma em uma verdadeira sala de exibi\u00e7\u00e3o \u2014 com tapete! vermelho, bastidores vibrantes e grandes talentos locais \u2014 para a apresenta\u00e7\u00e3o dos filmes produzidos pelo projeto Cinema na Palma da M\u00e3o.<\/p>\n\n\n\n<p>\ud83d\udd55 A sess\u00e3o come\u00e7a \u00e0s 18h, com entrada gratuita e cora\u00e7\u00e3o aberto! Uma programa\u00e7\u00e3o que mistura emo\u00e7\u00e3o, aplausos e o melhor da criatividade regional.<\/p>\n\n\n\n<p>Na mesma noite, teremos a apresenta\u00e7\u00e3o da Academia de m\u00fasicas de Primavera do Leste e ser\u00e1 exibido o aguardado longa-metragem \u201cO Amor de Deus\u201d, com dire\u00e7\u00e3o de Bellamir Freire, que estar\u00e1 presente ao lado de parte do elenco que estar\u00e3o sendo representantados pelos atores Elton Carlos e Carlos Jer\u00f4nimo que receber\u00e3o uma homenagem pelo trabalho no filme!\u2014 que abrilhantam a produ\u00e7\u00e3o com atua\u00e7\u00f5es intensas e tocantes.<\/p>\n\n\n\n<p>E no final, aquele coquetel para os convidados presentes para um bate papo, fotos e um network!<br>A produ\u00e7\u00e3o do projeto \u00e9 assinada por Sebasti\u00e3o Moreira e Elton Carlos, que tamb\u00e9m atua no longa Amor de Deus, a coordena\u00e7\u00e3o do Cinema na Palma da M\u00e3o \u00e9 do Cineasta Bellamir Freire.<br>E para deixar tudo ainda mais cinematogr\u00e1fico, haver\u00e1 a entrega de certificados para os participantes do projeto e pr\u00eamios especiais para os destaques das produ\u00e7\u00f5es, em categorias como Melhor Filme, melhor Dire\u00e7\u00e3o, melhor fotografia, melhor originalidade, melhor coletividade, melhor som, melhor filme de inclus\u00e3o, melhor Criatividade, melhor inclus\u00e3o E entre outros!<\/p>\n\n\n\n<p>\ud83c\udf9e Tudo isso \u00e9 poss\u00edvel gra\u00e7as \u00e0 realiza\u00e7\u00e3o da Prefeitura Municipal e da Secretaria Municipal de Cultura de Primavera do Leste, com apoio do SEST SENAT e da Escola Alda Scopel Copel \u2014 juntos, promovendo arte, forma\u00e7\u00e3o e valorizando a juventude que cria com o que tem: o celular na m\u00e3o e a mente cheia de ideias.<\/p>\n\n\n\n<p>\ud83c\udfa5 O filme \u201cO Amor de Deus\u201d traz no elenco Raphael Montagner, Mariza Marquetti, Laila Fria\u00e7a, Gyselle Soares, Giseli Abra, e um grande elenco, em uma hist\u00f3ria que toca a f\u00e9, o amor e os caminhos de transforma\u00e7\u00e3o pessoal.<\/p>\n\n\n\n<p>\ud83c\udf9f<br>Teremos a Exibi\u00e7\u00e3o dos filmes do projeto \u201cCinema na Palma da M\u00e3o\u201d e estreia do longa \u201cO Amor de Deus\u201d<br>Quando: Sexta-feira, 1\u00ba de agosto de 2025, \u00e0s 18h<br>Onde: Teatro Municipal de Primavera do Leste (MT)<br>Quanto: Entrada gratuita<br>\ud83d\udcde Informa\u00e7\u00f5es: (66) 9603-5294 \/&nbsp;(66)&nbsp;9955-8131<\/p>\n","protected":false},"excerpt":{"rendered":"<p>Se o cinema \u00e9 a s\u00e9tima arte, essa noite promete ser digna de Oscar! No dia 1\u00ba de agosto de 2025 (sexta-feira), o Teatro Municipal de Primavera do Leste (MT) se transforma em uma verdadeira sala de exibi\u00e7\u00e3o \u2014 com tapete! vermelho, bastidores vibrantes e grandes talentos locais \u2014 para a apresenta\u00e7\u00e3o dos filmes produzidos [&hellip;]<\/p>\n","protected":false},"author":1,"featured_media":4698,"comment_status":"open","ping_status":"open","sticky":false,"template":"","format":"standard","meta":{"footnotes":""},"categories":[29],"tags":[],"class_list":["post-4697","post","type-post","status-publish","format-standard","has-post-thumbnail","hentry","category-artigos"],"_links":{"self":[{"href":"https:\/\/diarioparanaense.com\/index.php?rest_route=\/wp\/v2\/posts\/4697","targetHints":{"allow":["GET"]}}],"collection":[{"href":"https:\/\/diarioparanaense.com\/index.php?rest_route=\/wp\/v2\/posts"}],"about":[{"href":"https:\/\/diarioparanaense.com\/index.php?rest_route=\/wp\/v2\/types\/post"}],"author":[{"embeddable":true,"href":"https:\/\/diarioparanaense.com\/index.php?rest_route=\/wp\/v2\/users\/1"}],"replies":[{"embeddable":true,"href":"https:\/\/diarioparanaense.com\/index.php?rest_route=%2Fwp%2Fv2%2Fcomments&post=4697"}],"version-history":[{"count":1,"href":"https:\/\/diarioparanaense.com\/index.php?rest_route=\/wp\/v2\/posts\/4697\/revisions"}],"predecessor-version":[{"id":4699,"href":"https:\/\/diarioparanaense.com\/index.php?rest_route=\/wp\/v2\/posts\/4697\/revisions\/4699"}],"wp:featuredmedia":[{"embeddable":true,"href":"https:\/\/diarioparanaense.com\/index.php?rest_route=\/wp\/v2\/media\/4698"}],"wp:attachment":[{"href":"https:\/\/diarioparanaense.com\/index.php?rest_route=%2Fwp%2Fv2%2Fmedia&parent=4697"}],"wp:term":[{"taxonomy":"category","embeddable":true,"href":"https:\/\/diarioparanaense.com\/index.php?rest_route=%2Fwp%2Fv2%2Fcategories&post=4697"},{"taxonomy":"post_tag","embeddable":true,"href":"https:\/\/diarioparanaense.com\/index.php?rest_route=%2Fwp%2Fv2%2Ftags&post=4697"}],"curies":[{"name":"wp","href":"https:\/\/api.w.org\/{rel}","templated":true}]}}