{"id":4694,"date":"2025-07-29T10:34:25","date_gmt":"2025-07-29T13:34:25","guid":{"rendered":"https:\/\/diarioparanaense.com\/?p=4694"},"modified":"2025-07-29T10:34:26","modified_gmt":"2025-07-29T13:34:26","slug":"fabiano-marchiorato-celebra-novo-em-curitiba","status":"publish","type":"post","link":"https:\/\/diarioparanaense.com\/?p=4694","title":{"rendered":"Fabiano Marchiorato celebra novo em Curitiba"},"content":{"rendered":"\n<p>O empres\u00e1rio e gestor jur\u00eddico Fabiano Marchiorato, s\u00f3cio da \u00c9OS BPO Controladoria Jur\u00eddica e CEO da \u00c9OS RH, lan\u00e7a em Curitiba seu mais novo livro: \u201c101 Conselhos Essenciais para Controllers Jur\u00eddicos\u201d, uma obra que combina experi\u00eancia pr\u00e1tica, pensamento estrat\u00e9gico e reflex\u00f5es in\u00e9ditas sobre a evolu\u00e7\u00e3o da gest\u00e3o jur\u00eddica no Brasil.<\/p>\n\n\n\n<p>Com linguagem acess\u00edvel e foco em quem atua &#8211; ou deseja atuar \u2014 com dados, estrat\u00e9gia e resultados no setor jur\u00eddico, o livro se apresenta n\u00e3o como um manual t\u00e9cnico, mas como uma verdadeira b\u00fassola profissional. S\u00e3o conselhos e frases provocativas que dialogam com temas como lideran\u00e7a, performance, cultura organizacional, intelig\u00eancia de dados e o papel transformador dos controllers jur\u00eddicos.<\/p>\n\n\n\n<p>O lan\u00e7amento ser\u00e1 celebrado em grande estilo com uma noite de aut\u00f3grafos no Batel, reunindo nomes importantes da \u00e1rea e valorizando os profissionais que est\u00e3o ajudando a reinventar a forma como o jur\u00eddico se posiciona nas organiza\u00e7\u00f5es.<\/p>\n\n\n\n<p>Servi\u00e7o<br>\ud83d\udcda Lan\u00e7amento do livro \u201c101 Conselhos Essenciais para Controllers Jur\u00eddicos\u201d<br>\ud83d\udc64 Autor: Fabiano Marchiorato<br>\ud83d\uddd3 Data: 29 de julho (ter\u00e7a-feira)<br>\u23f0 Hor\u00e1rio: 19h30<br>\ud83d\udccd Local: SOMA Galeria \u2013 Batel, Curitiba<br>\ud83d\udd17 Instagram: @fabiano_marchiorato<\/p>\n\n\n\n<p>Sobre \u00c9OS<br>A \u00c9OS, criada por Valdemiro Kreusch e Jorge Majeski, \u00e9 uma holding especializada na profissionaliza\u00e7\u00e3o da gest\u00e3o jur\u00eddica, oferecendo solu\u00e7\u00f5es integradas como consultorias de gest\u00e3o; recrutamento, desenvolvimento de talentos; escola de neg\u00f3cios jur\u00eddicos; BPO Financeiro e BPO de controladoria jur\u00eddica \u2014 servi\u00e7o que terceiriza de forma estrat\u00e9gica todas as rotinas administrativas processuais, otimizando prazos, agendas e dados, e permitindo que os escrit\u00f3rios de advocacia foquem exclusivamente no trabalho jur\u00eddico de excel\u00eancia.<\/p>\n\n\n\n<p>Site oficial:\u00a0<a href=\"https:\/\/eos.adv.br\/\">https:\/\/eos.adv.br\/<\/a><br>Contato:\u00a0(41) 99976-7806<br>E-mail:\u00a0eos@eos.adv.br<\/p>\n","protected":false},"excerpt":{"rendered":"<p>O empres\u00e1rio e gestor jur\u00eddico Fabiano Marchiorato, s\u00f3cio da \u00c9OS BPO Controladoria Jur\u00eddica e CEO da \u00c9OS RH, lan\u00e7a em Curitiba seu mais novo livro: \u201c101 Conselhos Essenciais para Controllers Jur\u00eddicos\u201d, uma obra que combina experi\u00eancia pr\u00e1tica, pensamento estrat\u00e9gico e reflex\u00f5es in\u00e9ditas sobre a evolu\u00e7\u00e3o da gest\u00e3o jur\u00eddica no Brasil. Com linguagem acess\u00edvel e foco [&hellip;]<\/p>\n","protected":false},"author":1,"featured_media":4695,"comment_status":"open","ping_status":"open","sticky":false,"template":"","format":"standard","meta":{"footnotes":""},"categories":[29,186,142],"tags":[],"class_list":["post-4694","post","type-post","status-publish","format-standard","has-post-thumbnail","hentry","category-artigos","category-eventos","category-literatura"],"_links":{"self":[{"href":"https:\/\/diarioparanaense.com\/index.php?rest_route=\/wp\/v2\/posts\/4694","targetHints":{"allow":["GET"]}}],"collection":[{"href":"https:\/\/diarioparanaense.com\/index.php?rest_route=\/wp\/v2\/posts"}],"about":[{"href":"https:\/\/diarioparanaense.com\/index.php?rest_route=\/wp\/v2\/types\/post"}],"author":[{"embeddable":true,"href":"https:\/\/diarioparanaense.com\/index.php?rest_route=\/wp\/v2\/users\/1"}],"replies":[{"embeddable":true,"href":"https:\/\/diarioparanaense.com\/index.php?rest_route=%2Fwp%2Fv2%2Fcomments&post=4694"}],"version-history":[{"count":1,"href":"https:\/\/diarioparanaense.com\/index.php?rest_route=\/wp\/v2\/posts\/4694\/revisions"}],"predecessor-version":[{"id":4696,"href":"https:\/\/diarioparanaense.com\/index.php?rest_route=\/wp\/v2\/posts\/4694\/revisions\/4696"}],"wp:featuredmedia":[{"embeddable":true,"href":"https:\/\/diarioparanaense.com\/index.php?rest_route=\/wp\/v2\/media\/4695"}],"wp:attachment":[{"href":"https:\/\/diarioparanaense.com\/index.php?rest_route=%2Fwp%2Fv2%2Fmedia&parent=4694"}],"wp:term":[{"taxonomy":"category","embeddable":true,"href":"https:\/\/diarioparanaense.com\/index.php?rest_route=%2Fwp%2Fv2%2Fcategories&post=4694"},{"taxonomy":"post_tag","embeddable":true,"href":"https:\/\/diarioparanaense.com\/index.php?rest_route=%2Fwp%2Fv2%2Ftags&post=4694"}],"curies":[{"name":"wp","href":"https:\/\/api.w.org\/{rel}","templated":true}]}}