{"id":4691,"date":"2025-07-29T10:31:36","date_gmt":"2025-07-29T13:31:36","guid":{"rendered":"https:\/\/diarioparanaense.com\/?p=4691"},"modified":"2025-07-29T10:31:37","modified_gmt":"2025-07-29T13:31:37","slug":"oportunidade-de-emprego-grupo-minipreco-abre-novas-vagas","status":"publish","type":"post","link":"https:\/\/diarioparanaense.com\/?p=4691","title":{"rendered":"Oportunidade de emprego: Grupo MiniPre\u00e7o abre novas vagas"},"content":{"rendered":"\n<p class=\"has-medium-font-size\">Interessados em uma nova coloca\u00e7\u00e3o profissional t\u00eam at\u00e9 31 de julho para se candidatar<\/p>\n\n\n\n<p>O Grupo MiniPre\u00e7o, uma das maiores redes varejistas do Paran\u00e1, est\u00e1 com vagas de emprego para lojas de Curitiba e Regi\u00e3o Metropolitana. As oportunidades s\u00e3o para auxiliar de estoque, operador, fiscal e l\u00edder de loja. A empresa busca talentos que se identifiquem com o varejo e que estejam dispostos a crescer junto com a rede.<\/p>\n\n\n\n<p>&#8220;Oferecer oportunidades de trabalho \u00e9 sempre algo que nos deixa entusiasmados. Isso mostra que o Grupo MiniPre\u00e7o continua crescendo e que pessoas poder\u00e3o voltar ao mercado de trabalho, gerando renda para suas fam\u00edlias\u201d, afirma Beni Gelhorn, diretor comercial do Grupo Minipre\u00e7o.<\/p>\n\n\n\n<p>Os interessados podem enviar o curr\u00edculo para o Whatsapp 41 9183-7342 informando a vaga de interesse na mensagem, at\u00e9 o dia 31 de julho. Ser\u00e3o tr\u00eas etapas at\u00e9 a contrata\u00e7\u00e3o, sendo: an\u00e1lise curricular, entrevista com o RH e entrevista com o gestor. Os sal\u00e1rios variam de R$1.800,00 a R$2.400,00. As vagas s\u00e3o para as unidades localizadas em Curitiba, Colombo e Fazenda Rio Grande.<\/p>\n\n\n\n<p>\u201cEsta \u00e9 uma excelente oportunidade para quem busca estabilidade e desenvolvimento profissional em um setor din\u00e2mico e em constante crescimento&#8221;, acrescenta Beni.<\/p>\n\n\n\n<p class=\"has-medium-font-size\">Em expans\u00e3o<\/p>\n\n\n\n<p>Com 12 lojas espalhadas pelo Paran\u00e1 e 6 no Esp\u00edrito Santo, o Grupo MiniPre\u00e7o anuncia a abertura de uma nova filial em Campo Largo. J\u00e1 em obras, a loja ter\u00e1 mais de mil m2, situada na Rua Xavier da Silva, no Centro da cidade.<\/p>\n\n\n\n<p>\u201cA loja de Campo Largo faz parte do plano de expans\u00e3o. As obras j\u00e1 foram iniciadas e, em breve, anunciaremos a data de inaugura\u00e7\u00e3o. Campo Largo tem um enorme potencial econ\u00f4mico e, com essa nova loja, ser\u00e3o mais trabalhadores contratados, gera\u00e7\u00e3o de renda para o munic\u00edpio e aquecimento da economia local\u201d, comemora o diretor comercial do Grupo MiniPre\u00e7o.<\/p>\n\n\n\n<p class=\"has-medium-font-size\">Servi\u00e7o:<\/p>\n\n\n\n<p>Vagas de emprego Grupo MiniPre\u00e7o<br>Inscri\u00e7\u00f5es: enviar o curr\u00edculo no whatsapp 41 9183-7342 (informar a vaga de interesse na mensagem)<br>Data limite de inscri\u00e7\u00e3o: 31\/07\/2025<br>Etapas da sele\u00e7\u00e3o: (I) An\u00e1lise curricular, (II) Entrevista com RH e (III) Entrevista&nbsp;com&nbsp;Gestor<\/p>\n","protected":false},"excerpt":{"rendered":"<p>Interessados em uma nova coloca\u00e7\u00e3o profissional t\u00eam at\u00e9 31 de julho para se candidatar O Grupo MiniPre\u00e7o, uma das maiores redes varejistas do Paran\u00e1, est\u00e1 com vagas de emprego para lojas de Curitiba e Regi\u00e3o Metropolitana. As oportunidades s\u00e3o para auxiliar de estoque, operador, fiscal e l\u00edder de loja. A empresa busca talentos que se [&hellip;]<\/p>\n","protected":false},"author":1,"featured_media":4692,"comment_status":"open","ping_status":"open","sticky":false,"template":"","format":"standard","meta":{"footnotes":""},"categories":[29],"tags":[],"class_list":["post-4691","post","type-post","status-publish","format-standard","has-post-thumbnail","hentry","category-artigos"],"_links":{"self":[{"href":"https:\/\/diarioparanaense.com\/index.php?rest_route=\/wp\/v2\/posts\/4691","targetHints":{"allow":["GET"]}}],"collection":[{"href":"https:\/\/diarioparanaense.com\/index.php?rest_route=\/wp\/v2\/posts"}],"about":[{"href":"https:\/\/diarioparanaense.com\/index.php?rest_route=\/wp\/v2\/types\/post"}],"author":[{"embeddable":true,"href":"https:\/\/diarioparanaense.com\/index.php?rest_route=\/wp\/v2\/users\/1"}],"replies":[{"embeddable":true,"href":"https:\/\/diarioparanaense.com\/index.php?rest_route=%2Fwp%2Fv2%2Fcomments&post=4691"}],"version-history":[{"count":1,"href":"https:\/\/diarioparanaense.com\/index.php?rest_route=\/wp\/v2\/posts\/4691\/revisions"}],"predecessor-version":[{"id":4693,"href":"https:\/\/diarioparanaense.com\/index.php?rest_route=\/wp\/v2\/posts\/4691\/revisions\/4693"}],"wp:featuredmedia":[{"embeddable":true,"href":"https:\/\/diarioparanaense.com\/index.php?rest_route=\/wp\/v2\/media\/4692"}],"wp:attachment":[{"href":"https:\/\/diarioparanaense.com\/index.php?rest_route=%2Fwp%2Fv2%2Fmedia&parent=4691"}],"wp:term":[{"taxonomy":"category","embeddable":true,"href":"https:\/\/diarioparanaense.com\/index.php?rest_route=%2Fwp%2Fv2%2Fcategories&post=4691"},{"taxonomy":"post_tag","embeddable":true,"href":"https:\/\/diarioparanaense.com\/index.php?rest_route=%2Fwp%2Fv2%2Ftags&post=4691"}],"curies":[{"name":"wp","href":"https:\/\/api.w.org\/{rel}","templated":true}]}}