{"id":4687,"date":"2025-07-28T11:12:59","date_gmt":"2025-07-28T14:12:59","guid":{"rendered":"https:\/\/diarioparanaense.com\/?p=4687"},"modified":"2025-07-28T11:13:00","modified_gmt":"2025-07-28T14:13:00","slug":"cores-fora-da-tela-projeto-promove-relacao-saudavel-entre-criancas-e-tecnologia","status":"publish","type":"post","link":"https:\/\/diarioparanaense.com\/?p=4687","title":{"rendered":"Cores Fora da Tela: projeto promove rela\u00e7\u00e3o saud\u00e1vel entre crian\u00e7as e tecnologia"},"content":{"rendered":"\n<p class=\"has-medium-font-size\">Iniciativa \u00e9 do programa DEDICA, voltado \u00e0 prote\u00e7\u00e3o dos direitos de crian\u00e7as e adolescentes<\/p>\n\n\n\n<p>O DEDICA, Defesa dos Direitos da Crian\u00e7a e do Adolescente, projeto mantido pelos Amigos do HC, lan\u00e7a na pr\u00f3xima quarta-feira (30), o projeto &#8220;Cores Fora da Tela&#8221;. A ideia do projeto, aprovado pela Lei de Incentivo \u00e0 Cultura, \u00e9 propor oficinas semanais de ilustra\u00e7\u00e3o voltadas \u00e0 crian\u00e7as e adolescentes atendidos pelo DEDICA, promovendo conscientiza\u00e7\u00e3o sobre os impactos do uso excessivo de telas, al\u00e9m de incentivar a livre manifesta\u00e7\u00e3o art\u00edstica.<\/p>\n\n\n\n<p>A a\u00e7\u00e3o prev\u00ea a participa\u00e7\u00e3o de at\u00e9 120 crian\u00e7as e adolescentes, com encontros de 2 horas semanais, no contraturno escolar. Com dura\u00e7\u00e3o de seis meses de atividades diretas, a proposta busca promover uma rela\u00e7\u00e3o mais equilibrada com a tecnologia, despertando a criatividade, a imagina\u00e7\u00e3o e o contato com a cultura local, por meio da arte visual.<\/p>\n\n\n\n<p>&#8220;Em um mundo cada vez mais conectado, \u00e9 fundamental que nossas crian\u00e7as e adolescentes desenvolvam uma rela\u00e7\u00e3o saud\u00e1vel com a tecnologia. O \u201cCores Fora da Tela\u201d \u00e9 nossa forma de abordar esse tema de maneira leve e criativa, estimulando a reflex\u00e3o e o desenvolvimento de h\u00e1bitos mais equilibrados&#8221;, afirma Caroline Precoma Dergham, Superintendente da Associa\u00e7\u00e3o dos Amigos do HC.<\/p>\n\n\n\n<p>O projeto \u201cCores Fora da Tela\u201d cumpre finalidades previstas no Decreto n\u00ba 11.453\/2023 e na Lei Rouanet (Lei n\u00ba 8.313\/91), ao ampliar o acesso \u00e0 produ\u00e7\u00e3o cultural, fortalecer cadeias produtivas locais, incentivar a forma\u00e7\u00e3o art\u00edstica e valorizar manifesta\u00e7\u00f5es culturais. O evento de lan\u00e7amento do projeto ser\u00e1 realizado na sede do DEDICA, no bairro Alto da Gl\u00f3ria, e contar\u00e1 com a presen\u00e7a de convidados e representantes de entidades.<\/p>\n\n\n\n<p class=\"has-medium-font-size\">Sobre o DEDICA<\/p>\n\n\n\n<p>O Programa DEDICA, Defesa dos Direitos da Crian\u00e7a e do Adolescente, mantido pela Associa\u00e7\u00e3o dos Amigos do Hospital de Cl\u00ednicas, presta assist\u00eancia \u00e0 crian\u00e7as e adolescentes v\u00edtimas de viol\u00eancia grave ou grav\u00edssima. O programa recebe crian\u00e7as e adolescentes encaminhados pelo Complexo Hospital de Cl\u00ednicas, pelo Minist\u00e9rio P\u00fablico, Varas da Inf\u00e2ncia, Conselhos Tutelares, Delegacias e de outros centros de atendimento e prote\u00e7\u00e3o. O DEDICA tamb\u00e9m presta assist\u00eancia interdisciplinar, m\u00e9dica, psicol\u00f3gica, psiqui\u00e1trica, social, de prote\u00e7\u00e3o legal e psicanal\u00edtica, de forma gratuita, \u00e0s v\u00edtimas, respons\u00e1veis e agressores &#8211; esses \u00faltimos, quando pass\u00edveis de tratamento.<\/p>\n\n\n\n<p class=\"has-medium-font-size\">SERVI\u00c7O:<\/p>\n\n\n\n<p>Evento de lan\u00e7amento projeto \u201cCores Fora da Tela\u201d<br>Data 30 de julho<br>Hor\u00e1rio: 10h30<br>Local: Sede do DEDICA<br>Site: <a href=\"https:\/\/dedica.org.br\/\">https:\/\/dedica.org.br\/<\/a><\/p>\n","protected":false},"excerpt":{"rendered":"<p>Iniciativa \u00e9 do programa DEDICA, voltado \u00e0 prote\u00e7\u00e3o dos direitos de crian\u00e7as e adolescentes O DEDICA, Defesa dos Direitos da Crian\u00e7a e do Adolescente, projeto mantido pelos Amigos do HC, lan\u00e7a na pr\u00f3xima quarta-feira (30), o projeto &#8220;Cores Fora da Tela&#8221;. A ideia do projeto, aprovado pela Lei de Incentivo \u00e0 Cultura, \u00e9 propor oficinas [&hellip;]<\/p>\n","protected":false},"author":1,"featured_media":4688,"comment_status":"open","ping_status":"open","sticky":false,"template":"","format":"standard","meta":{"footnotes":""},"categories":[29],"tags":[],"class_list":["post-4687","post","type-post","status-publish","format-standard","has-post-thumbnail","hentry","category-artigos"],"_links":{"self":[{"href":"https:\/\/diarioparanaense.com\/index.php?rest_route=\/wp\/v2\/posts\/4687","targetHints":{"allow":["GET"]}}],"collection":[{"href":"https:\/\/diarioparanaense.com\/index.php?rest_route=\/wp\/v2\/posts"}],"about":[{"href":"https:\/\/diarioparanaense.com\/index.php?rest_route=\/wp\/v2\/types\/post"}],"author":[{"embeddable":true,"href":"https:\/\/diarioparanaense.com\/index.php?rest_route=\/wp\/v2\/users\/1"}],"replies":[{"embeddable":true,"href":"https:\/\/diarioparanaense.com\/index.php?rest_route=%2Fwp%2Fv2%2Fcomments&post=4687"}],"version-history":[{"count":1,"href":"https:\/\/diarioparanaense.com\/index.php?rest_route=\/wp\/v2\/posts\/4687\/revisions"}],"predecessor-version":[{"id":4689,"href":"https:\/\/diarioparanaense.com\/index.php?rest_route=\/wp\/v2\/posts\/4687\/revisions\/4689"}],"wp:featuredmedia":[{"embeddable":true,"href":"https:\/\/diarioparanaense.com\/index.php?rest_route=\/wp\/v2\/media\/4688"}],"wp:attachment":[{"href":"https:\/\/diarioparanaense.com\/index.php?rest_route=%2Fwp%2Fv2%2Fmedia&parent=4687"}],"wp:term":[{"taxonomy":"category","embeddable":true,"href":"https:\/\/diarioparanaense.com\/index.php?rest_route=%2Fwp%2Fv2%2Fcategories&post=4687"},{"taxonomy":"post_tag","embeddable":true,"href":"https:\/\/diarioparanaense.com\/index.php?rest_route=%2Fwp%2Fv2%2Ftags&post=4687"}],"curies":[{"name":"wp","href":"https:\/\/api.w.org\/{rel}","templated":true}]}}