{"id":4677,"date":"2025-07-23T09:31:03","date_gmt":"2025-07-23T12:31:03","guid":{"rendered":"https:\/\/diarioparanaense.com\/?p=4677"},"modified":"2025-07-23T09:31:04","modified_gmt":"2025-07-23T12:31:04","slug":"reforma-tributaria-em-meio-ao-tarifaco-a-transicao-exige-planejamento-estrategico-alerta-plinio-reis","status":"publish","type":"post","link":"https:\/\/diarioparanaense.com\/?p=4677","title":{"rendered":"Reforma Tribut\u00e1ria: Em Meio ao &#8216;Tarifa\u00e7o&#8217;, a transi\u00e7\u00e3o exige planejamento estrat\u00e9gico, Alerta Pl\u00ednio Reis"},"content":{"rendered":"\n<p class=\"has-medium-font-size\">O Brasil segue no topo das posi\u00e7\u00f5es mais desafiadoras no cen\u00e1rio econ\u00f4mico global quando o assunto \u00e9 ambiente de neg\u00f3cios e competitividade tribut\u00e1ria.<\/p>\n\n\n\n<p>O problema n\u00e3o se resume apenas \u00e0 alta carga de impostos, mas sobretudo ao custo oculto da burocracia envolvida no cumprimento das obriga\u00e7\u00f5es e entrega de informa\u00e7\u00f5es, um fardo que, somado \u00e0s atuais press\u00f5es de custo como o &#8216;tarifa\u00e7o&#8217;, amplia os desafios para as empresas brasileiras.<\/p>\n\n\n\n<p>De acordo com um levantamento da PwC, o Brasil lidera, entre 183 pa\u00edses, o ranking do tempo gasto com obriga\u00e7\u00f5es tribut\u00e1rias: s\u00e3o necess\u00e1rias 2.600 horas por ano apenas para manter-se em conformidade com o fisco. Para se ter uma ideia do tamanho do gargalo, Camar\u00f5es, que aparece em segundo lugar, demanda cerca de 1.400 horas, quase metade do tempo brasileiro. Essa complexidade afeta diretamente a rentabilidade das empresas, desestimula investimentos externos e cria uma desvantagem competitiva global. A m\u00e1quina burocr\u00e1tica tribut\u00e1ria n\u00e3o apenas consome tempo e recursos, mas tamb\u00e9m freia a inova\u00e7\u00e3o e o crescimento em todos os setores da economia.<\/p>\n\n\n\n<p>Com a aprova\u00e7\u00e3o da Reforma Tribut\u00e1ria, muito se falou em mudan\u00e7as. No entanto, \u00e9 preciso esclarecer que o foco principal da reforma n\u00e3o \u00e9 a redu\u00e7\u00e3o da carga tribut\u00e1ria. Pelo contr\u00e1rio, diversos setores poder\u00e3o at\u00e9 sentir um aumento, conforme as novas regras forem implementadas. O verdadeiro objetivo da reforma \u00e9 simplificar o sistema, tornando-o mais claro, previs\u00edvel e eficiente, substituindo um emaranhado de tributos (PIS, Cofins, ICMS, ISS, IPI, entre outros) por um Imposto sobre Valor Agregado (IVA) composto pela somatoria do IBS (Estadual\/Municipal) e CBS (Federal).<\/p>\n\n\n\n<p>Contudo, essa simplicidade \u00e9 uma meta a ser atingida a longo prazo. A transi\u00e7\u00e3o para o novo modelo de tributa\u00e7\u00e3o come\u00e7a em 2026 e se estende at\u00e9 2033, totalizando oito anos de conviv\u00eancia entre o sistema tribut\u00e1rio atual e o novo sistema da Reforma. Durante esse per\u00edodo, empresas de todos os portes ter\u00e3o que lidar com dois sistemas tribut\u00e1rios ao mesmo tempo, gerenciando c\u00e1lculos distintos, obriga\u00e7\u00f5es duplas e impactos estrat\u00e9gicos variados. Ou seja, a complexidade n\u00e3o apenas continua, como \u00e9 significativamente ampliada no curto e m\u00e9dio prazo, adicionando uma nova camada de desafio ao j\u00e1 oneroso &#8220;Custo Brasil&#8221; e \u00e0s press\u00f5es econ\u00f4micas recentes.<\/p>\n\n\n\n<p>\u00c9 justamente para enfrentar este cen\u00e1rio de complexidade e incertezas que o mercado cobrou de Pl\u00ednio Reis uma solu\u00e7\u00e3o robusta. Foi assim que nasceu o Simulador Oficial da Reforma Tribut\u00e1ria, idealizado pelo tributarista e especialista em gest\u00e3o tribut\u00e1ria Pl\u00ednio Reis, fundador da bart. A ferramenta foi desenvolvida para auxiliar empresas e profissionais da contabilidade a entenderem, com facilidade e clareza, quais ser\u00e3o os impactos da reforma sobre suas opera\u00e7\u00f5es durante e ap\u00f3s a transi\u00e7\u00e3o.<\/p>\n\n\n\n<p>Com o Simulador, ser\u00e1 poss\u00edvel prever cen\u00e1rios, comparar o custo tribut\u00e1rio atual com o novo modelo, identificar riscos e oportunidades, e, sobretudo, planejar-se com intelig\u00eancia e anteced\u00eancia. Em um momento de transforma\u00e7\u00e3o profunda, onde a dupla burocracia se soma a um ambiente econ\u00f4mico desafiador, a informa\u00e7\u00e3o confi\u00e1vel e estrat\u00e9gica ser\u00e1 o maior ativo das empresas.<\/p>\n\n\n\n<p>A transi\u00e7\u00e3o j\u00e1 come\u00e7ou, e a partir de janeiro de 2026, as empresas sentir\u00e3o os primeiros reflexos dessa mudan\u00e7a. Estar preparado n\u00e3o ser\u00e1 um diferencial, mas sim uma medida obrigat\u00f3ria para n\u00e3o perder mercado para a concorr\u00eancia.<\/p>\n\n\n\n<p class=\"has-medium-font-size\">Sobre Pl\u00ednio Reis:<\/p>\n\n\n\n<p>Pl\u00ednio Reis \u00e9 tributarista empresarial, idealizador do Simulador Oficial da Reforma Tribut\u00e1ria, estrategista e heaf of tax na bart Gest\u00e3o Tribut\u00e1ria, escrit\u00f3rio com atua\u00e7\u00e3o nacional reconhecido pelo uso de tecnologia pr\u00f3pria, vis\u00e3o multidisciplinar e solu\u00e7\u00f5es inovadoras em projetos de Compliance, Auditoria e Planejamento\u00a0Tribut\u00e1rio.<\/p>\n","protected":false},"excerpt":{"rendered":"<p>O Brasil segue no topo das posi\u00e7\u00f5es mais desafiadoras no cen\u00e1rio econ\u00f4mico global quando o assunto \u00e9 ambiente de neg\u00f3cios e competitividade tribut\u00e1ria. O problema n\u00e3o se resume apenas \u00e0 alta carga de impostos, mas sobretudo ao custo oculto da burocracia envolvida no cumprimento das obriga\u00e7\u00f5es e entrega de informa\u00e7\u00f5es, um fardo que, somado \u00e0s [&hellip;]<\/p>\n","protected":false},"author":1,"featured_media":4678,"comment_status":"open","ping_status":"open","sticky":false,"template":"","format":"standard","meta":{"footnotes":""},"categories":[29],"tags":[],"class_list":["post-4677","post","type-post","status-publish","format-standard","has-post-thumbnail","hentry","category-artigos"],"_links":{"self":[{"href":"https:\/\/diarioparanaense.com\/index.php?rest_route=\/wp\/v2\/posts\/4677","targetHints":{"allow":["GET"]}}],"collection":[{"href":"https:\/\/diarioparanaense.com\/index.php?rest_route=\/wp\/v2\/posts"}],"about":[{"href":"https:\/\/diarioparanaense.com\/index.php?rest_route=\/wp\/v2\/types\/post"}],"author":[{"embeddable":true,"href":"https:\/\/diarioparanaense.com\/index.php?rest_route=\/wp\/v2\/users\/1"}],"replies":[{"embeddable":true,"href":"https:\/\/diarioparanaense.com\/index.php?rest_route=%2Fwp%2Fv2%2Fcomments&post=4677"}],"version-history":[{"count":1,"href":"https:\/\/diarioparanaense.com\/index.php?rest_route=\/wp\/v2\/posts\/4677\/revisions"}],"predecessor-version":[{"id":4679,"href":"https:\/\/diarioparanaense.com\/index.php?rest_route=\/wp\/v2\/posts\/4677\/revisions\/4679"}],"wp:featuredmedia":[{"embeddable":true,"href":"https:\/\/diarioparanaense.com\/index.php?rest_route=\/wp\/v2\/media\/4678"}],"wp:attachment":[{"href":"https:\/\/diarioparanaense.com\/index.php?rest_route=%2Fwp%2Fv2%2Fmedia&parent=4677"}],"wp:term":[{"taxonomy":"category","embeddable":true,"href":"https:\/\/diarioparanaense.com\/index.php?rest_route=%2Fwp%2Fv2%2Fcategories&post=4677"},{"taxonomy":"post_tag","embeddable":true,"href":"https:\/\/diarioparanaense.com\/index.php?rest_route=%2Fwp%2Fv2%2Ftags&post=4677"}],"curies":[{"name":"wp","href":"https:\/\/api.w.org\/{rel}","templated":true}]}}