{"id":4674,"date":"2025-07-23T09:29:29","date_gmt":"2025-07-23T12:29:29","guid":{"rendered":"https:\/\/diarioparanaense.com\/?p=4674"},"modified":"2025-07-23T09:29:30","modified_gmt":"2025-07-23T12:29:30","slug":"ls-jack-inicia-nova-fase-com-ineditas-gravadas-na-ms-producoes-artisticas-em-curitiba","status":"publish","type":"post","link":"https:\/\/diarioparanaense.com\/?p=4674","title":{"rendered":"LS Jack inicia nova fase com in\u00e9ditas gravadas na MS Produ\u00e7\u00f5es Art\u00edsticas em Curitiba"},"content":{"rendered":"\n<p class=\"has-medium-font-size\">Banda retorna aos palcos e est\u00fadios com nova energia, resgatando sua ess\u00eancia e apostando em estrutura de excel\u00eancia para lan\u00e7ar novos trabalhos<\/p>\n\n\n\n<p>Com uma trajet\u00f3ria marcada por hits que embalaram o Brasil no final dos anos 90 e in\u00edcio dos anos 2000, a banda LS Jack est\u00e1 de volta, agora em uma fase de renova\u00e7\u00e3o musical e reconex\u00e3o com seu p\u00fablico. Formada atualmente por S\u00e9rgio Ferreira (voz, guitarra e viol\u00e3o), Vitor Queiroz (baixo) e Bicudo (bateria), a banda retoma a agenda de shows e anuncia novidades: m\u00fasicas do novo \u00e1lbum AGORA gravadas na MS Produ\u00e7\u00f5es Art\u00edsticas, gravadas na MS Produ\u00e7\u00f5es Art\u00edsticas, em Curitiba (PR). O projeto marca o reencontro entre os integrantes e tamb\u00e9m com suas ra\u00edzes art\u00edsticas, ao mesmo tempo em que aponta para um futuro promissor. As m\u00fasicas in\u00e9ditas trazem a identidade mel\u00f3dica e afetiva que consagrou o grupo, agora com arranjos atualizados e produ\u00e7\u00e3o de alto n\u00edvel.<\/p>\n\n\n\n<p class=\"has-medium-font-size\">Grava\u00e7\u00f5es em est\u00fadio de excel\u00eancia<\/p>\n\n\n\n<p>A escolha pela MS Produ\u00e7\u00f5es Art\u00edsticas refor\u00e7a o cuidado do LS Jack com cada etapa desse retorno. Criada em 2022 por Marcelo Scutti, a MS nasceu com a proposta de ser mais do que uma produtora: uma plataforma completa para artistas que buscam qualidade, profissionalismo e vis\u00e3o estrat\u00e9gica. Com tr\u00eas est\u00fadios independentes e equipamentos de \u00faltima gera\u00e7\u00e3o, a MS j\u00e1 se consolidou como refer\u00eancia no Sul do pa\u00eds.<\/p>\n\n\n\n<p>Entre os destaques t\u00e9cnicos da casa est\u00e3o consoles Audient, amplificadores John Hardy, interfaces UAD, conversores Antelope Orion 32+ e monitores de refer\u00eancia como Dynaudio e Adam. A estrutura permite uma entrega de alt\u00edssimo padr\u00e3o \u2014 da capta\u00e7\u00e3o \u00e0 finaliza\u00e7\u00e3o \u2014, al\u00e9m de oferecer suporte de gest\u00e3o art\u00edstica e desenvolvimento de carreira.<\/p>\n\n\n\n<p>\u201cCriamos a MS para acolher artistas que levam seu trabalho a s\u00e9rio. Mais do que gravar, queremos ajudar a construir carreiras s\u00f3lidas, com excel\u00eancia em cada detalhe\u201d, explica Marcelo Scutti.<\/p>\n\n\n\n<p class=\"has-medium-font-size\">Sucessos que atravessam gera\u00e7\u00f5es<\/p>\n\n\n\n<p>Com mais de duas d\u00e9cadas de estrada, a LS Jack tem no curr\u00edculo m\u00fasicas que viraram trilha sonora de muitos brasileiros. Cl\u00e1ssicos como \u201cCarla\u201d, \u201cUma Carta\u201d, \u201cSem Radar\u201d e \u201cOlha pra Mim\u201d seguem no repert\u00f3rio da banda, sempre com o mesmo impacto emocional. O diferencial est\u00e1 na energia renovada do grupo, que combina nostalgia com inova\u00e7\u00e3o \u2014 sem perder a ess\u00eancia.<\/p>\n\n\n\n<p>A banda se apresenta com estrutura vers\u00e1til, adaptando o formato de show a diferentes tipos de eventos: desde apresenta\u00e7\u00f5es intimistas e corporativas at\u00e9 grandes festivais e casas de espet\u00e1culos.<\/p>\n\n\n\n<p class=\"has-medium-font-size\">Os m\u00fasicos por tr\u00e1s da nova fase<\/p>\n\n\n\n<p>S\u00e9rgio Ferreira, ou Serginho, \u00e9 o vocalista, guitarrista e um dos fundadores do LS Jack. Nascido em 1972, no Rio de Janeiro, ele iniciou sua trajet\u00f3ria musical inspirado por um show do Rush que assistiu em VHS. Autodidata por muitos anos, decidiu se profissionalizar na escola Musiarte, conciliando a m\u00fasica com o trabalho como representante comercial e aulas de guitarra. Ao longo da carreira, Serginho tamb\u00e9m gravou aberturas de desenhos animados da Disney e trabalhou com artistas como Ana Vilela e Vanessa Barum. Fora dos palcos, \u00e9 um apaixonado por viagens e pela vida em fam\u00edlia.<\/p>\n\n\n\n<p>Vitor Queiroz, conhecido como Vitinho, tem 54 anos e \u00e9 outro membro fundador da banda. Com Serginho e Bicudo, formou o trio musical no in\u00edcio dos anos 1990, em um condom\u00ednio na Barra da Tijuca, no Rio. A banda ganhou proje\u00e7\u00e3o nacional ap\u00f3s assinar com a Indie Records e lan\u00e7ar cinco \u00e1lbuns. Casado e pai de um filho, Vitinho mant\u00e9m uma vida equilibrada entre os shows, o esporte (especialmente o t\u00eanis) e viagens em fam\u00edlia, com direito a aventuras na neve.<\/p>\n\n\n\n<p>Bicudo, baterista, come\u00e7ou sua jornada musical ainda crian\u00e7a, formando bandas e tocando em festas da regi\u00e3o onde morava. Estudou na escola Cen\u00e1rio e, como freelancer, tocou com nomes como Rog\u00e9rio Skylab, Sandra de S\u00e1, Perlla, D&#8217;Black e Ana Vilela. Ap\u00f3s um per\u00edodo fora do LS Jack, retornou \u00e0 forma\u00e7\u00e3o atual com o mesmo entusiasmo da juventude. \u00c9 um m\u00fasico vers\u00e1til e experiente, cuja energia marca o ritmo da banda.<\/p>\n\n\n\n<p class=\"has-medium-font-size\">Nova fase, mesma alma<\/p>\n\n\n\n<p>A atual forma\u00e7\u00e3o do LS Jack \u00e9, acima de tudo, a celebra\u00e7\u00e3o da amizade e da trajet\u00f3ria constru\u00edda com esfor\u00e7o, talento e verdade. Os integrantes, que se conhecem h\u00e1 mais de tr\u00eas d\u00e9cadas, est\u00e3o prontos para escrever um novo cap\u00edtulo na hist\u00f3ria da m\u00fasica brasileira \u2014 com a mesma alma que conquistou o pa\u00eds e com a maturidade de quem viveu intensamente a estrada.<br>\ud83d\udcf2 Acompanhe tudo sobre a banda pelo Instagram: @lsjackoficial<\/p>\n\n\n\n<p><a href=\"https:\/\/www.instagram.com\/reel\/DMOSOZYu-IQ\/?igsh=MW5vOHpweHgxZWQ5dQ==\">https:\/\/www.instagram.com\/reel\/DMOSOZYu-IQ\/?igsh=MW5vOHpweHgxZWQ5dQ==<\/a><\/p>\n","protected":false},"excerpt":{"rendered":"<p>Banda retorna aos palcos e est\u00fadios com nova energia, resgatando sua ess\u00eancia e apostando em estrutura de excel\u00eancia para lan\u00e7ar novos trabalhos Com uma trajet\u00f3ria marcada por hits que embalaram o Brasil no final dos anos 90 e in\u00edcio dos anos 2000, a banda LS Jack est\u00e1 de volta, agora em uma fase de renova\u00e7\u00e3o [&hellip;]<\/p>\n","protected":false},"author":1,"featured_media":4675,"comment_status":"open","ping_status":"open","sticky":false,"template":"","format":"standard","meta":{"footnotes":""},"categories":[27],"tags":[],"class_list":["post-4674","post","type-post","status-publish","format-standard","has-post-thumbnail","hentry","category-musica"],"_links":{"self":[{"href":"https:\/\/diarioparanaense.com\/index.php?rest_route=\/wp\/v2\/posts\/4674","targetHints":{"allow":["GET"]}}],"collection":[{"href":"https:\/\/diarioparanaense.com\/index.php?rest_route=\/wp\/v2\/posts"}],"about":[{"href":"https:\/\/diarioparanaense.com\/index.php?rest_route=\/wp\/v2\/types\/post"}],"author":[{"embeddable":true,"href":"https:\/\/diarioparanaense.com\/index.php?rest_route=\/wp\/v2\/users\/1"}],"replies":[{"embeddable":true,"href":"https:\/\/diarioparanaense.com\/index.php?rest_route=%2Fwp%2Fv2%2Fcomments&post=4674"}],"version-history":[{"count":1,"href":"https:\/\/diarioparanaense.com\/index.php?rest_route=\/wp\/v2\/posts\/4674\/revisions"}],"predecessor-version":[{"id":4676,"href":"https:\/\/diarioparanaense.com\/index.php?rest_route=\/wp\/v2\/posts\/4674\/revisions\/4676"}],"wp:featuredmedia":[{"embeddable":true,"href":"https:\/\/diarioparanaense.com\/index.php?rest_route=\/wp\/v2\/media\/4675"}],"wp:attachment":[{"href":"https:\/\/diarioparanaense.com\/index.php?rest_route=%2Fwp%2Fv2%2Fmedia&parent=4674"}],"wp:term":[{"taxonomy":"category","embeddable":true,"href":"https:\/\/diarioparanaense.com\/index.php?rest_route=%2Fwp%2Fv2%2Fcategories&post=4674"},{"taxonomy":"post_tag","embeddable":true,"href":"https:\/\/diarioparanaense.com\/index.php?rest_route=%2Fwp%2Fv2%2Ftags&post=4674"}],"curies":[{"name":"wp","href":"https:\/\/api.w.org\/{rel}","templated":true}]}}