{"id":4671,"date":"2025-07-18T15:13:40","date_gmt":"2025-07-18T18:13:40","guid":{"rendered":"https:\/\/diarioparanaense.com\/?p=4671"},"modified":"2025-07-18T15:13:41","modified_gmt":"2025-07-18T18:13:41","slug":"rua-da-musica-tudo-o-que-voce-precisa-saber-para-conhecer-a-mais-nova-atracao-de-curitiba","status":"publish","type":"post","link":"https:\/\/diarioparanaense.com\/?p=4671","title":{"rendered":"Rua da M\u00fasica: tudo o que voc\u00ea precisa saber para conhecer a mais nova atra\u00e7\u00e3o de Curitiba"},"content":{"rendered":"\n<p class=\"has-medium-font-size\">Via que conecta Pedreira e \u00d3pera de Arame abre nesta sexta-feira (18\/07) com atra\u00e7\u00f5es musicais do festival Experi\u00eancia M\u00fasica &amp; Natureza durante o dia e vira point gastron\u00f4mico \u00e0 noite<\/p>\n\n\n\n<p>A partir desta sexta-feira (18), iniciam-se as atividades da Rua da M\u00fasica, no Parque Jaime Lerner, abertas de forma definitiva, para o p\u00fablico. Com opera\u00e7\u00f5es gastron\u00f4micas de renome, o espa\u00e7o conecta dois dos principais \u00edcones culturais da cidade \u2014 a Pedreira Paulo Leminski e a \u00d3pera de Arame \u2014 e funcionar\u00e1 de ter\u00e7a a domingo em dois momentos ao longo do dia.<\/p>\n\n\n\n<p>Durante o dia, a partir das 10h, a Rua da M\u00fasica integra a programa\u00e7\u00e3o da Experi\u00eancia M\u00fasica &amp; Natureza, novo festival permanente que oferece uma programa\u00e7\u00e3o cont\u00ednua de m\u00fasica instrumental ao vivo na Pedreira, no palco Rua da M\u00fasica, e na \u00d3pera de Arame, no palco flutuante do Vale da M\u00fasica.<\/p>\n\n\n\n<p>Dentro da mesma programa\u00e7\u00e3o, o festival ainda apresenta no seu hall de atra\u00e7\u00f5es um espa\u00e7o kids musical, interven\u00e7\u00f5es art\u00edsticas itinerantes, uma exposi\u00e7\u00e3o em parceria com o Instituto Paulo Leminski sobre a hist\u00f3ria do poeta que deu o nome \u00e0 Pedreira, no Espa\u00e7o Paulo Leminski, al\u00e9m do est\u00fadio de grava\u00e7\u00e3o Gera\u00e7\u00e3o Pedreira, com uma galeria que traz vida \u00e0 hist\u00f3ria da Pedreira Paulo Leminski.<\/p>\n\n\n\n<p>No per\u00edodo noturno, a partir das 18h, ap\u00f3s o encerramento da Experi\u00eancia M\u00fasica &amp; Natureza, a Rua da M\u00fasica se transforma em um espa\u00e7o de conviv\u00eancia aberto, com a natureza iluminada ao redor e uma curadoria musical pensada para criar um clima acolhedor: um polo gastron\u00f4mico perfeito para quem busca um happy hour com amigos, ou at\u00e9 quem deseja encerrar o dia com uma experi\u00eancia musical de qualidade.<\/p>\n\n\n\n<p>\u201cA Rua da M\u00fasica \u00e9 um presente para Curitiba e para quem ama m\u00fasica. \u00c9 um espa\u00e7o para passear, curtir boa gastronomia e ter contato com arte, cultura e natureza o ano inteiro. A ideia \u00e9 que as pessoas venham sempre e, at\u00e9 mesmo antes dos shows, passem por aqui e sintam a energia desse lugar\u201d, destaca Helinho Pimentel, CEO do Parque.<\/p>\n\n\n\n<p>Conduzido pela DC Set Group, empresa que det\u00e9m a concess\u00e3o da \u00e1rea, o projeto faz parte do processo de revitaliza\u00e7\u00e3o e expans\u00e3o do complexo Parque Jaime Lerner.<\/p>\n\n\n\n<p class=\"has-medium-font-size\">Festival Experi\u00eancia M\u00fasica &amp; Natureza: o que \u00e9, hor\u00e1rios e ingressos<\/p>\n\n\n\n<p>Mais do que um festival, a Experi\u00eancia M\u00fasica &amp; Natureza trata-se de uma programa\u00e7\u00e3o permanente que amplia a presen\u00e7a da m\u00fasica instrumental no Parque.<\/p>\n\n\n\n<p>O que come\u00e7ou com o bem-sucedido projeto Vale da M\u00fasica, em parceria entre a DC SET Group e Futura Fonte \u2014 que criou o Palco Flutuante no lago da \u00d3pera de Arame\u2014 agora se expande e se integra \u00e0 Pedreira Paulo Leminski, com uma curadoria art\u00edstica cont\u00ednua, que valoriza a m\u00fasica instrumental local, interven\u00e7\u00f5es criativas e exposi\u00e7\u00f5es permanentes.<\/p>\n\n\n\n<p>De ter\u00e7a a domingo, das 10h \u00e0s 18h, o p\u00fablico tem acesso completo a todas as atra\u00e7\u00f5es e opera\u00e7\u00f5es gastron\u00f4micas com o ingresso Experi\u00eancia M\u00fasica e Natureza, nos valores de<br>R$ 25,00 (inteira) e R$ 12,50 (meia-entrada). \u200b<\/p>\n\n\n\n<p>**Excepcionalmente nos dias 21 e 28 de julho (segundas-feiras), o Vale da M\u00fasica segue com funcionamento normal de programa\u00e7\u00e3o e bilheteria. Nestes dias, a Pedreira Paulo Leminski funciona na modalidade de visita\u00e7\u00e3o livre com acesso \u00e0s \u00e1reas expositivas.<\/p>\n\n\n\n<p>Moradores de Curitiba e Regi\u00e3o Metropolitana t\u00eam \u200bacesso gratuito de ter\u00e7a a sexta-feira, e pagam R$ 12,50 (meia-entrada) aos s\u00e1bados e domingos, mediante cadastro no site do Parque Jaime Lerner &#8211; Disk Ingressos.<\/p>\n\n\n\n<p>A meia-entrada com os documentos comprobat\u00f3rios \u00e9 v\u00e1lida para estudantes, mes\u00e1rios, idosos, pessoas com defici\u00eancia, menores entre 8 e 12 anos, professores, orientadores, pedagogos e diretores de escolas, jovens de baixa renda, pacientes oncol\u00f3gicos, doadores de sangue e medula, grupos acima de 10 pessoas, profissionais de sa\u00fade atuantes ou aposentados.<\/p>\n\n\n\n<p>Conhe\u00e7a os restaurantes e bares da Rua da M\u00fasica<br>Cana Benta &#8211; Inaugurando sua segunda sede em Curitiba, o bar e restaurante com a pegada comida de boteco \u00e9 famoso por suas cacha\u00e7as especiais e clima descontra\u00eddo, perfeito para um happy hour com os amigos com muita brasilidade.<\/p>\n\n\n\n<p>C\u00e3o V\u00e9io &#8211; Um gastropub moderno e estiloso com assinatura do Masterchef Henrique Foga\u00e7a em parceria com Badau\u00ed, vocalista da banda CPM22, que une sandu\u00edches criativos e uma excelente carta de drinks e chopes artesanais. Sua segunda unidade na cidade promete um estabelecimento com muito rock, tamb\u00e9m aplicado \u00e0 arquitetura e ambienta\u00e7\u00e3o do espa\u00e7o.<\/p>\n\n\n\n<p>Ernesto Music Hall &#8211; Assinado pelo chef Dudu Sperandio, o restaurante combina t\u00e9cnicas modernas com a tradi\u00e7\u00e3o italiana em pratos autorais, dentro de um ambiente intimista. Na Rua da M\u00fasica, o Ernesto se lan\u00e7a no estilo Music Hall, com um repert\u00f3rio e ambiente de jazz, blues e classic rock.<\/p>\n\n\n\n<p>Mustang Sally &#8211; Inspirado na cultura americana e mexicana, que combina o esp\u00edrito vibrante dos diners dos anos 60 com o tempero tex-mex, o restaurante possui diversas unidades espalhadas por Curitiba e lan\u00e7a sua primeira sede com seu novo posicionamento de marca e de interiores. A trilha sonora nos leva a uma viagem sonora pelos grandes hits do rock\u2019n\u2019pop.<\/p>\n\n\n\n<p>Olaria do Parque &#8211; Sucesso no Parque Barigui, o Olaria do Parque (Ol\u00e1) chega agora no Parque Jaime Lerner, ao lado do Mirante da \u00d3pera com vista in\u00e9dita do teatro \u00d3pera de Arame. A proposta da opera\u00e7\u00e3o valoriza um card\u00e1pio all day, com op\u00e7\u00f5es desde o caf\u00e9 da manh\u00e3 at\u00e9 o jantar, ao som da melhor diversidade musical do mundo.<\/p>\n\n\n\n<p>Rosso &#8211; Opera\u00e7\u00e3o ao ar livre em frente ao palco musical do projeto, o Rosso nasce com um conceito moderno de bar, que combina coquetelaria autoral e cl\u00e1ssica com um card\u00e1pio de comidas para compartilhar.<\/p>\n\n\n\n<p class=\"has-medium-font-size\">Marcas parceiras<\/p>\n\n\n\n<p>Esta nova etapa de expans\u00e3o do Parque Jaime Lerner ganha for\u00e7a com a amplia\u00e7\u00e3o da presen\u00e7a hist\u00f3rica do Bradesco e com a chegada de outras grandes marcas como Electrolux, Heineken e Redbull.<br>\u201cPara n\u00f3s da Electrolux, a conex\u00e3o com Curitiba \u00e9 tanto estrat\u00e9gica quanto. A cidade representa valores que tamb\u00e9m nos movem: como sustentabilidade, inova\u00e7\u00e3o e qualidade de vida. Estar presente no Parque Jaime Lerner, um espa\u00e7o que celebra cultura, natureza e experi\u00eancias, refor\u00e7a o nosso compromisso com o bem-estar das pessoas e com o futuro das cidades. Esta parceria tamb\u00e9m antecipa um marco importante para n\u00f3s: o centen\u00e1rio da Electrolux no Brasil, que ser\u00e1 celebrado em 2026\u201d, afirma Ana Peretti, VP de Marketing do Electrolux Group Am\u00e9rica Latina.<\/p>\n\n\n\n<p>Para a Heineken, fazer parte da expans\u00e3o do Parque Jaime Lerner \u00e9 mais do que apoiar um projeto urbano, \u00e9 tamb\u00e9m incentivar novas formas de conex\u00e3o entre as pessoas, a cidade e a cultura local. \u201cUma parceria que refor\u00e7a o nosso compromisso como marca de promover experi\u00eancias que conectam as pessoas de forma aut\u00eantica e respons\u00e1vel. Acreditamos no poder dos espa\u00e7os p\u00fablicos como catalisadores de encontros e cultura, e \u00e9 uma honra contribuir com mais uma a\u00e7\u00e3o de transforma\u00e7\u00e3o urbana\u201d, explica Guilherme Bail\u00e3o, diretor de Experi\u00eancias e Patroc\u00ednios do Grupo HEINEKEN no Brasil.<br>Para a cria\u00e7\u00e3o das novas edifica\u00e7\u00f5es, o Parque contou com a uni\u00e3o de arquitetos de renome. O projeto arquitet\u00f4nico do Espa\u00e7o Paulo Leminski \u00e9 assinado pelo escrit\u00f3rio Jaime Lerner Arquitetos Associados, com participa\u00e7\u00e3o direta de Jaime Lerner \u00e0 \u00e9poca. Os projetos da Rua da M\u00fasica e Est\u00fadio Gera\u00e7\u00e3o Pedreira foram criados pelos arquitetos Felipe Guerra (Arquitecto Arquitetos Associados) e Priscila Ferstemberg.<\/p>\n\n\n\n<p>Cinco restaurantes da Rua da M\u00fasica e ambienta\u00e7\u00f5es externas do Parque tiveram os projetos de interiores desenvolvidos por Andr\u00e9 Henning (Andr\u00e9 Henning Studio) e um dos restaurantes por Marjorie Litza (Bang\u00f4 Arquitetura). Os projetos arquitet\u00f4nicos do Espa\u00e7o Kids e do novo palco musical da Rua da M\u00fasica foram conceituados por Cristian Burg. J\u00e1 o paisagismo foi concebido pelo arquiteto Felipe Ferreira (Eira Arquitetura).<\/p>\n\n\n\n<p>Servi\u00e7o \u2013 Rua da M\u00fasica<br>Onde: Rua Jo\u00e3o Gava, 970 \u2013 Parque Jaime Lerner, Abranches, Curitiba<br>Data de abertura: 18\/07\/2025 (sexta-feira)<br>Hor\u00e1rio de funcionamento: De ter\u00e7a a quinta, das 10h \u00e0s 23h. Sexta e s\u00e1bado, das 10h \u00e0s 00h. Domingo, das 10h \u00e0s 18h.<\/p>\n\n\n\n<p>Servi\u00e7o &#8211; Experi\u00eancia M\u00fasica &amp; Natureza<br>Onde: Rua Jo\u00e3o Gava, 970 \u2013 Parque Jaime Lerner, Abranches, Curitiba<br>Data de abertura: 18\/07\/2025 (sexta-feira)<br>Hor\u00e1rio de funcionamento: De ter\u00e7a a s\u00e1bado, das 10h \u00e0s 18h<br>Ingressos: R$ 25,00 (inteira) | R$ 12,50 (meia-entrada)<br>Acesso \u00e0 Rua da M\u00fasica, opera\u00e7\u00f5es gastron\u00f4micas, \u00d3pera de Arame e programa\u00e7\u00f5es musicais, art\u00edsticas e exposi\u00e7\u00f5es.<\/p>\n\n\n\n<p>Moradores de Curitiba e Regi\u00e3o Metropolitana: entrada gratuita de ter\u00e7a a sexta | R$ 12,50 (meia-entrada) aos s\u00e1bados e domingos (mediante cadastro no site do parque e apresenta\u00e7\u00e3o de documenta\u00e7\u00e3o comprobat\u00f3ria).<\/p>\n\n\n\n<p>Quem tem direito \u00e0 meia-entrada: estudantes, mes\u00e1rios, idosos, pessoas com defici\u00eancia, menores entre 8 e 12 anos, professores, orientadores, pedagogos e diretores de escolas, jovens de baixa renda, pacientes oncol\u00f3gicos, doadores de sangue e medula, grupos acima de 10 pessoas, profissionais de sa\u00fade atuantes ou aposentados (mediante apresenta\u00e7\u00e3o de documenta\u00e7\u00e3o comprobat\u00f3ria).<br>Mais informa\u00e7\u00f5es e cadastro de moradores: www.parquejaimelerner.com.br<\/p>\n\n\n\n<p class=\"has-medium-font-size\">Sobre o Parque Jaime Lerner<\/p>\n\n\n\n<p>Em 2021, em uma iniciativa conjunta entre a DC SET Group, a Prefeitura de Curitiba e o Instituto Jaime Lerner, o complexo que abriga a Pedreira Paulo Leminski e a \u00d3pera de Arame passou a se chamar Parque Jaime Lerner, em homenagem ao urbanista, ex-prefeito de Curitiba, e ex-governador do estado. O novo nome refor\u00e7a o compromisso do espa\u00e7o com a cultura e a sustentabilidade \u2014 pilares fundamentais na trajet\u00f3ria profissional e pessoal de Jaime Lerner. Mais do que um centro cultural, o parque representa um legado vivo de inova\u00e7\u00e3o, respeito ao meio ambiente e valoriza\u00e7\u00e3o da m\u00fasica em suas mais diversas vertentes.<\/p>\n\n\n\n<p class=\"has-medium-font-size\">Sobre a DC SET Group<\/p>\n\n\n\n<p>DC Set Group: 45 anos de inova\u00e7\u00e3o no entretenimento<\/p>\n\n\n\n<p>Fundada em 1979 por Dody Sirena e Cic\u00e3o Chies, a DC Set Group \u00e9 um dos maiores grupos de entretenimento do Brasil. Pioneira na produ\u00e7\u00e3o de grandes turn\u00eas internacionais, consolidou-se como holding em 2019, estruturando-se em sete verticais: Festivals, Contents, Concerts, Venues, Sports, Tourism e Family. Com atua\u00e7\u00e3o em diversas regi\u00f5es do pa\u00eds, a DC Set Group promove projetos culturais, esportivos e de lazer, impactando a economia criativa e fomentando o turismo. Entre seus principais empreendimentos est\u00e3o os festivais Tomorrowland Brasil e Planeta Atl\u00e2ntida, a Blast Entertainment com exposi\u00e7\u00f5es imersivas, o Fronteiras do Pensamento e a Move Concerts Brasil.<\/p>\n\n\n\n<p class=\"has-medium-font-size\">Sobre a Electrolux Group<\/p>\n\n\n\n<p>O Electrolux Group \u00e9 um grupo global l\u00edder de eletrodom\u00e9sticos que transforma a vida para o melhor h\u00e1 mais de 100 anos. N\u00f3s reinventamos as experi\u00eancias de sabor, cuidado e bem-estar para milh\u00f5es de pessoas, sempre se empenhando para estar \u00e0 frente da sustentabilidade na sociedade por meio de nossas solu\u00e7\u00f5es e opera\u00e7\u00f5es. Atrav\u00e9s de nossas marcas l\u00edderes, que incluem a Electrolux, AEG e Frigidaire, vendemos produtos para cozinhas dom\u00e9sticas e profissionais em mais de 120 mercados, todos os anos. No Brasil, a marca Electrolux est\u00e1 presente em 67% dos lares, incluindo a Continental, adquirida em 2017 para alavancar as opera\u00e7\u00f5es do Grupo no Pa\u00eds e apoiar o crescimento sustent\u00e1vel da companhia. Por meio da Continental, j\u00e1 conhecida e respeitada por milh\u00f5es de fam\u00edlias brasileiras, a estrat\u00e9gia \u00e9 proporcionar aos consumidores uma vida descomplicada para que possam se dedicar \u00e0s atividades com quem realmente importa. Para mais informa\u00e7\u00f5es, acesse: www.electroluxgroup.com<\/p>\n\n\n\n<p class=\"has-medium-font-size\">Sobre o Grupo HEINEKEN<\/p>\n\n\n\n<p>O Grupo HEINEKEN chegou ao Brasil em maio de 2010, ap\u00f3s a aquisi\u00e7\u00e3o da divis\u00e3o de cerveja do Grupo FEMSA. Em 2017, fortaleceu sua presen\u00e7a no pa\u00eds com a aquisi\u00e7\u00e3o da Brasil Kirin, consolidando-se como o segundo maior player do mercado brasileiro de cervejas. Hoje, a companhia emprega mais de 13 mil pessoas e opera 13 unidades produtivas \u2013 sendo 12 cervejarias e duas microcervejarias \u2013 al\u00e9m de construir sua 14\u00aa cervejaria em Passos (MG).<\/p>\n\n\n\n<p>Com sede em S\u00e3o Paulo, o portf\u00f3lio da companhia inclui marcas como Heineken\u00ae, Amstel, Amstel Ultra, Eisenbahn, Eisenbahn Unfiltered, Sol, Baden Baden, Blue Moon, Lagunitas, Devassa, Tiger, Bavaria, Glacial, Kaiser, No Grau, Schin e Amstel Vibes. No segmento de n\u00e3o alco\u00f3licos, est\u00e3o presentes Heineken\u00ae 0.0, Sol Zero, CLASH\u2019D, FYS, Ituba\u00edna, Viva Schin, Skinka e \u00c1gua Schin.<\/p>\n\n\n\n<p>O Grupo HEINEKEN no Brasil \u00e9 subsidi\u00e1rio da HEINEKEN NV, maior cervejaria da Europa. Mais informa\u00e7\u00f5es no site e nos perfis da companhia no LinkedIn&nbsp;e&nbsp;Instagram.<\/p>\n\n\n\n<p><\/p>\n","protected":false},"excerpt":{"rendered":"<p>Via que conecta Pedreira e \u00d3pera de Arame abre nesta sexta-feira (18\/07) com atra\u00e7\u00f5es musicais do festival Experi\u00eancia M\u00fasica &amp; Natureza durante o dia e vira point gastron\u00f4mico \u00e0 noite A partir desta sexta-feira (18), iniciam-se as atividades da Rua da M\u00fasica, no Parque Jaime Lerner, abertas de forma definitiva, para o p\u00fablico. Com opera\u00e7\u00f5es [&hellip;]<\/p>\n","protected":false},"author":1,"featured_media":4672,"comment_status":"open","ping_status":"open","sticky":false,"template":"","format":"standard","meta":{"footnotes":""},"categories":[431,424],"tags":[],"class_list":["post-4671","post","type-post","status-publish","format-standard","has-post-thumbnail","hentry","category-cultura","category-curitiba"],"_links":{"self":[{"href":"https:\/\/diarioparanaense.com\/index.php?rest_route=\/wp\/v2\/posts\/4671","targetHints":{"allow":["GET"]}}],"collection":[{"href":"https:\/\/diarioparanaense.com\/index.php?rest_route=\/wp\/v2\/posts"}],"about":[{"href":"https:\/\/diarioparanaense.com\/index.php?rest_route=\/wp\/v2\/types\/post"}],"author":[{"embeddable":true,"href":"https:\/\/diarioparanaense.com\/index.php?rest_route=\/wp\/v2\/users\/1"}],"replies":[{"embeddable":true,"href":"https:\/\/diarioparanaense.com\/index.php?rest_route=%2Fwp%2Fv2%2Fcomments&post=4671"}],"version-history":[{"count":1,"href":"https:\/\/diarioparanaense.com\/index.php?rest_route=\/wp\/v2\/posts\/4671\/revisions"}],"predecessor-version":[{"id":4673,"href":"https:\/\/diarioparanaense.com\/index.php?rest_route=\/wp\/v2\/posts\/4671\/revisions\/4673"}],"wp:featuredmedia":[{"embeddable":true,"href":"https:\/\/diarioparanaense.com\/index.php?rest_route=\/wp\/v2\/media\/4672"}],"wp:attachment":[{"href":"https:\/\/diarioparanaense.com\/index.php?rest_route=%2Fwp%2Fv2%2Fmedia&parent=4671"}],"wp:term":[{"taxonomy":"category","embeddable":true,"href":"https:\/\/diarioparanaense.com\/index.php?rest_route=%2Fwp%2Fv2%2Fcategories&post=4671"},{"taxonomy":"post_tag","embeddable":true,"href":"https:\/\/diarioparanaense.com\/index.php?rest_route=%2Fwp%2Fv2%2Ftags&post=4671"}],"curies":[{"name":"wp","href":"https:\/\/api.w.org\/{rel}","templated":true}]}}