{"id":4643,"date":"2025-07-14T09:49:30","date_gmt":"2025-07-14T12:49:30","guid":{"rendered":"https:\/\/diarioparanaense.com\/?p=4643"},"modified":"2025-07-14T09:49:31","modified_gmt":"2025-07-14T12:49:31","slug":"ferias-de-julho-movimentam-comerciocom-brinquedos-educativos-e-tematicos","status":"publish","type":"post","link":"https:\/\/diarioparanaense.com\/?p=4643","title":{"rendered":"F\u00e9rias de julho movimentam com\u00e9rciocom brinquedos educativos e tem\u00e1ticos"},"content":{"rendered":"\n<p class=\"has-medium-font-size\">Lojas est\u00e3o prontas para atender a procura das crian\u00e7as e dos pais, que buscam materiais escolares e itens de inverno<\/p>\n\n\n\n<p>Com o m\u00eas de julho em pleno vapor, o com\u00e9rcio se preparou para um aumento nas vendas impulsionado por dois momentos: as f\u00e9rias escolares e a volta \u00e0s aulas. Lojas de brinquedos, livrarias, papelarias e grandes varejistas j\u00e1 observam um fluxo maior de consumidores em busca de produtos que garantam a divers\u00e3o das crian\u00e7as e, em breve, o material necess\u00e1rio para o retorno das atividades escolares.<\/p>\n\n\n\n<p>As f\u00e9rias de julho s\u00e3o tradicionalmente um per\u00edodo de grande demanda por itens que ajudem a entreter os pequenos em casa ou em viagens. Brinquedos educativos, jogos de tabuleiro, quebra-cabe\u00e7as, materiais de arte e livros infantis est\u00e3o entre os mais procurados.<\/p>\n\n\n\n<p>&#8220;As fam\u00edlias buscam alternativas para que as crian\u00e7as aproveitem o tempo livre de op\u00e7\u00f5es que chamem a aten\u00e7\u00e3o dos pequenos como os livros de colorir e canetinhas, que se tornaram uma febre, produtos com capivaras, brinquedos como drag\u00f5es e dinossauros, devido ao lan\u00e7amento de filmes infantis com esses personagens&#8221;, comenta Beni Gelhorn, diretor comercial do Grupo MiniPre\u00e7o.<\/p>\n\n\n\n<p class=\"has-medium-font-size\">Volta \u00e0s aulas<\/p>\n\n\n\n<p>Com um per\u00edodo curto de f\u00e9rias, a aten\u00e7\u00e3o do consumidor tamb\u00e9m se volta para a volta \u00e0s aulas. Embora ainda seja in\u00edcio de julho, pais e respons\u00e1veis j\u00e1 pesquisam e adquirem itens essenciais para o segundo semestre. Mochilas, cadernos, l\u00e1pis, canetas e estojos figuram no topo da lista de compras. Para atrair os clientes e garantir as compras necess\u00e1rias nesse per\u00edodo, a aposta \u00e9 em promo\u00e7\u00f5es e facilidades de pagamento.<\/p>\n\n\n\n<p>\u201cEntendemos que julho \u00e9 um m\u00eas que exige planejamento financeiro pois os custos aumentam. Dessa forma, al\u00e9m de oferecer diversas op\u00e7\u00f5es com pre\u00e7os acess\u00edveis, facilitamos o pagamento, parcelando as compras, sem juros. Tamb\u00e9m temos campanha de 10% de cashback para os clientes cadastrados no Clube MiniPre\u00e7o, podendo ser usado em compras no m\u00eas de agosto\u201d, afirma Beni.<\/p>\n\n\n\n<p>A expectativa dos comerciantes \u00e9 que as vendas continuem aquecidas ao longo de julho, com um pico na semana que antecede o retorno \u00e0s aulas. O setor se mostra otimista com o movimento, que promete aquecer a economia local e trazer um f\u00f4lego para o varejo.<\/p>\n\n\n\n<p class=\"has-medium-font-size\">F\u00e9rias e frio: vendas em alta<\/p>\n\n\n\n<p>Al\u00e9m de entreter as crian\u00e7as, \u00e9 preciso garantir que as f\u00e9rias tenham conforto. Com as baixas temperaturas, a procura por itens de inverno tamb\u00e9m aumentou. A alta busca por toucas, luvas, cachec\u00f3is, len\u00e7os, meias e pantufas fez com que alguns produtos esgotassem, diminuindo as op\u00e7\u00f5es.<\/p>\n\n\n\n<p>De acordo com Beni, a venda de produtos para a casa tamb\u00e9m teve um aumento consider\u00e1vel nas \u00faltimas semanas. Em busca de conforto e produtos que facilitem a rotina, alguns itens ficaram no topo da lista, alavancando as vendas de junho. \u201cEsse ano trouxemos novos produtos para o inverno. Aquecedores e chaleiras el\u00e9tricas foram os itens mais vendidos para a casa, e as pantufas tiveram uma venda muito acima do esperado. Fizemos um levantamento interno e identificamos um aumento de 80% nas vendas, comparado a junho do ano passado. Foi um sucesso\u201d, comemora.<\/p>\n\n\n\n<p class=\"has-medium-font-size\">Servi\u00e7o:<\/p>\n\n\n\n<p><strong>F\u00e9rias Escolares MiniPre\u00e7o<br><\/strong>Hor\u00e1rio de atendimento: de segunda a s\u00e1bado, das 9h \u00e0s 20h. Domingos e feriados, das 10h \u00e0s 19h.<br>Confira o endere\u00e7o mais pr\u00f3ximo em: <a href=\"https:\/\/site.minipreco.com.br\/lojas\/\">https:\/\/site.minipreco.com.br\/lojas\/<\/a><\/p>\n","protected":false},"excerpt":{"rendered":"<p>Lojas est\u00e3o prontas para atender a procura das crian\u00e7as e dos pais, que buscam materiais escolares e itens de inverno Com o m\u00eas de julho em pleno vapor, o com\u00e9rcio se preparou para um aumento nas vendas impulsionado por dois momentos: as f\u00e9rias escolares e a volta \u00e0s aulas. Lojas de brinquedos, livrarias, papelarias e [&hellip;]<\/p>\n","protected":false},"author":1,"featured_media":4645,"comment_status":"open","ping_status":"open","sticky":false,"template":"","format":"standard","meta":{"footnotes":""},"categories":[29,424,2,324],"tags":[],"class_list":["post-4643","post","type-post","status-publish","format-standard","has-post-thumbnail","hentry","category-artigos","category-curitiba","category-destaque","category-negocios"],"_links":{"self":[{"href":"https:\/\/diarioparanaense.com\/index.php?rest_route=\/wp\/v2\/posts\/4643","targetHints":{"allow":["GET"]}}],"collection":[{"href":"https:\/\/diarioparanaense.com\/index.php?rest_route=\/wp\/v2\/posts"}],"about":[{"href":"https:\/\/diarioparanaense.com\/index.php?rest_route=\/wp\/v2\/types\/post"}],"author":[{"embeddable":true,"href":"https:\/\/diarioparanaense.com\/index.php?rest_route=\/wp\/v2\/users\/1"}],"replies":[{"embeddable":true,"href":"https:\/\/diarioparanaense.com\/index.php?rest_route=%2Fwp%2Fv2%2Fcomments&post=4643"}],"version-history":[{"count":1,"href":"https:\/\/diarioparanaense.com\/index.php?rest_route=\/wp\/v2\/posts\/4643\/revisions"}],"predecessor-version":[{"id":4646,"href":"https:\/\/diarioparanaense.com\/index.php?rest_route=\/wp\/v2\/posts\/4643\/revisions\/4646"}],"wp:featuredmedia":[{"embeddable":true,"href":"https:\/\/diarioparanaense.com\/index.php?rest_route=\/wp\/v2\/media\/4645"}],"wp:attachment":[{"href":"https:\/\/diarioparanaense.com\/index.php?rest_route=%2Fwp%2Fv2%2Fmedia&parent=4643"}],"wp:term":[{"taxonomy":"category","embeddable":true,"href":"https:\/\/diarioparanaense.com\/index.php?rest_route=%2Fwp%2Fv2%2Fcategories&post=4643"},{"taxonomy":"post_tag","embeddable":true,"href":"https:\/\/diarioparanaense.com\/index.php?rest_route=%2Fwp%2Fv2%2Ftags&post=4643"}],"curies":[{"name":"wp","href":"https:\/\/api.w.org\/{rel}","templated":true}]}}