{"id":4634,"date":"2025-07-10T10:03:57","date_gmt":"2025-07-10T13:03:57","guid":{"rendered":"https:\/\/diarioparanaense.com\/?p=4634"},"modified":"2025-07-10T10:03:57","modified_gmt":"2025-07-10T13:03:57","slug":"amizade-fortalece-saude-mental-e-emocional-apontam-estudos-recentes","status":"publish","type":"post","link":"https:\/\/diarioparanaense.com\/?p=4634","title":{"rendered":"Amizade fortalece sa\u00fade mental e emocional, apontam estudos recentes"},"content":{"rendered":"\n<p class=\"has-medium-font-size\">Especialistas refor\u00e7am que la\u00e7os afetivos profundos reduzem estresse, ansiedade e at\u00e9 \u00edndices de mortalidade<\/p>\n\n\n\n<p>Comemorado em 30 de julho, o Dia Internacional da Amizade convida \u00e0 reflex\u00e3o sobre a import\u00e2ncia dos v\u00ednculos afetivos na promo\u00e7\u00e3o da sa\u00fade integral. Estudos recentes refor\u00e7am que ter amigos verdadeiros pode ser t\u00e3o ben\u00e9fico quanto um tratamento preventivo. Os la\u00e7os profundos n\u00e3o apenas geram bem-estar emocional, como tamb\u00e9m ajudam a reduzir sintomas de ansiedade, depress\u00e3o e at\u00e9 os \u00edndices de mortalidade precoce.<\/p>\n\n\n\n<p class=\"has-medium-font-size\">Conex\u00e3o emocional e benef\u00edcios para o corpo<\/p>\n\n\n\n<p>Segundo o psic\u00f3logo Luti Christ\u00f3foro, conex\u00f5es sociais s\u00f3lidas funcionam como pilares da sa\u00fade mental. \u201cRela\u00e7\u00f5es verdadeiras oferecem suporte, pertencimento e funcionam como rede de prote\u00e7\u00e3o contra as press\u00f5es emocionais do dia a dia\u201d, afirma. Pesquisas recentes apontam que amizades estimulam a libera\u00e7\u00e3o de neurotransmissores como serotonina, dopamina e ocitocina \u2014 subst\u00e2ncias que promovem bem-estar, reduzem o estresse e fortalecem a sensa\u00e7\u00e3o de felicidade.<\/p>\n\n\n\n<p>Uma meta-an\u00e1lise publicada em 2023 reuniu evid\u00eancias de que grupos estruturados de amizade reduzem significativamente sintomas depressivos. J\u00e1 o projeto \u201cFriendship Benches\u201d, implementado no Reino Unido, alcan\u00e7ou at\u00e9 80% de queda nos sintomas de depress\u00e3o entre os participantes. Outro estudo, divulgado em janeiro de 2025, revelou que idosos com la\u00e7os afetivos mantidos apresentaram 24% menos risco de mortalidade precoce.<\/p>\n\n\n\n<p class=\"has-medium-font-size\">Terapia e amizade: pap\u00e9is complementares<\/p>\n\n\n\n<p>Apesar de seus benef\u00edcios, amizades profundas nem sempre s\u00e3o f\u00e1ceis de construir. Barreiras emocionais como timidez, inseguran\u00e7a ou traumas podem dificultar os v\u00ednculos. Nesse cen\u00e1rio, a psicoterapia \u00e9 uma aliada fundamental. \u201cO processo terap\u00eautico oferece escuta especializada, sigilosa e sem julgamentos \u2014 algo que, por mais bem-intencionados que sejam, os amigos nem sempre conseguem garantir\u201d, explica Christ\u00f3foro.<\/p>\n\n\n\n<p>O psic\u00f3logo destaca que amizades e terapia n\u00e3o se substituem, mas se complementam: enquanto os amigos acolhem e acompanham, o terapeuta fortalece com t\u00e9cnicas e orienta\u00e7\u00e3o emocional. Neste Dia da Amizade, a recomenda\u00e7\u00e3o \u00e9 clara: agradecer aos amigos que caminham conosco e tamb\u00e9m investir no autoconhecimento como forma de nutrir rela\u00e7\u00f5es ainda mais saud\u00e1veis e duradouras.<\/p>\n\n\n\n<p>Servi\u00e7o:&nbsp;Luti Christ\u00f3foro&nbsp;<\/p>\n\n\n\n<p>Psic\u00f3logo Cl\u00ednico<\/p>\n\n\n\n<p>(41) 99809-8887<\/p>\n\n\n\n<p>@luti.psicologo<\/p>\n\n\n\n<p>lutipsicologo@gmail.com<\/p>\n","protected":false},"excerpt":{"rendered":"<p>Especialistas refor\u00e7am que la\u00e7os afetivos profundos reduzem estresse, ansiedade e at\u00e9 \u00edndices de mortalidade Comemorado em 30 de julho, o Dia Internacional da Amizade convida \u00e0 reflex\u00e3o sobre a import\u00e2ncia dos v\u00ednculos afetivos na promo\u00e7\u00e3o da sa\u00fade integral. Estudos recentes refor\u00e7am que ter amigos verdadeiros pode ser t\u00e3o ben\u00e9fico quanto um tratamento preventivo. Os la\u00e7os [&hellip;]<\/p>\n","protected":false},"author":1,"featured_media":4635,"comment_status":"open","ping_status":"open","sticky":false,"template":"","format":"standard","meta":{"footnotes":""},"categories":[29],"tags":[],"class_list":["post-4634","post","type-post","status-publish","format-standard","has-post-thumbnail","hentry","category-artigos"],"_links":{"self":[{"href":"https:\/\/diarioparanaense.com\/index.php?rest_route=\/wp\/v2\/posts\/4634","targetHints":{"allow":["GET"]}}],"collection":[{"href":"https:\/\/diarioparanaense.com\/index.php?rest_route=\/wp\/v2\/posts"}],"about":[{"href":"https:\/\/diarioparanaense.com\/index.php?rest_route=\/wp\/v2\/types\/post"}],"author":[{"embeddable":true,"href":"https:\/\/diarioparanaense.com\/index.php?rest_route=\/wp\/v2\/users\/1"}],"replies":[{"embeddable":true,"href":"https:\/\/diarioparanaense.com\/index.php?rest_route=%2Fwp%2Fv2%2Fcomments&post=4634"}],"version-history":[{"count":1,"href":"https:\/\/diarioparanaense.com\/index.php?rest_route=\/wp\/v2\/posts\/4634\/revisions"}],"predecessor-version":[{"id":4636,"href":"https:\/\/diarioparanaense.com\/index.php?rest_route=\/wp\/v2\/posts\/4634\/revisions\/4636"}],"wp:featuredmedia":[{"embeddable":true,"href":"https:\/\/diarioparanaense.com\/index.php?rest_route=\/wp\/v2\/media\/4635"}],"wp:attachment":[{"href":"https:\/\/diarioparanaense.com\/index.php?rest_route=%2Fwp%2Fv2%2Fmedia&parent=4634"}],"wp:term":[{"taxonomy":"category","embeddable":true,"href":"https:\/\/diarioparanaense.com\/index.php?rest_route=%2Fwp%2Fv2%2Fcategories&post=4634"},{"taxonomy":"post_tag","embeddable":true,"href":"https:\/\/diarioparanaense.com\/index.php?rest_route=%2Fwp%2Fv2%2Ftags&post=4634"}],"curies":[{"name":"wp","href":"https:\/\/api.w.org\/{rel}","templated":true}]}}