{"id":4612,"date":"2025-07-08T09:14:07","date_gmt":"2025-07-08T12:14:07","guid":{"rendered":"https:\/\/diarioparanaense.com\/?p=4612"},"modified":"2025-07-08T09:51:02","modified_gmt":"2025-07-08T12:51:02","slug":"lancamento-de-obra-de-andrea-vaz-reune-autoridades-e-emocao","status":"publish","type":"post","link":"https:\/\/diarioparanaense.com\/?p=4612","title":{"rendered":"Lan\u00e7amento de obra de Andr\u00e9a Vaz re\u00fane autoridades e emo\u00e7\u00e3o"},"content":{"rendered":"\n<p class=\"has-medium-font-size\">Liberdade Sindical no Estado Constitucional Cooperativo &#8211; Liberdade Objetiva e Subjetiva no Contexto da Autonomia das Organiza\u00e7\u00f5es Sindicais leva convidados especiais e uma autora que emociona<\/p>\n\n\n\n<p>No come\u00e7o do m\u00eas, Sal\u00e3o Nobre da Assembleia Legislativa do Paran\u00e1 foi palco de uma noite marcada por emo\u00e7\u00e3o, reflex\u00f5es profundas e celebra\u00e7\u00e3o da cultura jur\u00eddica. A jurista Andr\u00e9a Arruda Vaz lan\u00e7ou sua mais recente obra, Liberdade Sindical no Estado Constitucional Cooperativo \u2013 Liberdade Objetiva e Subjetiva no Contexto da Autonomia das Organiza\u00e7\u00f5es Sindicais, publicada pela\u00a0Juru\u00e1\u00a0Editora.<\/p>\n\n\n\n<p>Com estilo arrojado e abordagem in\u00e9dita no mundo, a autora prop\u00f5e uma releitura do sindicalismo brasileiro a partir da teoria do Estado Constitucional Cooperativo, do alem\u00e3o Peter H\u00e4berle. Durante o discurso, Andr\u00e9a emocionou o p\u00fablico ao destacar a import\u00e2ncia da luta coletiva e do papel transformador dos sindicatos: \u201c\u00c9 o lugar onde o \u2018Direito ao Trabalho\u2019 vira \u2018Direito do Trabalho\u2019 \u2014 onde a CLT deixa de ser letra morta e se torna ferramenta de liberta\u00e7\u00e3o\u201d, afirmou com \u00eanfase.<\/p>\n\n\n\n<p>A noite contou com presen\u00e7as ilustres, como o deputado Ad\u00e3o Litro \u2014 homenageado por viabilizar o evento \u2014, o Dr. Marcos Augusto Maliska, orientador de Andr\u00e9a,al\u00e9m de parlamentares, dirigentes sindicais, autoridades e amigos da autora. Tamb\u00e9m teve m\u00fasica ao vivo, coquetel e muita celebra\u00e7\u00e3o.<\/p>\n\n\n\n<p>Doutora em Direito, professora, advogada e conselheira da OAB\/PR, Andr\u00e9a consolida-se como uma das principais vozes na defesa de um sindicalismo democr\u00e1tico, plural e conectado com os direitos humanos e as normas internacionais. Uma noite que celebrou n\u00e3o apenas o lan\u00e7amento de um livro, mas de ideias capazes de abalar estruturas e inspirar o futuro do trabalho no pa\u00eds.<\/p>\n\n\n\n<p class=\"has-medium-font-size\">Sobre a autora:<\/p>\n\n\n\n<p>Andr\u00e9a Arruda Vaz \u00e9 doutora e mestre em Direito pelo UniBrasil (PR), advogada, autora de obras jur\u00eddicas de refer\u00eancia e diretora do escrit\u00f3rio Andr\u00e9ia Vaz Advocacia. Reconhecida nacionalmente por sua atua\u00e7\u00e3o em Direito e Processo do Trabalho, com \u00eanfase em Direitos Humanos e Direito Internacional, \u00e9 tamb\u00e9m conselheira da OAB\/PR e professora universit\u00e1ria. Sua contribui\u00e7\u00e3o cr\u00edtica ao debate sobre liberdade sindical no pa\u00eds a posiciona como uma das principais vozes jur\u00eddicas da atualidade.<\/p>\n\n\n\n<p>LinkedIn: <a href=\"https:\/\/www.linkedin.com\/company\/andr%C3%A9a-arruda-vaz-adv\/\">https:\/\/www.linkedin.com\/company\/andr%C3%A9a-arruda-vaz-adv\/<\/a><br>Instagram: @andreavazadv<br>WhatsApp: 41 99529-8774<br>Site Oficial: <a href=\"https:\/\/andreavaz.adv.br\/\">https:\/\/andreavaz.adv.br\/<\/a><br>Telefone: (41) 3082-6520<br>Endere\u00e7o: Rua Dom Alberto Gon\u00e7alves, 963 \u2013 Bom Retiro,&nbsp;Curitiba\/PR<\/p>\n","protected":false},"excerpt":{"rendered":"<p>Liberdade Sindical no Estado Constitucional Cooperativo &#8211; Liberdade Objetiva e Subjetiva no Contexto da Autonomia das Organiza\u00e7\u00f5es Sindicais leva convidados especiais e uma autora que emociona No come\u00e7o do m\u00eas, Sal\u00e3o Nobre da Assembleia Legislativa do Paran\u00e1 foi palco de uma noite marcada por emo\u00e7\u00e3o, reflex\u00f5es profundas e celebra\u00e7\u00e3o da cultura jur\u00eddica. A jurista Andr\u00e9a [&hellip;]<\/p>\n","protected":false},"author":1,"featured_media":4613,"comment_status":"open","ping_status":"open","sticky":false,"template":"","format":"standard","meta":{"footnotes":""},"categories":[2,142],"tags":[],"class_list":["post-4612","post","type-post","status-publish","format-standard","has-post-thumbnail","hentry","category-destaque","category-literatura"],"_links":{"self":[{"href":"https:\/\/diarioparanaense.com\/index.php?rest_route=\/wp\/v2\/posts\/4612","targetHints":{"allow":["GET"]}}],"collection":[{"href":"https:\/\/diarioparanaense.com\/index.php?rest_route=\/wp\/v2\/posts"}],"about":[{"href":"https:\/\/diarioparanaense.com\/index.php?rest_route=\/wp\/v2\/types\/post"}],"author":[{"embeddable":true,"href":"https:\/\/diarioparanaense.com\/index.php?rest_route=\/wp\/v2\/users\/1"}],"replies":[{"embeddable":true,"href":"https:\/\/diarioparanaense.com\/index.php?rest_route=%2Fwp%2Fv2%2Fcomments&post=4612"}],"version-history":[{"count":2,"href":"https:\/\/diarioparanaense.com\/index.php?rest_route=\/wp\/v2\/posts\/4612\/revisions"}],"predecessor-version":[{"id":4618,"href":"https:\/\/diarioparanaense.com\/index.php?rest_route=\/wp\/v2\/posts\/4612\/revisions\/4618"}],"wp:featuredmedia":[{"embeddable":true,"href":"https:\/\/diarioparanaense.com\/index.php?rest_route=\/wp\/v2\/media\/4613"}],"wp:attachment":[{"href":"https:\/\/diarioparanaense.com\/index.php?rest_route=%2Fwp%2Fv2%2Fmedia&parent=4612"}],"wp:term":[{"taxonomy":"category","embeddable":true,"href":"https:\/\/diarioparanaense.com\/index.php?rest_route=%2Fwp%2Fv2%2Fcategories&post=4612"},{"taxonomy":"post_tag","embeddable":true,"href":"https:\/\/diarioparanaense.com\/index.php?rest_route=%2Fwp%2Fv2%2Ftags&post=4612"}],"curies":[{"name":"wp","href":"https:\/\/api.w.org\/{rel}","templated":true}]}}