{"id":4609,"date":"2025-07-08T09:11:59","date_gmt":"2025-07-08T12:11:59","guid":{"rendered":"https:\/\/diarioparanaense.com\/?p=4609"},"modified":"2025-07-08T09:11:59","modified_gmt":"2025-07-08T12:11:59","slug":"maringa-recebe-curso-para-novos-arbitros-e-juizes-de-boxe-amador-em-julho","status":"publish","type":"post","link":"https:\/\/diarioparanaense.com\/?p=4609","title":{"rendered":"Maring\u00e1 recebe curso para novos \u00e1rbitros e ju\u00edzes de boxe amador em julho"},"content":{"rendered":"\n<p class=\"has-medium-font-size\">Capacita\u00e7\u00e3o promovida pela FEBOXE-PR acontece nos dias 19 e 20 de julho, com aulas ministradas pela \u00e1rbitra Cidinha Oliveira e apoio da Confedera\u00e7\u00e3o de Boxe do Brasil<\/p>\n\n\n\n<p>Nos dias 19 e 20 de julho, Maring\u00e1 sediar\u00e1 um curso de forma\u00e7\u00e3o de \u00e1rbitros e ju\u00edzes de boxe amador, ministrado pela professora Cidinha Oliveira, uma das refer\u00eancias na arbitragem do esporte. As aulas acontecem na Avenida Carlos Correia Borges, n\u00ba 642, no Conjunto Habitacional Inocente Vila Nova J\u00fanior.<\/p>\n\n\n\n<p>A iniciativa \u00e9 promovida pela Federa\u00e7\u00e3o de Boxe do Estado do Paran\u00e1 (FEBOXE-PR), com apoio Marques Boxing da Confedera\u00e7\u00e3o de Boxe do Brasil, dentro de um movimento de fortalecimento da modalidade no estado.<\/p>\n\n\n\n<p>Al\u00e9m de capacitar novos profissionais, o curso busca refor\u00e7ar a import\u00e2ncia de se observar as regras espec\u00edficas do boxe amador, que tem car\u00e1ter mais protetivo aos atletas. \u201cA forma\u00e7\u00e3o adequada de ju\u00edzes e \u00e1rbitros \u00e9 fundamental para garantir a seguran\u00e7a e a integridade dos eventos. O boxe tem atra\u00eddo pessoas de diferentes perfis e idades, mostrando que o esporte \u00e9 acess\u00edvel a todos. Esse curso \u00e9 mais um passo para preparar profissionais capacitados que v\u00e3o contribuir com o crescimento do boxe paranaense e tamb\u00e9m prepar\u00e1-los para atuarem em eventos nacionais, afirma Marcelo Garbosa, presidente da FEBOXE-PR.<br><a href=\"https:\/\/www.instagram.com\/p\/DLsQ9Ossd-W\/?utm_source=ig_web_copy_link\">https:\/\/www.instagram.com\/p\/DLsQ9Ossd-W\/?utm_source=ig_web_copy_link<\/a><\/p>\n\n\n\n<p><strong>Servi\u00e7o:<br><\/strong>\ud83d\udcc5 Curso de \u00c1rbitros e Juizes de Boxe Amador<br>\ud83d\udccd Avenida Carlos Correia Borges, n\u00ba 642 \u2013 Conjunto Habitacional Inocente Vila Nova J\u00fanior \u2013 Maring\u00e1\/PR<br>\ud83d\udcc6 19 e 20 de julho (s\u00e1bado e domingo)<br>\ud83d\udcf2 Informa\u00e7\u00f5es e inscri\u00e7\u00f5es: (41) 98469-4702<br>\ud83c\udf93 Ministrado por: Prof\u00aa Cidinha Oliveira<br>\ud83d\udccc Realiza\u00e7\u00e3o: FEBOX-PR<br>\ud83e\udd1d Apoio: Marques Boxing e Confedera\u00e7\u00e3o de\u00a0Boxe\u00a0do\u00a0Brasil<\/p>\n","protected":false},"excerpt":{"rendered":"<p>Capacita\u00e7\u00e3o promovida pela FEBOXE-PR acontece nos dias 19 e 20 de julho, com aulas ministradas pela \u00e1rbitra Cidinha Oliveira e apoio da Confedera\u00e7\u00e3o de Boxe do Brasil Nos dias 19 e 20 de julho, Maring\u00e1 sediar\u00e1 um curso de forma\u00e7\u00e3o de \u00e1rbitros e ju\u00edzes de boxe amador, ministrado pela professora Cidinha Oliveira, uma das refer\u00eancias [&hellip;]<\/p>\n","protected":false},"author":1,"featured_media":4610,"comment_status":"open","ping_status":"open","sticky":false,"template":"","format":"standard","meta":{"footnotes":""},"categories":[159],"tags":[],"class_list":["post-4609","post","type-post","status-publish","format-standard","has-post-thumbnail","hentry","category-esportes"],"_links":{"self":[{"href":"https:\/\/diarioparanaense.com\/index.php?rest_route=\/wp\/v2\/posts\/4609","targetHints":{"allow":["GET"]}}],"collection":[{"href":"https:\/\/diarioparanaense.com\/index.php?rest_route=\/wp\/v2\/posts"}],"about":[{"href":"https:\/\/diarioparanaense.com\/index.php?rest_route=\/wp\/v2\/types\/post"}],"author":[{"embeddable":true,"href":"https:\/\/diarioparanaense.com\/index.php?rest_route=\/wp\/v2\/users\/1"}],"replies":[{"embeddable":true,"href":"https:\/\/diarioparanaense.com\/index.php?rest_route=%2Fwp%2Fv2%2Fcomments&post=4609"}],"version-history":[{"count":1,"href":"https:\/\/diarioparanaense.com\/index.php?rest_route=\/wp\/v2\/posts\/4609\/revisions"}],"predecessor-version":[{"id":4611,"href":"https:\/\/diarioparanaense.com\/index.php?rest_route=\/wp\/v2\/posts\/4609\/revisions\/4611"}],"wp:featuredmedia":[{"embeddable":true,"href":"https:\/\/diarioparanaense.com\/index.php?rest_route=\/wp\/v2\/media\/4610"}],"wp:attachment":[{"href":"https:\/\/diarioparanaense.com\/index.php?rest_route=%2Fwp%2Fv2%2Fmedia&parent=4609"}],"wp:term":[{"taxonomy":"category","embeddable":true,"href":"https:\/\/diarioparanaense.com\/index.php?rest_route=%2Fwp%2Fv2%2Fcategories&post=4609"},{"taxonomy":"post_tag","embeddable":true,"href":"https:\/\/diarioparanaense.com\/index.php?rest_route=%2Fwp%2Fv2%2Ftags&post=4609"}],"curies":[{"name":"wp","href":"https:\/\/api.w.org\/{rel}","templated":true}]}}