{"id":4596,"date":"2025-07-04T14:10:45","date_gmt":"2025-07-04T17:10:45","guid":{"rendered":"https:\/\/diarioparanaense.com\/?p=4596"},"modified":"2025-07-04T14:10:45","modified_gmt":"2025-07-04T17:10:45","slug":"cegueira-por-diabetes-e-evitavel-parana-tem-mais-de-880-mil-diagnosticados","status":"publish","type":"post","link":"https:\/\/diarioparanaense.com\/?p=4596","title":{"rendered":"Cegueira por diabetes \u00e9 evit\u00e1vel: Paran\u00e1 tem mais de 880 mil diagnosticados"},"content":{"rendered":"\n<p class=\"has-medium-font-size\">Especialista alerta para os riscos da retinopatia diab\u00e9tica, uma das principais causas de cegueira irrevers\u00edvel no Brasil<\/p>\n\n\n\n<p>O diabetes j\u00e1 \u00e9 a terceira principal causa de mortalidade prematura entre paranaenses com idades entre 30 e 69 anos, segundo dados da Secretaria de Estado da Sa\u00fade (Sesa-PR), com base em informa\u00e7\u00f5es do Sistema de Informa\u00e7\u00e3o em Sa\u00fade para a Aten\u00e7\u00e3o B\u00e1sica (Sisab), do Minist\u00e9rio da Sa\u00fade. E o impacto da doen\u00e7a vai al\u00e9m da mortalidade: a cegueira provocada por complica\u00e7\u00f5es da diabetes, como a retinopatia diab\u00e9tica, \u00e9 silenciosa, progressiva e, muitas vezes, evit\u00e1vel.<\/p>\n\n\n\n<p>\u201cA retinopatia diab\u00e9tica \u00e9 a principal complica\u00e7\u00e3o ocular do diabetes e pode levar \u00e0 cegueira irrevers\u00edvel se n\u00e3o for diagnosticada e tratada a tempo. A boa not\u00edcia \u00e9 que, com acompanhamento oftalmol\u00f3gico regular, \u00e9 poss\u00edvel evitar essa perda visual na maioria dos casos\u201d, alerta o oftalmologista Jo\u00e3o Guilherme de Moraes, especialista em retina e v\u00edtreo.<\/p>\n\n\n\n<p>No Paran\u00e1, os dados refor\u00e7am a urg\u00eancia do tema: s\u00e3o mais de 880 mil pessoas diagnosticadas com diabetes no estado. Em 2022, foram realizados 1.540.294 atendimentos individuais nas Unidades B\u00e1sicas de Sa\u00fade (UBS) para pacientes com diabetes e hipertens\u00e3o. J\u00e1 no primeiro semestre de 2024, esse n\u00famero ultrapassou 1,6 milh\u00e3o de atendimentos, indicando maior demanda e, tamb\u00e9m, maior aten\u00e7\u00e3o \u00e0 preven\u00e7\u00e3o e controle da doen\u00e7a.<\/p>\n\n\n\n<p class=\"has-medium-font-size\">Risco silencioso para a vis\u00e3o<\/p>\n\n\n\n<p>A retinopatia diab\u00e9tica ocorre quando os altos n\u00edveis de glicose danificam os vasos sangu\u00edneos da retina, tecido essencial para a forma\u00e7\u00e3o das imagens. Sem sintomas evidentes nas fases iniciais, muitos pacientes s\u00f3 percebem altera\u00e7\u00f5es visuais j\u00e1 em est\u00e1gios avan\u00e7ados.<\/p>\n\n\n\n<p>\u201cPor isso, a recomenda\u00e7\u00e3o \u00e9 que todo paciente diab\u00e9tico realize um exame de fundo de olho ao menos uma vez por ano. Esse exame simples permite identificar altera\u00e7\u00f5es na retina precocemente, quando o tratamento ainda pode preservar a vis\u00e3o\u201d, explica Jo\u00e3o Guilherme.<\/p>\n\n\n\n<p>O m\u00e9dico ressalta que o tratamento pode envolver controle rigoroso do diabetes, aplica\u00e7\u00f5es de medicamentos intraoculares e, em casos avan\u00e7ados, cirurgia. \u201cQuanto mais precoce o diagn\u00f3stico, mais conservadores e eficazes s\u00e3o os tratamentos\u201d.<\/p>\n\n\n\n<p class=\"has-medium-font-size\">Sobre Jo\u00e3o Guilherme de Moraes<\/p>\n\n\n\n<p>Dr. Jo\u00e3o Guilherme de Moraes \u00e9 m\u00e9dico oftalmologista especializado em doen\u00e7as da retina e v\u00edtreo, com ampla experi\u00eancia em cirurgias avan\u00e7adas e tratamentos como a aplica\u00e7\u00e3o de medicamentos intrav\u00edtreos. Formado pela PUC-PR, com fellowship em Retina e V\u00edtreo pelo Instituto da Vis\u00e3o (UFMG), j\u00e1 atuou em importantes hospitais de Curitiba e atualmente coordena o setor de Retina e V\u00edtreo da Oftalmocl\u00ednica Curitiba.<\/p>\n\n\n\n<p>\u00c9 preceptor da resid\u00eancia m\u00e9dica em oftalmologia da PUC-PR, do Hospital Universit\u00e1rio Evang\u00e9lico Mackenzie e do Hospital da Vis\u00e3o, onde tamb\u00e9m atua como preceptor do servi\u00e7o de fellowship em Retina e V\u00edtreo.<\/p>\n\n\n\n<p>Membro da Sociedade Brasileira de Retina e V\u00edtreo (SBRV) e da Euretina (European Society of Retina Specialists), \u00e9 o atual vice-presidente regional sul da SBRV. Al\u00e9m de sua pr\u00e1tica cl\u00ednica, tem forte atua\u00e7\u00e3o acad\u00eamica, sendo palestrante internacional em m\u00faltiplos congressos e ex-diretor da Associa\u00e7\u00e3o Paranaense de Oftalmologia.<\/p>\n","protected":false},"excerpt":{"rendered":"<p>Especialista alerta para os riscos da retinopatia diab\u00e9tica, uma das principais causas de cegueira irrevers\u00edvel no Brasil O diabetes j\u00e1 \u00e9 a terceira principal causa de mortalidade prematura entre paranaenses com idades entre 30 e 69 anos, segundo dados da Secretaria de Estado da Sa\u00fade (Sesa-PR), com base em informa\u00e7\u00f5es do Sistema de Informa\u00e7\u00e3o em [&hellip;]<\/p>\n","protected":false},"author":1,"featured_media":4597,"comment_status":"open","ping_status":"open","sticky":false,"template":"","format":"standard","meta":{"footnotes":""},"categories":[164],"tags":[],"class_list":["post-4596","post","type-post","status-publish","format-standard","has-post-thumbnail","hentry","category-saude-2"],"_links":{"self":[{"href":"https:\/\/diarioparanaense.com\/index.php?rest_route=\/wp\/v2\/posts\/4596","targetHints":{"allow":["GET"]}}],"collection":[{"href":"https:\/\/diarioparanaense.com\/index.php?rest_route=\/wp\/v2\/posts"}],"about":[{"href":"https:\/\/diarioparanaense.com\/index.php?rest_route=\/wp\/v2\/types\/post"}],"author":[{"embeddable":true,"href":"https:\/\/diarioparanaense.com\/index.php?rest_route=\/wp\/v2\/users\/1"}],"replies":[{"embeddable":true,"href":"https:\/\/diarioparanaense.com\/index.php?rest_route=%2Fwp%2Fv2%2Fcomments&post=4596"}],"version-history":[{"count":1,"href":"https:\/\/diarioparanaense.com\/index.php?rest_route=\/wp\/v2\/posts\/4596\/revisions"}],"predecessor-version":[{"id":4598,"href":"https:\/\/diarioparanaense.com\/index.php?rest_route=\/wp\/v2\/posts\/4596\/revisions\/4598"}],"wp:featuredmedia":[{"embeddable":true,"href":"https:\/\/diarioparanaense.com\/index.php?rest_route=\/wp\/v2\/media\/4597"}],"wp:attachment":[{"href":"https:\/\/diarioparanaense.com\/index.php?rest_route=%2Fwp%2Fv2%2Fmedia&parent=4596"}],"wp:term":[{"taxonomy":"category","embeddable":true,"href":"https:\/\/diarioparanaense.com\/index.php?rest_route=%2Fwp%2Fv2%2Fcategories&post=4596"},{"taxonomy":"post_tag","embeddable":true,"href":"https:\/\/diarioparanaense.com\/index.php?rest_route=%2Fwp%2Fv2%2Ftags&post=4596"}],"curies":[{"name":"wp","href":"https:\/\/api.w.org\/{rel}","templated":true}]}}