{"id":4593,"date":"2025-07-04T14:08:49","date_gmt":"2025-07-04T17:08:49","guid":{"rendered":"https:\/\/diarioparanaense.com\/?p=4593"},"modified":"2025-07-04T14:08:50","modified_gmt":"2025-07-04T17:08:50","slug":"quanto-custa-se-despedir-de-um-ente-querido-sem-planejamento","status":"publish","type":"post","link":"https:\/\/diarioparanaense.com\/?p=4593","title":{"rendered":"Quanto custa se despedir de um ente querido sem planejamento?"},"content":{"rendered":"\n<p>O falecimento de um ente querido pode gerar um impacto financeiro significativo para as fam\u00edlias. Os custos associados ao funeral particular completo, sem plano, incluindo vel\u00f3rio, urna, prepara\u00e7\u00e3o do corpo, taxas, sepultamento ou crema\u00e7\u00e3o e traslado, podem variar entre R$ 8.000 e R$ 10.000.<\/p>\n\n\n\n<p>Mesmo optando por servi\u00e7os mais b\u00e1sicos oferecidos pela municipalidade, que n\u00e3o incluem vel\u00f3rio nem traslados, os custos podem chegar a R$ 2.500 a R$ 3.000. Esses valores, muitas vezes inesperados, podem comprometer o or\u00e7amento familiar e levar a endividamentos em um momento de vulnerabilidade emocional.<\/p>\n\n\n\n<p>\u201cFamilias que querem garantir tranquilidade financeira e emocional, sem surpresas ou endividamentos, devem optar por planos preventivos. Diferente do que muitos pensam, esses planos entregam outros benef\u00edcios que fazem diferen\u00e7a no dia a dia, como telemedicina e descontos em medicamentos\u201d, afirma Andr\u00e9 Le\u00e3o, do Grupo Jardim da Saudade.<\/p>\n\n\n\n<p>Para Le\u00e3o, justamente nessas horas mais dif\u00edceis \u00e9 que os custos imediatos podem variar muito \u2014 e sem planejamento, a fam\u00edlia pode ter que arcar com despesas de at\u00e9 R$ 10 mil.<\/p>\n\n\n\n<p>\u201cTer um plano para lidar com as despesas funer\u00e1rias \u00e9 uma medida de preven\u00e7\u00e3o financeira, assim como o seguro de um ve\u00edculo. Essa tranquilidade evita, por exemplo, que decis\u00f5es financeiras dif\u00edceis sejam tomadas sob press\u00e3o, permitindo que a fam\u00edlia se concentre no processo de luto\u201d.<\/p>\n\n\n\n<p class=\"has-medium-font-size\">Benef\u00edcios adicionais do planejamento cont\u00ednuo<\/p>\n\n\n\n<p>Al\u00e9m da cobertura para despesas funer\u00e1rias, muitos planos oferecem benef\u00edcios em vida. Esses adicionais podem incluir descontos em servi\u00e7os de sa\u00fade, medicamentos e at\u00e9 mesmo lazer, o que contribui para a qualidade de vida da fam\u00edlia e pode compensar os custos mensais do plano ao longo do tempo:<\/p>\n\n\n\n<p>\u201cPlanejar as despesas futuras relacionadas \u00e9 uma estrat\u00e9gia financeira inteligente. Protege a economia da fam\u00edlia de gastos inesperados e elevados, al\u00e9m de proporcionar paz de esp\u00edrito e benef\u00edcios ainda em vida\u201d completa Le\u00e3o.<\/p>\n\n\n\n<p>Servi\u00e7o: Jardim da Saudade<br>Andr\u00e9 Le\u00e3o<br>Representante do Jardim da Saudade<br>0800 007 0001<br>@grupojardimdasaudade<br><a href=\"https:\/\/www.jardimdasaudade.com\/jardim-da-saudade-curitiba\/\n\">https:\/\/www.jardimdasaudade.com\/jardim-da-saudade-curitiba\/<br><\/a>Cemit\u00e9rio Jardim da Saudade, Rua Jo\u00e3o Bettega, 999 | Port\u00e3o,\u00a0Curitiba\u00a0|\u00a0PR.<\/p>\n","protected":false},"excerpt":{"rendered":"<p>O falecimento de um ente querido pode gerar um impacto financeiro significativo para as fam\u00edlias. Os custos associados ao funeral particular completo, sem plano, incluindo vel\u00f3rio, urna, prepara\u00e7\u00e3o do corpo, taxas, sepultamento ou crema\u00e7\u00e3o e traslado, podem variar entre R$ 8.000 e R$ 10.000. Mesmo optando por servi\u00e7os mais b\u00e1sicos oferecidos pela municipalidade, que n\u00e3o [&hellip;]<\/p>\n","protected":false},"author":1,"featured_media":4594,"comment_status":"open","ping_status":"open","sticky":false,"template":"","format":"standard","meta":{"footnotes":""},"categories":[29],"tags":[],"class_list":["post-4593","post","type-post","status-publish","format-standard","has-post-thumbnail","hentry","category-artigos"],"_links":{"self":[{"href":"https:\/\/diarioparanaense.com\/index.php?rest_route=\/wp\/v2\/posts\/4593","targetHints":{"allow":["GET"]}}],"collection":[{"href":"https:\/\/diarioparanaense.com\/index.php?rest_route=\/wp\/v2\/posts"}],"about":[{"href":"https:\/\/diarioparanaense.com\/index.php?rest_route=\/wp\/v2\/types\/post"}],"author":[{"embeddable":true,"href":"https:\/\/diarioparanaense.com\/index.php?rest_route=\/wp\/v2\/users\/1"}],"replies":[{"embeddable":true,"href":"https:\/\/diarioparanaense.com\/index.php?rest_route=%2Fwp%2Fv2%2Fcomments&post=4593"}],"version-history":[{"count":1,"href":"https:\/\/diarioparanaense.com\/index.php?rest_route=\/wp\/v2\/posts\/4593\/revisions"}],"predecessor-version":[{"id":4595,"href":"https:\/\/diarioparanaense.com\/index.php?rest_route=\/wp\/v2\/posts\/4593\/revisions\/4595"}],"wp:featuredmedia":[{"embeddable":true,"href":"https:\/\/diarioparanaense.com\/index.php?rest_route=\/wp\/v2\/media\/4594"}],"wp:attachment":[{"href":"https:\/\/diarioparanaense.com\/index.php?rest_route=%2Fwp%2Fv2%2Fmedia&parent=4593"}],"wp:term":[{"taxonomy":"category","embeddable":true,"href":"https:\/\/diarioparanaense.com\/index.php?rest_route=%2Fwp%2Fv2%2Fcategories&post=4593"},{"taxonomy":"post_tag","embeddable":true,"href":"https:\/\/diarioparanaense.com\/index.php?rest_route=%2Fwp%2Fv2%2Ftags&post=4593"}],"curies":[{"name":"wp","href":"https:\/\/api.w.org\/{rel}","templated":true}]}}