{"id":4586,"date":"2025-07-04T11:33:43","date_gmt":"2025-07-04T14:33:43","guid":{"rendered":"https:\/\/diarioparanaense.com\/?p=4586"},"modified":"2025-07-04T11:34:26","modified_gmt":"2025-07-04T14:34:26","slug":"fabiana-cozza-lanca-choro-das-aguas","status":"publish","type":"post","link":"https:\/\/diarioparanaense.com\/?p=4586","title":{"rendered":"Fabiana Cozza lan\u00e7a Choro das \u00c1guas"},"content":{"rendered":"\n<p class=\"has-medium-font-size\">Ou\u00e7a \u201cChoro das \u00c1guas\u201d: <a href=\"https:\/\/orcd.co\/chorodasaguas_fabianacozza\">https:\/\/orcd.co\/chorodasaguas_fabianacozza<\/a><br>Assista aqui o clipe de \u201cChoro das \u00c1guas\u201d: <a href=\"https:\/\/youtu.be\/mIeZK8MSm8M\">https:\/\/youtu.be\/mIeZK8MSm8M<\/a><\/p>\n\n\n\n<p class=\"has-medium-font-size\">Em interpreta\u00e7\u00e3o introspectiva, Fabiana Cozza canta o \u201cChoro das \u00c1guas\u201d com o lirismo do sofrimento.<\/p>\n\n\n\n<p>A can\u00e7\u00e3o de Ivan Lins e Vitor Martins usa a met\u00e1fora das \u00e1guas para real\u00e7ar a intensidade do choro que, de t\u00e3o grande, transborda e n\u00e3o cabe no peito. O sentimento da dor \u00e9 descrito como quase insuport\u00e1vel, real\u00e7ando a vulnerabilidade da condi\u00e7\u00e3o humana.<\/p>\n\n\n\n<p>Nesta vers\u00e3o a interpreta\u00e7\u00e3o sublime de Fabiana \u00e9 acolhida num arranjo profundo de piano e cello. Apontada como uma das grandes int\u00e9rpretes da m\u00fasica brasileira da sua gera\u00e7\u00e3o, Fabiana Cozza faz parte do time de vozes femininas que d\u00e3o vida ao projeto Elas Cantam as \u00c1guas, da gravadora Gale\u00e3o. O projeto traz can\u00e7\u00f5es que guardam em comum a presen\u00e7a do elemento \u00e1gua, em suas mais diversas formas, obras dos compositores Ivan Lins e Vitor Martins, dois talentos da m\u00fasica brasileira com reconhecimento internacional, al\u00e9m de contemplar a nova gera\u00e7\u00e3o de compositores trazendo obras de Gabriel Martins, autor de tr\u00eas dos seis singles que comp\u00f5em o projeto.<\/p>\n\n\n\n<p>O single est\u00e1 dispon\u00edvel em todas as plataformas digitais e o clipe no canal YouTube da gravadora Gale\u00e3o (youtube.com\/gravadoragaleao).<\/p>\n\n\n\n<p>O lan\u00e7amento acontece num momento muito especial da artista, que deu in\u00edcio recentemente ao projeto Cozza 50, uma jornada de celebra\u00e7\u00e3o art\u00edstica rumo ao seu anivers\u00e1rio de 50 anos (sendo 28 anos de carreira), que acontece em 16 de janeiro de 2026, ano em que lan\u00e7ar\u00e1 tamb\u00e9m seu 10\u00ba \u00e1lbum de carreira.<\/p>\n\n\n\n<p>Elas Cantam as \u00c1guas re\u00fane as vozes de uma constela\u00e7\u00e3o de int\u00e9rpretes da MPB como Rita Benneditto, Leila Pinheiro, Fabiana Cozza, entre outras que ainda ser\u00e3o reveladas nos pr\u00f3ximos&nbsp;lan\u00e7amentos.<\/p>\n","protected":false},"excerpt":{"rendered":"<p>Ou\u00e7a \u201cChoro das \u00c1guas\u201d: https:\/\/orcd.co\/chorodasaguas_fabianacozzaAssista aqui o clipe de \u201cChoro das \u00c1guas\u201d: https:\/\/youtu.be\/mIeZK8MSm8M Em interpreta\u00e7\u00e3o introspectiva, Fabiana Cozza canta o \u201cChoro das \u00c1guas\u201d com o lirismo do sofrimento. A can\u00e7\u00e3o de Ivan Lins e Vitor Martins usa a met\u00e1fora das \u00e1guas para real\u00e7ar a intensidade do choro que, de t\u00e3o grande, transborda e n\u00e3o cabe [&hellip;]<\/p>\n","protected":false},"author":1,"featured_media":4587,"comment_status":"open","ping_status":"open","sticky":false,"template":"","format":"standard","meta":{"footnotes":""},"categories":[27],"tags":[],"class_list":["post-4586","post","type-post","status-publish","format-standard","has-post-thumbnail","hentry","category-musica"],"_links":{"self":[{"href":"https:\/\/diarioparanaense.com\/index.php?rest_route=\/wp\/v2\/posts\/4586","targetHints":{"allow":["GET"]}}],"collection":[{"href":"https:\/\/diarioparanaense.com\/index.php?rest_route=\/wp\/v2\/posts"}],"about":[{"href":"https:\/\/diarioparanaense.com\/index.php?rest_route=\/wp\/v2\/types\/post"}],"author":[{"embeddable":true,"href":"https:\/\/diarioparanaense.com\/index.php?rest_route=\/wp\/v2\/users\/1"}],"replies":[{"embeddable":true,"href":"https:\/\/diarioparanaense.com\/index.php?rest_route=%2Fwp%2Fv2%2Fcomments&post=4586"}],"version-history":[{"count":2,"href":"https:\/\/diarioparanaense.com\/index.php?rest_route=\/wp\/v2\/posts\/4586\/revisions"}],"predecessor-version":[{"id":4589,"href":"https:\/\/diarioparanaense.com\/index.php?rest_route=\/wp\/v2\/posts\/4586\/revisions\/4589"}],"wp:featuredmedia":[{"embeddable":true,"href":"https:\/\/diarioparanaense.com\/index.php?rest_route=\/wp\/v2\/media\/4587"}],"wp:attachment":[{"href":"https:\/\/diarioparanaense.com\/index.php?rest_route=%2Fwp%2Fv2%2Fmedia&parent=4586"}],"wp:term":[{"taxonomy":"category","embeddable":true,"href":"https:\/\/diarioparanaense.com\/index.php?rest_route=%2Fwp%2Fv2%2Fcategories&post=4586"},{"taxonomy":"post_tag","embeddable":true,"href":"https:\/\/diarioparanaense.com\/index.php?rest_route=%2Fwp%2Fv2%2Ftags&post=4586"}],"curies":[{"name":"wp","href":"https:\/\/api.w.org\/{rel}","templated":true}]}}