{"id":4583,"date":"2025-07-04T11:15:37","date_gmt":"2025-07-04T14:15:37","guid":{"rendered":"https:\/\/diarioparanaense.com\/?p=4583"},"modified":"2025-07-04T11:15:38","modified_gmt":"2025-07-04T14:15:38","slug":"temperaturas-baixas-podem-estar-associadas-a-intensidade-da-dor-de-pessoas-com-osteoartrite","status":"publish","type":"post","link":"https:\/\/diarioparanaense.com\/?p=4583","title":{"rendered":"Temperaturas baixas podem estar associadas \u00e0 intensidade da dor de pessoas com osteoartrite"},"content":{"rendered":"\n<p class=\"has-medium-font-size\"><em>Pessoas com osteoartrite sentem mais dores no inverno uma vez que as oscila\u00e7\u00f5es clim\u00e1ticas s\u00e3o mais severas nessa esta\u00e7\u00e3o do ano<\/em><em><\/em><\/p>\n\n\n\n<p><em>Uma <\/em><a href=\"https:\/\/pubmed.ncbi.nlm.nih.gov\/37078741\/\">revis\u00e3o sistem\u00e1tica<\/a><em>, que analisou 14 estudos publicados na Biblioteca Cochrane, Embase, PubMed e Web of Science, at\u00e9 2022, concluiu que fatores clim\u00e1ticos em geral foram significativamente associados \u00e0 dor da artrose.<\/em><em><\/em><\/p>\n\n\n\n<p><em>A pesquisa apontou que a press\u00e3o atmosf\u00e9rica e a umidade relativa correlacionaram-se positivamente, ou seja, exerce influ\u00eancia sobre a intensidade da dor na artrose. O estudo foi publicado na National Library of Medicine em 2023.<\/em><em><\/em><\/p>\n\n\n\n<p><em>Segundo o <\/em><a href=\"https:\/\/www.drmarcoaurelio.com.br\">Dr. Marco Aur\u00e9lio<\/a> S. Neves, ortopedista e traumatologista, especializado em cirurgia de pr\u00f3tese de quadril via anterior (AMIS) e de joelho<em>, embora os fatores clim\u00e1ticos provoquem uma altera\u00e7\u00e3o microsc\u00f3pica, as pessoas com dor cr\u00f4nica, causada por les\u00f5es, podem ser muito sens\u00edveis a ela. &#8220;Quando a press\u00e3o atmosf\u00e9rica cai, como acontece no frio por oscila\u00e7\u00f5es violentas na press\u00e3o do ar, os tecidos das articula\u00e7\u00f5es podem inchar, empurrando-os contra os m\u00fasculos e nervos do corpo causando a dor. <\/em><em><\/em><\/p>\n\n\n<div class=\"wp-block-image\">\n<figure class=\"aligncenter size-full\"><img loading=\"lazy\" decoding=\"async\" width=\"429\" height=\"195\" src=\"https:\/\/diarioparanaense.com\/wp-content\/uploads\/2025\/07\/0407251.jpg\" alt=\"\" class=\"wp-image-4584\" srcset=\"https:\/\/diarioparanaense.com\/wp-content\/uploads\/2025\/07\/0407251.jpg 429w, https:\/\/diarioparanaense.com\/wp-content\/uploads\/2025\/07\/0407251-300x136.jpg 300w\" sizes=\"auto, (max-width: 429px) 100vw, 429px\" \/><\/figure><\/div>\n\n\n<p><em>Vale destacar que a&nbsp;osteoartrite&nbsp;tamb\u00e9m \u00e9 conhecida como osteoartrose,&nbsp;artrose ou doen\u00e7a articular degenerativa, ou seja, trata-se de uma doen\u00e7a que se caracteriza pelo desgaste da cartilagem articular e por altera\u00e7\u00f5es \u00f3sseas.&nbsp;\u201c\u00c9 fato que com o passar dos anos e sem tratamento preventivo, a doen\u00e7a pode se tornar mais grave, por isso \u00e9 importante buscar ajuda m\u00e9dica especializada o quanto antes\u201d. <\/em><em><\/em><\/p>\n\n\n\n<p><em>O Dr. Marco Aur\u00e9lio, indica algumas pr\u00e1ticas para minimizar as dores em per\u00edodos mais frios. &#8220;Expor a regi\u00e3o afetada pela osteoartrite a uma compressa de \u00e1gua quente, ou, ainda, tomar banho em \u00e1gua quente s\u00e3o medidas capazes de melhorar a dor e at\u00e9 mesmo aumentar a amplitude do movimento articular&#8221;.<\/em><em><\/em><\/p>\n\n\n\n<p><em>O especialista destaca, entretanto, que pessoas que j\u00e1 tiveram suas articula\u00e7\u00f5es reparadas com pr\u00f3teses, t\u00eam a dor atenuada. Um estudo recente realizado pela <\/em><a href=\"https:\/\/pubmed.ncbi.nlm.nih.gov\/32982637\/\">Taibah University<\/a><em>, da Ar\u00e1bia Saudita e publicado em 2020 pela National Library of Medicine do National Center for Biotechnology Information concluiu que, de 100 pacientes com pr\u00f3teses articulares, 51% n\u00e3o sentiram dor quando experimentaram temperaturas frias durante o inverno. Dos pacientes que sentiram dor, apenas 29% se referiu \u00e0 dor significativa, ressaltando que os pacientes foram&nbsp;submetidos a temperaturas entre 8\u00b0C e 10\u00b0C. <\/em><em><\/em><\/p>\n\n\n\n<p><strong>Sobre Dr. Marco Aur\u00e9lio S. Neves<\/strong><\/p>\n\n\n\n<p>Dr Marco Aur\u00e9lio S. Neves, ortopedista e traumatologista, especializado em pr\u00f3teses de quadril e joelho.<\/p>\n\n\n\n<p>Pioneiro no Brasil em t\u00e9cnicas avan\u00e7adas para realiza\u00e7\u00e3o de cirurgias de pr\u00f3tese de quadril e de joelho.&nbsp; Conta com especializa\u00e7\u00e3o em Ortopedia e Traumatologia (2001) e em Cirurgia do Quadril e do Joelho (2002 e 2003), pelo Hospital das Cl\u00ednicas da Faculdade de Medicina da Universidade de S\u00e3o Paulo (HC \u2013 FMUSP).<\/p>\n\n\n\n<p>O grande diferencial do m\u00e9dico s\u00e3o as bases tecnol\u00f3gicas aplicadas na pr\u00f3tese de joelho, o uso de guias customizadas feitas sob medida para cada paciente, por meio de impress\u00e3o 3D, aumenta a precis\u00e3o da cirurgia, otimizando os resultados. E na cirurgia de pr\u00f3tese de quadril, pioneiro na utiliza\u00e7\u00e3o da via anterior \u00e9 a \u00fanica que possibilita o m\u00e9todo verdadeiramente n\u00e3o invasivo (AMIS), preservando m\u00fasculos e tend\u00f5es.<\/p>\n\n\n\n<p>A realidade aumentada e a rob\u00f3tica para diminuir a agress\u00e3o da cirurgia e permitir uma recupera\u00e7\u00e3o mais r\u00e1pida tamb\u00e9m j\u00e1 s\u00e3o uma realidade. Um dos pioneiros no Brasil em t\u00e9cnicas avan\u00e7adas para realiza\u00e7\u00e3o de cirurgias de pr\u00f3tese de quadril e de joelho.<\/p>\n\n\n\n<p>Especializa\u00e7\u00f5es em centros de refer\u00eancia em cirurgia ortop\u00e9dica do mundo, entre eles: Presbyterian Hospital Plano (Texas, Estados Unidos, 2004), Hospital Jan Palfij (Gent, B\u00e9lgica, 2006), Clinic Dr. Decker (Munique, Alemanha, 2006), The Steadman Clinic (Vail, Estados Unidos, 2009), South West London Orthopaedic Center (Inglaterra, 2013), Le Centre M\u00e9dico Chirurgical Paris V (Paris, Fran\u00e7a, 2015).<\/p>\n\n\n\n<p>Para mais informa\u00e7\u00f5es: <a href=\"http:\/\/www.drmarcoaurelio.com.br\">www.drmarcoaurelio.com.br<\/a><\/p>\n\n\n\n<p>Instagram: @drmarcoaurelio.ortopedia<\/p>\n\n\n\n<p>Linkedin: marco-aurelio-silverio-neves<\/p>\n","protected":false},"excerpt":{"rendered":"<p>Pessoas com osteoartrite sentem mais dores no inverno uma vez que as oscila\u00e7\u00f5es clim\u00e1ticas s\u00e3o mais severas nessa esta\u00e7\u00e3o do ano Uma revis\u00e3o sistem\u00e1tica, que analisou 14 estudos publicados na Biblioteca Cochrane, Embase, PubMed e Web of Science, at\u00e9 2022, concluiu que fatores clim\u00e1ticos em geral foram significativamente associados \u00e0 dor da artrose. A pesquisa [&hellip;]<\/p>\n","protected":false},"author":1,"featured_media":3906,"comment_status":"open","ping_status":"open","sticky":false,"template":"","format":"standard","meta":{"footnotes":""},"categories":[164],"tags":[],"class_list":["post-4583","post","type-post","status-publish","format-standard","has-post-thumbnail","hentry","category-saude-2"],"_links":{"self":[{"href":"https:\/\/diarioparanaense.com\/index.php?rest_route=\/wp\/v2\/posts\/4583","targetHints":{"allow":["GET"]}}],"collection":[{"href":"https:\/\/diarioparanaense.com\/index.php?rest_route=\/wp\/v2\/posts"}],"about":[{"href":"https:\/\/diarioparanaense.com\/index.php?rest_route=\/wp\/v2\/types\/post"}],"author":[{"embeddable":true,"href":"https:\/\/diarioparanaense.com\/index.php?rest_route=\/wp\/v2\/users\/1"}],"replies":[{"embeddable":true,"href":"https:\/\/diarioparanaense.com\/index.php?rest_route=%2Fwp%2Fv2%2Fcomments&post=4583"}],"version-history":[{"count":1,"href":"https:\/\/diarioparanaense.com\/index.php?rest_route=\/wp\/v2\/posts\/4583\/revisions"}],"predecessor-version":[{"id":4585,"href":"https:\/\/diarioparanaense.com\/index.php?rest_route=\/wp\/v2\/posts\/4583\/revisions\/4585"}],"wp:featuredmedia":[{"embeddable":true,"href":"https:\/\/diarioparanaense.com\/index.php?rest_route=\/wp\/v2\/media\/3906"}],"wp:attachment":[{"href":"https:\/\/diarioparanaense.com\/index.php?rest_route=%2Fwp%2Fv2%2Fmedia&parent=4583"}],"wp:term":[{"taxonomy":"category","embeddable":true,"href":"https:\/\/diarioparanaense.com\/index.php?rest_route=%2Fwp%2Fv2%2Fcategories&post=4583"},{"taxonomy":"post_tag","embeddable":true,"href":"https:\/\/diarioparanaense.com\/index.php?rest_route=%2Fwp%2Fv2%2Ftags&post=4583"}],"curies":[{"name":"wp","href":"https:\/\/api.w.org\/{rel}","templated":true}]}}