{"id":4564,"date":"2025-07-03T14:18:54","date_gmt":"2025-07-03T17:18:54","guid":{"rendered":"https:\/\/diarioparanaense.com\/?p=4564"},"modified":"2025-07-03T14:18:54","modified_gmt":"2025-07-03T17:18:54","slug":"investimentos-no-magisterio-auxiliam-a-combater-deficit-de-professores-no-brasil","status":"publish","type":"post","link":"https:\/\/diarioparanaense.com\/?p=4564","title":{"rendered":"Investimentos no magist\u00e9rio auxiliam a combater d\u00e9ficit de professores no Brasil"},"content":{"rendered":"\n<p class=\"has-medium-font-size\">Projeto incentiva a forma\u00e7\u00e3o de novos docentes com bolsas e experi\u00eancias pr\u00e1ticas na sala de aula<\/p>\n\n\n\n<p>Estudo divulgado pela Unesco (Organiza\u00e7\u00e3o das Na\u00e7\u00f5es Unidas para a Educa\u00e7\u00e3o, a Ci\u00eancia e a Cultura), OIT (Organiza\u00e7\u00e3o Internacional do Trabalho) e Unicef (Fundo das Na\u00e7\u00f5es Unidas para a Inf\u00e2ncia) aponta que ser\u00e3o necess\u00e1rios quase 70 milh\u00f5es de novos professores at\u00e9 2030 para garantir o acesso universal \u00e0 educa\u00e7\u00e3o b\u00e1sica. Diante desse cen\u00e1rio, iniciativas que incentivam a forma\u00e7\u00e3o de docentes desde os primeiros anos de prepara\u00e7\u00e3o ganham destaque.<\/p>\n\n\n\n<p>Entre elas est\u00e1 o projeto \u201cApadrinhamento de Jovens para o Curso de Magist\u00e9rio\u201d, desenvolvido pelo Instituto Destino Brasil em parceria com o Col\u00e9gio Sagrado Cora\u00e7\u00e3o de Jesus. A proposta oferece bolsas de estudo a estudantes do Ensino M\u00e9dio interessadas em seguir carreira na educa\u00e7\u00e3o, viabilizadas com o apoio de empresas e institui\u00e7\u00f5es madrinhas, como a Escola Atua\u00e7\u00e3o, que al\u00e9m de contribuir com o apadrinhamento, tamb\u00e9m atua como local de pr\u00e1tica.<\/p>\n\n\n\n<p>Recentemente, estudantes vinculadas ao projeto tiveram a oportunidade de assumir a reg\u00eancia das turmas onde realizam est\u00e1gio. Essa experi\u00eancia representou uma etapa importante para a forma\u00e7\u00e3o b\u00e1sica das participantes, contribuindo para o desenvolvimento de habilidades que ser\u00e3o aplicadas em diferentes frentes da carreira docente. \u201cEssa viv\u00eancia \u00e9 essencial para que possam assumir a sala com seguran\u00e7a, maturidade e muita clareza sobre o papel do educador. \u00c9 um salto de desenvolvimento que s\u00f3 a pr\u00e1tica proporciona\u201d, explica a diretora da Escola Atua\u00e7\u00e3o, Carolina Pereira Frizon.<\/p>\n\n\n\n<p>Com foco na forma\u00e7\u00e3o de base, o projeto busca demonstrar a grandeza da carreira na \u00e1rea de educa\u00e7\u00e3o. Um professor pode iniciar a trajet\u00f3ria na educa\u00e7\u00e3o infantil aos 18 anos e, ao longo do tempo, se tornar palestrante, pesquisador, escritor ou professor universit\u00e1rio. De acordo o presidente do Instituto Destino Brasil, Ademar Batista Pereira, a valoriza\u00e7\u00e3o do preparo inicial \u00e9 essencial para o fortalecimento da educa\u00e7\u00e3o. \u201cPrecisamos incentivar as pessoas a se tornarem professores, a buscarem a prepara\u00e7\u00e3o necess\u00e1ria para serem excelentes profissionais e a perceberem o melhor modo de atuarem no desenvolvimento das novas gera\u00e7\u00f5es\u201d, afirma.<\/p>\n\n\n\n<p>As turmas do projeto re\u00fanem estudantes de diferentes realidades, unidas pelo interesse na carreira docente e pelo reconhecimento das diversas possibilidades que a profiss\u00e3o oferece. Para Ademar Batista Pereira, esse \u00e9 um dos principais m\u00e9ritos da iniciativa, pois \u201ca educa\u00e7\u00e3o abre portas para diferentes trajet\u00f3rias. O importante \u00e9 que o primeiro passo seja bem estruturado e apoiado\u201d,&nbsp;refor\u00e7a.<\/p>\n","protected":false},"excerpt":{"rendered":"<p>Projeto incentiva a forma\u00e7\u00e3o de novos docentes com bolsas e experi\u00eancias pr\u00e1ticas na sala de aula Estudo divulgado pela Unesco (Organiza\u00e7\u00e3o das Na\u00e7\u00f5es Unidas para a Educa\u00e7\u00e3o, a Ci\u00eancia e a Cultura), OIT (Organiza\u00e7\u00e3o Internacional do Trabalho) e Unicef (Fundo das Na\u00e7\u00f5es Unidas para a Inf\u00e2ncia) aponta que ser\u00e3o necess\u00e1rios quase 70 milh\u00f5es de novos [&hellip;]<\/p>\n","protected":false},"author":1,"featured_media":4568,"comment_status":"open","ping_status":"open","sticky":false,"template":"","format":"standard","meta":{"footnotes":""},"categories":[29,148],"tags":[],"class_list":["post-4564","post","type-post","status-publish","format-standard","has-post-thumbnail","hentry","category-artigos","category-educacao"],"_links":{"self":[{"href":"https:\/\/diarioparanaense.com\/index.php?rest_route=\/wp\/v2\/posts\/4564","targetHints":{"allow":["GET"]}}],"collection":[{"href":"https:\/\/diarioparanaense.com\/index.php?rest_route=\/wp\/v2\/posts"}],"about":[{"href":"https:\/\/diarioparanaense.com\/index.php?rest_route=\/wp\/v2\/types\/post"}],"author":[{"embeddable":true,"href":"https:\/\/diarioparanaense.com\/index.php?rest_route=\/wp\/v2\/users\/1"}],"replies":[{"embeddable":true,"href":"https:\/\/diarioparanaense.com\/index.php?rest_route=%2Fwp%2Fv2%2Fcomments&post=4564"}],"version-history":[{"count":1,"href":"https:\/\/diarioparanaense.com\/index.php?rest_route=\/wp\/v2\/posts\/4564\/revisions"}],"predecessor-version":[{"id":4569,"href":"https:\/\/diarioparanaense.com\/index.php?rest_route=\/wp\/v2\/posts\/4564\/revisions\/4569"}],"wp:featuredmedia":[{"embeddable":true,"href":"https:\/\/diarioparanaense.com\/index.php?rest_route=\/wp\/v2\/media\/4568"}],"wp:attachment":[{"href":"https:\/\/diarioparanaense.com\/index.php?rest_route=%2Fwp%2Fv2%2Fmedia&parent=4564"}],"wp:term":[{"taxonomy":"category","embeddable":true,"href":"https:\/\/diarioparanaense.com\/index.php?rest_route=%2Fwp%2Fv2%2Fcategories&post=4564"},{"taxonomy":"post_tag","embeddable":true,"href":"https:\/\/diarioparanaense.com\/index.php?rest_route=%2Fwp%2Fv2%2Ftags&post=4564"}],"curies":[{"name":"wp","href":"https:\/\/api.w.org\/{rel}","templated":true}]}}