{"id":4562,"date":"2025-07-03T14:33:28","date_gmt":"2025-07-03T17:33:28","guid":{"rendered":"https:\/\/diarioparanaense.com\/?p=4562"},"modified":"2025-07-03T14:33:29","modified_gmt":"2025-07-03T17:33:29","slug":"adrenalina-nas-estradas-gincana-do-caminhoneiro-da-a-largada-para-a-temporada-2025","status":"publish","type":"post","link":"https:\/\/diarioparanaense.com\/?p=4562","title":{"rendered":"ADRENALINA NAS ESTRADAS: GINCANA DO CAMINHONEIRO D\u00c1 A LARGADA PARA A TEMPORADA 2025"},"content":{"rendered":"\n<p><strong><em>Valendo um caminh\u00e3o zero km para o vencedor, primeira etapa classificat\u00f3ria acontece no Paran\u00e1, estado que mais revelou campe\u00f5es da GDC<\/em><\/strong><\/p>\n\n\n\n<p>A maior e mais tradicional a\u00e7\u00e3o itinerante das estradas brasileiras est\u00e1 de volta! <strong>De 4 a 6 de julho, a Gincana do Caminhoneiro<\/strong> d\u00e1 a largada para sua <strong>31\u00aa edi\u00e7\u00e3o<\/strong>, com a primeira etapa classificat\u00f3ria da temporada 2025 acontecendo no <strong>Posto SIM<\/strong>, na <strong>BR 277 km 123, em Campo Largo\/PR<\/strong><strong>, estimando a participa\u00e7\u00e3o de centenas de transportadores rodovi\u00e1rios de carga que rodam pelo trecho.<\/strong><\/p>\n\n\n\n<p>Promovida pela <strong>Revista Caminhoneiro<\/strong>, a GDC 2025 ganha a estrada com patroc\u00ednio da Mercedes-Benz e apoio das marcas <strong>Cons\u00f3rcio Mercedes-Benz, Banco Mercedes-Benz, Select Trucks, Molas Fabrini, Dunlop Pneus e Filtros Tecfil, que <\/strong>fazem parte do dia a dia do caminhoneiro e acreditam na for\u00e7a do setor. Afinal, mais do que uma disputa pelo t\u00e3o sonhado <strong>caminh\u00e3o 0 km<\/strong>, o evento se consagra como uma plataforma de <strong>valoriza\u00e7\u00e3o dos profissionais do volante e <\/strong>ponto de encontro entre motoristas de todo o Brasil e empresas que se dedicam a oferecer solu\u00e7\u00f5es completas para quem vive o dia a dia nas rodovias.<\/p>\n\n\n\n<p>&nbsp;Em sua 31\u00aa edi\u00e7\u00e3o, o tradicional desafio do <strong>slalom<\/strong> segue como grande atra\u00e7\u00e3o: os caminhoneiros colocam \u00e0 prova sua t\u00e9cnica e precis\u00e3o ao volante, manobrando entre cones na arena do evento, em busca do menor tempo e sem derrubar obst\u00e1culos.<\/p>\n\n\n\n<p>Todos os participantes competem em condi\u00e7\u00f5es iguais, utilizando o mesmo caminh\u00e3o \u2013 um Actros 2653 6&#215;4, com motor de 530 cavalos, da Mercedes-Benz &#8211; para realizar a prova.&nbsp; Ao cravar o tempo m\u00ednimo exigido pela organiza\u00e7\u00e3o, o motorista retorna \u00e0 pista para demonstrar sua destreza na baliza, devendo concluir o estacionamento do caminh\u00e3o sem derrubar nenhum cone, j\u00e1 que cada um deles representa um acr\u00e9scimo de 5 segundos ao seu tempo de prova.<\/p>\n\n\n\n<p>Enquanto mostram destreza em manobras na pista, os competidores t\u00eam seu desempenho acompanhado por cronometristas da Chronosat <em>(empresa especializada em apura\u00e7\u00e3o oficial de tempos em grandes competi\u00e7\u00f5es<\/em>) que, com o aux\u00edlio de fotoc\u00e9lulas, registrar\u00e3o, com total imparcialidade, at\u00e9 os mil\u00e9simos de segundo das voltas, muitas vezes decisivos para a classifica\u00e7\u00e3o.<\/p>\n\n\n\n<p><a><strong>Ao longo da temporada \u2013 de julho a novembro \u2013 ser\u00e3o realizadas por seis etapas<\/strong><\/a><strong>, onde em cada uma s\u00e3o classificados os tr\u00eas melhores tempos da disputa. Os 18 motoristas classificados ao longo do ano, participar\u00e3o da grande final, prevista para dezembro, na sede da f\u00e1brica da Mercedes Benz.<\/strong><\/p>\n\n\n\n<p>A participa\u00e7\u00e3o \u00e9 <strong>gratuita<\/strong> e voltada a motoristas com <strong>CNH categorias C, D ou E<\/strong>. E mais: n\u00e3o \u00e9 sorteio, nem cuponagem: &nbsp;<strong>quem vence, vence pela habilidade<\/strong>!<\/p>\n\n\n\n<p>Durante o evento, os participantes tamb\u00e9m ter\u00e3o acesso a uma s\u00e9rie de <strong>servi\u00e7os gratuitos de sa\u00fade e bem-estar<\/strong>, incluindo testes de glicemia, aferi\u00e7\u00e3o de press\u00e3o arterial e orienta\u00e7\u00f5es para manter a sa\u00fade em dia, al\u00e9m de atividades recreativas para descompress\u00e3o e integra\u00e7\u00e3o. Destaque ainda para uma barbearia montada especialmente para a GDC, onde os participantes poder\u00e3o aproveitar para dar um trato no visual.<\/p>\n\n\n\n<p>\u201cA Gincana do Caminhoneiro \u00e9 mais que uma competi\u00e7\u00e3o amadora: \u00e9 um projeto de relacionamento, reconhecimento e valoriza\u00e7\u00e3o dos her\u00f3is das estradas. E o <strong>Paran\u00e1, e<\/strong>stado com tradi\u00e7\u00e3o de campe\u00f5es, tem a honra de sediar a largada para mais uma jornada cheia de emo\u00e7\u00e3o, t\u00e9cnica e hist\u00f3rias para contar\u201d, revela Patryck Furtado, coordenador do evento.<\/p>\n\n\n\n<p><strong><u>Servi\u00e7o:<\/u><\/strong><\/p>\n\n\n\n<p>1\u00aa Etapa da GDC 2025<\/p>\n\n\n\n<p>Data: 4 a 6 de julho de 2025<\/p>\n\n\n\n<p>Local: <strong>Posto SIM<\/strong>, na<strong>BR 277 km 123, em Campo Largo\/PR<\/strong><\/p>\n\n\n\n<p>Hor\u00e1rio: Das 8h \u00e0s 18h<\/p>\n\n\n\n<p><em>*As inscri\u00e7\u00f5es s\u00e3o gratuitas e feitas no local, podendo ser encerradas antecipadamente de acordo com a fila de espera.<\/em><\/p>\n","protected":false},"excerpt":{"rendered":"<p>Valendo um caminh\u00e3o zero km para o vencedor, primeira etapa classificat\u00f3ria acontece no Paran\u00e1, estado que mais revelou campe\u00f5es da GDC A maior e mais tradicional a\u00e7\u00e3o itinerante das estradas brasileiras est\u00e1 de volta! De 4 a 6 de julho, a Gincana do Caminhoneiro d\u00e1 a largada para sua 31\u00aa edi\u00e7\u00e3o, com a primeira etapa [&hellip;]<\/p>\n","protected":false},"author":1,"featured_media":4572,"comment_status":"open","ping_status":"open","sticky":false,"template":"","format":"standard","meta":{"footnotes":""},"categories":[159,186],"tags":[],"class_list":["post-4562","post","type-post","status-publish","format-standard","has-post-thumbnail","hentry","category-esportes","category-eventos"],"_links":{"self":[{"href":"https:\/\/diarioparanaense.com\/index.php?rest_route=\/wp\/v2\/posts\/4562","targetHints":{"allow":["GET"]}}],"collection":[{"href":"https:\/\/diarioparanaense.com\/index.php?rest_route=\/wp\/v2\/posts"}],"about":[{"href":"https:\/\/diarioparanaense.com\/index.php?rest_route=\/wp\/v2\/types\/post"}],"author":[{"embeddable":true,"href":"https:\/\/diarioparanaense.com\/index.php?rest_route=\/wp\/v2\/users\/1"}],"replies":[{"embeddable":true,"href":"https:\/\/diarioparanaense.com\/index.php?rest_route=%2Fwp%2Fv2%2Fcomments&post=4562"}],"version-history":[{"count":1,"href":"https:\/\/diarioparanaense.com\/index.php?rest_route=\/wp\/v2\/posts\/4562\/revisions"}],"predecessor-version":[{"id":4573,"href":"https:\/\/diarioparanaense.com\/index.php?rest_route=\/wp\/v2\/posts\/4562\/revisions\/4573"}],"wp:featuredmedia":[{"embeddable":true,"href":"https:\/\/diarioparanaense.com\/index.php?rest_route=\/wp\/v2\/media\/4572"}],"wp:attachment":[{"href":"https:\/\/diarioparanaense.com\/index.php?rest_route=%2Fwp%2Fv2%2Fmedia&parent=4562"}],"wp:term":[{"taxonomy":"category","embeddable":true,"href":"https:\/\/diarioparanaense.com\/index.php?rest_route=%2Fwp%2Fv2%2Fcategories&post=4562"},{"taxonomy":"post_tag","embeddable":true,"href":"https:\/\/diarioparanaense.com\/index.php?rest_route=%2Fwp%2Fv2%2Ftags&post=4562"}],"curies":[{"name":"wp","href":"https:\/\/api.w.org\/{rel}","templated":true}]}}