{"id":4559,"date":"2025-07-01T14:01:45","date_gmt":"2025-07-01T17:01:45","guid":{"rendered":"https:\/\/diarioparanaense.com\/?p=4559"},"modified":"2025-07-01T14:01:45","modified_gmt":"2025-07-01T17:01:45","slug":"startup-do-pr-cria-desafio-de-7-semanas-e-mobiliza-professores-de-todo-estado-em-jornada-de-bem-estar-e-autocuidado","status":"publish","type":"post","link":"https:\/\/diarioparanaense.com\/?p=4559","title":{"rendered":"Startup do PR cria desafio de 7 semanas e mobiliza professores de todo Estado em jornada de bem-estar e autocuidado"},"content":{"rendered":"\n<p class=\"has-medium-font-size\">Desafio in\u00e9dito mobiliza professores no Estado em jornada de bem-estar e autocuidado a partir de 3 de julho<\/p>\n\n\n\n<p>Enquanto as salas de aula seguem cheias, as estat\u00edsticas sobre afastamentos de professores n\u00e3o param de crescer: mais de dois ter\u00e7os j\u00e1 precisaram se afastar por quest\u00f5es de sa\u00fade. Diante desse cen\u00e1rio, uma startup paranaense decidiu agir. A Fortalece, startup apoiada pela Secretaria de Inova\u00e7\u00e3o e Intelig\u00eancia Artificial do Paran\u00e1 (SEIA), lan\u00e7a no dia 3 de julho de 2025, \u00e0s 9h, um evento online para apresentar o Desafio Fortalece Educa\u00e7\u00e3o Paran\u00e1 \u2014 uma a\u00e7\u00e3o voltada aos professores de escolas que possuem termo de coopera\u00e7\u00e3o com os munic\u00edpios. A iniciativa marca tamb\u00e9m a estreia da vers\u00e3o gratuita da plataforma de bem-estar da Fortalece, desenvolvida especialmente para profissionais da educa\u00e7\u00e3o p\u00fablica.<\/p>\n\n\n\n<p>A proposta \u00e9 direta: cuidar de quem cuida! Dados da Nova Escola mostram que 66% dos professores j\u00e1 deixaram de lecionar por problemas de sa\u00fade, e 87% associam esses problemas ao pr\u00f3prio trabalho. O reflexo dessa realidade \u00e9 sentido em toda a sociedade, em um pa\u00eds que, em 2024, registrou seu maior \u00edndice de afastamentos por transtornos mentais da d\u00e9cada.<\/p>\n\n\n\n<p>\u201cN\u00e3o d\u00e1 mais para fingir que o adoecimento dos professores \u00e9 um efeito colateral inevit\u00e1vel. A sa\u00fade deles precisa estar no centro das pol\u00edticas p\u00fablicas\u201d, afirma Marcos Rinaldi, fundador da Fortalece.<\/p>\n\n\n\n<p>A solu\u00e7\u00e3o criada pela empresa tem um de seus pilares na gamifica\u00e7\u00e3o e disp\u00f5e de conte\u00fados di\u00e1rios, exerc\u00edcios f\u00edsicos, programas de reeduca\u00e7\u00e3o alimentar, desafios, programa de recompensas, palestras online e at\u00e9 uma rede social interna para promover o engajamento entre colegas de profiss\u00e3o. A ideia \u00e9 oferecer um suporte cont\u00ednuo ao bem-estar f\u00edsico, mental e social dos educadores, ajudando a mitigar os danos silenciosos da rotina extenuante em sala de aula.<\/p>\n\n\n\n<p>Testada e aprovada: a plataforma j\u00e1 foi validada com mais de 2 mil usu\u00e1rios e agora ser\u00e1 ampliada para outros munic\u00edpios paranaenses, dispondo tamb\u00e9m de um novo plano gratuito, que pode ser celebrado via termo de coopera\u00e7\u00e3o com secretarias de educa\u00e7\u00e3o no estado do Paran\u00e1, levando a solu\u00e7\u00e3o a beneficiar os professores, mesmo em munic\u00edpios que n\u00e3o disponham de recursos para contrata\u00e7\u00e3o.<\/p>\n\n\n\n<p>Uma das principais ferramentas disponibilizadas \u00e9 o Desafio Fortalece Educa\u00e7\u00e3o Paran\u00e1 que trata-se de um evento de 7 semanas em formato de competi\u00e7\u00e3o, que utiliza fundamentos da neuroci\u00eancia, tecnologia e gamifica\u00e7\u00e3o para auxiliar na ado\u00e7\u00e3o de h\u00e1bitos mais saud\u00e1veis. O lan\u00e7amento da edi\u00e7\u00e3o 2025 reunir\u00e1 secret\u00e1rios de educa\u00e7\u00e3o, coordenadores pedag\u00f3gicos, prefeitos e vice-prefeitos.<\/p>\n\n\n\n<p>\u201cA gente quer mostrar a solu\u00e7\u00e3o, mas tamb\u00e9m iniciar um relacionamento, captar novos interessados e celebrar os primeiros termos de coopera\u00e7\u00e3o da vers\u00e3o gratuita. Ser\u00e1 o in\u00edcio de uma mobiliza\u00e7\u00e3o coletiva em prol da sa\u00fade dos educadores\u201d, diz Rinaldi.<\/p>\n\n\n\n<p>Segundo o CEO da startup, o Desafio Fortalece Educa\u00e7\u00e3o trata-se de uma competi\u00e7\u00e3o saud\u00e1vel que transforma o autocuidado em uma jornada colaborativa, conectando professores de diferentes cidades na miss\u00e3o de adotar h\u00e1bitos mais saud\u00e1veis, com leveza e divers\u00e3o.<\/p>\n\n\n\n<p>Para participar do evento de lan\u00e7amento e garantir tamb\u00e9m a possibilidade de contrata\u00e7\u00e3o da vers\u00e3o gratuita, os dirigentes devem realizar sua inscri\u00e7\u00e3o pelo site da empresa.<\/p>\n\n\n\n<p>A Fortalece atua desde 2019 na promo\u00e7\u00e3o de qualidade de vida em organiza\u00e7\u00f5es, mas agora aposta em um salto: democratizar o acesso ao bem-estar no setor p\u00fablico, come\u00e7ando justamente pela linha de frente da educa\u00e7\u00e3o.<\/p>\n\n\n\n<p>\u201cA transforma\u00e7\u00e3o da educa\u00e7\u00e3o passa, necessariamente, pelo cuidado com quem est\u00e1 nela todos os dias\u201d, resume Rinaldi. \u201cEssa vers\u00e3o gratuita \u00e9 a nossa maneira de apoiar os munic\u00edpios nessa miss\u00e3o&#8221;.<\/p>\n\n\n\n<p>Para realizar a inscri\u00e7\u00e3o e ter mais informa\u00e7\u00f5es, acesse: <a href=\"http:\/\/www.playfortalece.com\/edu\">http:\/\/www.playfortalece.com\/edu<\/a><\/p>\n","protected":false},"excerpt":{"rendered":"<p>Desafio in\u00e9dito mobiliza professores no Estado em jornada de bem-estar e autocuidado a partir de 3 de julho Enquanto as salas de aula seguem cheias, as estat\u00edsticas sobre afastamentos de professores n\u00e3o param de crescer: mais de dois ter\u00e7os j\u00e1 precisaram se afastar por quest\u00f5es de sa\u00fade. Diante desse cen\u00e1rio, uma startup paranaense decidiu agir. [&hellip;]<\/p>\n","protected":false},"author":1,"featured_media":4560,"comment_status":"open","ping_status":"open","sticky":false,"template":"","format":"standard","meta":{"footnotes":""},"categories":[324],"tags":[],"class_list":["post-4559","post","type-post","status-publish","format-standard","has-post-thumbnail","hentry","category-negocios"],"_links":{"self":[{"href":"https:\/\/diarioparanaense.com\/index.php?rest_route=\/wp\/v2\/posts\/4559","targetHints":{"allow":["GET"]}}],"collection":[{"href":"https:\/\/diarioparanaense.com\/index.php?rest_route=\/wp\/v2\/posts"}],"about":[{"href":"https:\/\/diarioparanaense.com\/index.php?rest_route=\/wp\/v2\/types\/post"}],"author":[{"embeddable":true,"href":"https:\/\/diarioparanaense.com\/index.php?rest_route=\/wp\/v2\/users\/1"}],"replies":[{"embeddable":true,"href":"https:\/\/diarioparanaense.com\/index.php?rest_route=%2Fwp%2Fv2%2Fcomments&post=4559"}],"version-history":[{"count":1,"href":"https:\/\/diarioparanaense.com\/index.php?rest_route=\/wp\/v2\/posts\/4559\/revisions"}],"predecessor-version":[{"id":4561,"href":"https:\/\/diarioparanaense.com\/index.php?rest_route=\/wp\/v2\/posts\/4559\/revisions\/4561"}],"wp:featuredmedia":[{"embeddable":true,"href":"https:\/\/diarioparanaense.com\/index.php?rest_route=\/wp\/v2\/media\/4560"}],"wp:attachment":[{"href":"https:\/\/diarioparanaense.com\/index.php?rest_route=%2Fwp%2Fv2%2Fmedia&parent=4559"}],"wp:term":[{"taxonomy":"category","embeddable":true,"href":"https:\/\/diarioparanaense.com\/index.php?rest_route=%2Fwp%2Fv2%2Fcategories&post=4559"},{"taxonomy":"post_tag","embeddable":true,"href":"https:\/\/diarioparanaense.com\/index.php?rest_route=%2Fwp%2Fv2%2Ftags&post=4559"}],"curies":[{"name":"wp","href":"https:\/\/api.w.org\/{rel}","templated":true}]}}