{"id":4556,"date":"2025-07-01T13:59:27","date_gmt":"2025-07-01T16:59:27","guid":{"rendered":"https:\/\/diarioparanaense.com\/?p=4556"},"modified":"2025-07-01T13:59:27","modified_gmt":"2025-07-01T16:59:27","slug":"o-atleta-curitibano-leonardo-macedo-e-campeao-da-prova-de-10-km-na-copa-do-mundo-de-aguas-abertas","status":"publish","type":"post","link":"https:\/\/diarioparanaense.com\/?p=4556","title":{"rendered":"O atleta curitibano Leonardo Macedo \u00e9 campe\u00e3o da prova de 10 km na Copa do Mundo de \u00c1guas Abertas"},"content":{"rendered":"\n<p class=\"has-medium-font-size\">Nadador do Clube Curitibano, participou da 3\u00aa etapa da Copa do Mundo de \u00c1guas Abertas, realizada nos dias 14 e 15 de junho em Portugal<\/p>\n\n\n\n<p>Leonardo Macedo, atleta do Clube Curitibano, participou da Copa do Mundo de \u00c1guas Abertas, que ocorreu nos dias 14 e 15 de junho em Set\u00fabal, Portugal. Esta etapa \u00e9 a terceira das cinco previstas no circuito da World Aquatics para este ano.<\/p>\n\n\n\n<p>O nadador foi campe\u00e3o na prova de 10 km na categoria j\u00fanior, com o tempo de 1h54min19s. Na categoria geral, ele ficou em 25\u00ba lugar. Esta etapa de Set\u00fabal \u00e9 conhecida pelas \u00e1guas frias e condi\u00e7\u00f5es desafiadoras.<\/p>\n\n\n\n<p>O atleta tamb\u00e9m segue se destacando no ranking da temporada da Copa do Mundo J\u00fanior, que atualmente lidera. J\u00e1 na prova de knockout, Leonardo terminou na 10\u00aa posi\u00e7\u00e3o. A prova de knockout \u00e9 um tipo de competi\u00e7\u00e3o em que os nadadores s\u00e3o eliminados gradualmente ao longo de v\u00e1rias baterias, com dist\u00e2ncias decrescentes.<\/p>\n\n\n\n<p class=\"has-medium-font-size\">Clube Curitibano completa 143 anos<\/p>\n\n\n\n<p>O Clube Curitibano completou 143 anos e celebrou a trajet\u00f3ria que foi marcada por conquistas culturais, sociais e esportivas. Fundado em 6 de janeiro de 1882, o Clube consolidou-se como um dos maiores do Brasil, tendo suas cinco sedes espalhadas por Curitiba e Regi\u00e3o Metropolitana e espa\u00e7os para realizar mais de 40 modalidades esportivas.<\/p>\n\n\n\n<p>\u201cO Clube Curitibano refor\u00e7a o compromisso de continuar proporcionando excel\u00eancia em servi\u00e7os, estrutura e atividades para seus associados, mantendo vivo o legado constru\u00eddo desde o s\u00e9culo XIX e honrando o nome das v\u00e1rias personalidades que auxiliaram no desenvolvimento do Curitibano\u201d, afirma Paulo Roberto Oliveira, presidente do Clube Curitibano<\/p>\n\n\n\n<p><\/p>\n","protected":false},"excerpt":{"rendered":"<p>Nadador do Clube Curitibano, participou da 3\u00aa etapa da Copa do Mundo de \u00c1guas Abertas, realizada nos dias 14 e 15 de junho em Portugal Leonardo Macedo, atleta do Clube Curitibano, participou da Copa do Mundo de \u00c1guas Abertas, que ocorreu nos dias 14 e 15 de junho em Set\u00fabal, Portugal. Esta etapa \u00e9 a [&hellip;]<\/p>\n","protected":false},"author":1,"featured_media":4557,"comment_status":"open","ping_status":"open","sticky":false,"template":"","format":"standard","meta":{"footnotes":""},"categories":[159],"tags":[],"class_list":["post-4556","post","type-post","status-publish","format-standard","has-post-thumbnail","hentry","category-esportes"],"_links":{"self":[{"href":"https:\/\/diarioparanaense.com\/index.php?rest_route=\/wp\/v2\/posts\/4556","targetHints":{"allow":["GET"]}}],"collection":[{"href":"https:\/\/diarioparanaense.com\/index.php?rest_route=\/wp\/v2\/posts"}],"about":[{"href":"https:\/\/diarioparanaense.com\/index.php?rest_route=\/wp\/v2\/types\/post"}],"author":[{"embeddable":true,"href":"https:\/\/diarioparanaense.com\/index.php?rest_route=\/wp\/v2\/users\/1"}],"replies":[{"embeddable":true,"href":"https:\/\/diarioparanaense.com\/index.php?rest_route=%2Fwp%2Fv2%2Fcomments&post=4556"}],"version-history":[{"count":1,"href":"https:\/\/diarioparanaense.com\/index.php?rest_route=\/wp\/v2\/posts\/4556\/revisions"}],"predecessor-version":[{"id":4558,"href":"https:\/\/diarioparanaense.com\/index.php?rest_route=\/wp\/v2\/posts\/4556\/revisions\/4558"}],"wp:featuredmedia":[{"embeddable":true,"href":"https:\/\/diarioparanaense.com\/index.php?rest_route=\/wp\/v2\/media\/4557"}],"wp:attachment":[{"href":"https:\/\/diarioparanaense.com\/index.php?rest_route=%2Fwp%2Fv2%2Fmedia&parent=4556"}],"wp:term":[{"taxonomy":"category","embeddable":true,"href":"https:\/\/diarioparanaense.com\/index.php?rest_route=%2Fwp%2Fv2%2Fcategories&post=4556"},{"taxonomy":"post_tag","embeddable":true,"href":"https:\/\/diarioparanaense.com\/index.php?rest_route=%2Fwp%2Fv2%2Ftags&post=4556"}],"curies":[{"name":"wp","href":"https:\/\/api.w.org\/{rel}","templated":true}]}}