{"id":4539,"date":"2025-06-25T14:27:47","date_gmt":"2025-06-25T17:27:47","guid":{"rendered":"https:\/\/diarioparanaense.com\/?p=4539"},"modified":"2025-06-25T14:27:58","modified_gmt":"2025-06-25T17:27:58","slug":"cerca-de-6-milhoes-de-brasileiros-sofrem-com-a-escoliose-2","status":"publish","type":"post","link":"https:\/\/diarioparanaense.com\/?p=4539","title":{"rendered":"Cerca de 6 milh\u00f5es de brasileiros sofrem com a escoliose"},"content":{"rendered":"\n<p class=\"has-medium-font-size\">Na semana de conscientiza\u00e7\u00e3o da escoliose, o Dr Marco Aur\u00e9lio S. Neves alerta a import\u00e2ncia da PREVEN\u00c7\u00c3O para que a patologia n\u00e3o se torne algo grave<\/p>\n\n\n\n<p><em>Junho Verde \u00e9 m\u00eas de conscientiza\u00e7\u00e3o mundial da escoliose. De acordo com a Organiza\u00e7\u00e3o Mundial da Sa\u00fade (OMS), a escoliose acomete cerca de 2% da popula\u00e7\u00e3o mundial e tem diversas causas, afetando mais crian\u00e7as e idosos. Ainda segundo a OMS, no Brasil, existem mais de 6 milh\u00f5es de brasileiros que t\u00eam um encurvamento anormal da coluna vertical e, aproximadamente, 160 mil precisam de tratamento cir\u00fargico.<\/em><em><\/em><\/p>\n\n\n\n<p><em>Segundo o <\/em><a href=\"https:\/\/www.drmarcoaurelio.com.br\">Dr. Marco Aur\u00e9lio<\/a> S. Neves, ortopedista e traumatologista especializado em cirurgia de pr\u00f3tese de quadril via anterior (AMIS) e de joelho, a escoliose<em> \u00e9 uma doen\u00e7a que pode ser facilmente diagnosticada com exames cl\u00ednicos que identificam as curvaturas em \u2018S\u2019 ou em \u2018C\u2019. \u201cVale ressaltar que \u00e9 uma doen\u00e7a que sofre progress\u00e3o ao longo do tempo e pode agravar com o passar dos anos. Por isso, o quanto antes o problema for detectado e tratado, mais f\u00e1cil se torna reduzir o grau da escoliose\u201d.<\/em><em><\/em><\/p>\n\n\n\n<p>O especialista destaca que a escoliose quando n\u00e3o tratada adequadamente na adolesc\u00eancia pode gerar in\u00fameras complica\u00e7\u00f5es na vida adulta, chegando a ser muito dolorosa e, em alguns casos, at\u00e9 limitar as atividades normais. \u201cAs tarefas di\u00e1rias come\u00e7am a ficar cada vez mais dif\u00edceis de serem realizadas, se torna cansativo e doloroso ficar de p\u00e9 por muito tempo, ou ainda, permanecer sentado na cadeira do escrit\u00f3rio enquanto trabalha\u201d.<\/p>\n\n\n\n<p>Com a curvatura cada vez mais acentuada, as dores passam a ser mais frequentes e a altera\u00e7\u00e3o da postura da coluna fica mais evidente. As principais caracter\u00edsticas e sintomas da escoliose s\u00e3o um ombro mais alto que o outro, ombros ou quadris assim\u00e9tricos, p\u00e9lvis inclinada para um lado, roupas que n\u00e3o se encaixam corretamente, comprimento das pernas irregulares e dor na musculatura.<\/p>\n\n\n\n<p>J\u00e1 para as mulheres gestantes o problema acaba sendo pior j\u00e1 que durante a gesta\u00e7\u00e3o, com crescimento do \u00fatero e do beb\u00ea, o diafragma pode ser pressionado, dificultando a respira\u00e7\u00e3o e as dores nas costas s\u00e3o mais intensas.<\/p>\n\n\n\n<p>A indica\u00e7\u00e3o para o tratamento da escoliose s\u00e3o exerc\u00edcios espec\u00edficos com uma abordagem de autocorre\u00e7\u00e3o ativa tridimensional que leva em conta, primeiramente, a mobiliza\u00e7\u00e3o da curva prim\u00e1ria na dire\u00e7\u00e3o da corre\u00e7\u00e3o sem permitir o aumento dos desn\u00edveis seja de cintura p\u00e9lvica ou escapular.<\/p>\n\n\n\n<p>O objetivo \u00e9 que progressivamente haja corre\u00e7\u00e3o simult\u00e2nea das curvas existentes, obtendo-se uma estabiliza\u00e7\u00e3o ativa da posi\u00e7\u00e3o corrigida e incorporada como h\u00e1bito postural. \u201cCurvas pequenas, moderadas ou importantes podem ser tratadas, mas \u00e9 importante destacar que a efici\u00eancia da terapia depende muito da flexibilidade da curva e do comprometimento do paciente, no que diz respeito \u00e0 frequ\u00eancia solicitada e \u00e0 execu\u00e7\u00e3o correta dos exerc\u00edcios\u201d.<\/p>\n\n\n\n<p>Para o Dr. Marco Aur\u00e9lio a melhor op\u00e7\u00e3o \u00e9 a PREVEN\u00c7\u00c3O, diagnosticar o problema o quanto antes e prevenir a progress\u00e3o dos diferentes tipos de escoliose. \u201cMinha orienta\u00e7\u00e3o \u00e9 buscar ajuda m\u00e9dica nos primeiros sintomas e n\u00e3o deixar para depois. A preven\u00e7\u00e3o e a realiza\u00e7\u00e3o correta do tratamento indicado pelo ortopedista s\u00e3o fundamentais para garantir a qualidade de vida\u201d, finaliza.<\/p>\n\n\n\n<p>\u202f<\/p>\n\n\n\n<figure class=\"wp-block-image size-large\"><img loading=\"lazy\" decoding=\"async\" width=\"1024\" height=\"691\" src=\"https:\/\/diarioparanaense.com\/wp-content\/uploads\/2025\/06\/2506251-1024x691.jpg\" alt=\"\" class=\"wp-image-4540\" srcset=\"https:\/\/diarioparanaense.com\/wp-content\/uploads\/2025\/06\/2506251-1024x691.jpg 1024w, https:\/\/diarioparanaense.com\/wp-content\/uploads\/2025\/06\/2506251-300x202.jpg 300w, https:\/\/diarioparanaense.com\/wp-content\/uploads\/2025\/06\/2506251-768x518.jpg 768w, https:\/\/diarioparanaense.com\/wp-content\/uploads\/2025\/06\/2506251-696x469.jpg 696w, https:\/\/diarioparanaense.com\/wp-content\/uploads\/2025\/06\/2506251-1068x720.jpg 1068w, https:\/\/diarioparanaense.com\/wp-content\/uploads\/2025\/06\/2506251-623x420.jpg 623w, https:\/\/diarioparanaense.com\/wp-content\/uploads\/2025\/06\/2506251.jpg 1078w\" sizes=\"auto, (max-width: 1024px) 100vw, 1024px\" \/><\/figure>\n\n\n\n<p><strong>Sobre Dr. Marco Aur\u00e9lio S. Neves<\/strong><\/p>\n\n\n\n<p>Dr Marco Aur\u00e9lio S. Neves, ortopedista e traumatologista, especializado em pr\u00f3teses de quadril e joelho.<\/p>\n\n\n\n<p>Pioneiro no Brasil em t\u00e9cnicas avan\u00e7adas para realiza\u00e7\u00e3o de cirurgias de pr\u00f3tese de quadril e de joelho.&nbsp; Conta com especializa\u00e7\u00e3o em Ortopedia e Traumatologia (2001) e em Cirurgia do Quadril e do Joelho (2002 e 2003), pelo Hospital das Cl\u00ednicas da Faculdade de Medicina da Universidade de S\u00e3o Paulo (HC \u2013 FMUSP).<\/p>\n\n\n\n<p>O grande diferencial do m\u00e9dico s\u00e3o as bases tecnol\u00f3gicas aplicadas na pr\u00f3tese de joelho, o uso de guias customizadas feitas sob medida para cada paciente, por meio de impress\u00e3o 3D, aumenta a precis\u00e3o da cirurgia, otimizando os resultados. E na cirurgia de pr\u00f3tese de quadril, ele \u00e9 pioneiro na utiliza\u00e7\u00e3o da via anterior e \u00e9 a \u00fanica que possibilita o m\u00e9todo verdadeiramente n\u00e3o invasivo (AMIS), preservando m\u00fasculos e tend\u00f5es.<\/p>\n\n\n\n<p>A realidade aumentada e a rob\u00f3tica para diminuir a agress\u00e3o da cirurgia e permitir uma recupera\u00e7\u00e3o mais r\u00e1pida tamb\u00e9m j\u00e1 s\u00e3o uma realidade. Um dos pioneiros no Brasil em t\u00e9cnicas avan\u00e7adas para realiza\u00e7\u00e3o de cirurgias de pr\u00f3tese de quadril e de joelho.<\/p>\n\n\n\n<p>Especializa\u00e7\u00f5es em centros de refer\u00eancia em cirurgia ortop\u00e9dica do mundo, entre eles: Presbyterian Hospital Plano (Texas, Estados Unidos, 2004), Hospital Jan Palfij (Gent, B\u00e9lgica, 2006), Clinic Dr. Decker (Munique, Alemanha, 2006), The Steadman Clinic (Vail, Estados Unidos, 2009), South West London Orthopaedic Center (Inglaterra, 2013), Le Centre M\u00e9dico Chirurgical Paris V (Paris, Fran\u00e7a, 2015).<\/p>\n\n\n\n<p>Para mais informa\u00e7\u00f5es: <a href=\"http:\/\/www.drmarcoaurelio.com.br\">www.drmarcoaurelio.com.br<\/a><\/p>\n\n\n\n<p>Instagram: @drmarcoaurelio.ortopedia<\/p>\n\n\n\n<p>Linkedin: marco-aurelio-silverio-neves<\/p>\n","protected":false},"excerpt":{"rendered":"<p>Na semana de conscientiza\u00e7\u00e3o da escoliose, o Dr Marco Aur\u00e9lio S. Neves alerta a import\u00e2ncia da PREVEN\u00c7\u00c3O para que a patologia n\u00e3o se torne algo grave Junho Verde \u00e9 m\u00eas de conscientiza\u00e7\u00e3o mundial da escoliose. De acordo com a Organiza\u00e7\u00e3o Mundial da Sa\u00fade (OMS), a escoliose acomete cerca de 2% da popula\u00e7\u00e3o mundial e tem [&hellip;]<\/p>\n","protected":false},"author":1,"featured_media":2078,"comment_status":"open","ping_status":"open","sticky":false,"template":"","format":"standard","meta":{"footnotes":""},"categories":[164],"tags":[],"class_list":["post-4539","post","type-post","status-publish","format-standard","has-post-thumbnail","hentry","category-saude-2"],"_links":{"self":[{"href":"https:\/\/diarioparanaense.com\/index.php?rest_route=\/wp\/v2\/posts\/4539","targetHints":{"allow":["GET"]}}],"collection":[{"href":"https:\/\/diarioparanaense.com\/index.php?rest_route=\/wp\/v2\/posts"}],"about":[{"href":"https:\/\/diarioparanaense.com\/index.php?rest_route=\/wp\/v2\/types\/post"}],"author":[{"embeddable":true,"href":"https:\/\/diarioparanaense.com\/index.php?rest_route=\/wp\/v2\/users\/1"}],"replies":[{"embeddable":true,"href":"https:\/\/diarioparanaense.com\/index.php?rest_route=%2Fwp%2Fv2%2Fcomments&post=4539"}],"version-history":[{"count":2,"href":"https:\/\/diarioparanaense.com\/index.php?rest_route=\/wp\/v2\/posts\/4539\/revisions"}],"predecessor-version":[{"id":4542,"href":"https:\/\/diarioparanaense.com\/index.php?rest_route=\/wp\/v2\/posts\/4539\/revisions\/4542"}],"wp:featuredmedia":[{"embeddable":true,"href":"https:\/\/diarioparanaense.com\/index.php?rest_route=\/wp\/v2\/media\/2078"}],"wp:attachment":[{"href":"https:\/\/diarioparanaense.com\/index.php?rest_route=%2Fwp%2Fv2%2Fmedia&parent=4539"}],"wp:term":[{"taxonomy":"category","embeddable":true,"href":"https:\/\/diarioparanaense.com\/index.php?rest_route=%2Fwp%2Fv2%2Fcategories&post=4539"},{"taxonomy":"post_tag","embeddable":true,"href":"https:\/\/diarioparanaense.com\/index.php?rest_route=%2Fwp%2Fv2%2Ftags&post=4539"}],"curies":[{"name":"wp","href":"https:\/\/api.w.org\/{rel}","templated":true}]}}