{"id":4535,"date":"2025-06-24T16:54:46","date_gmt":"2025-06-24T19:54:46","guid":{"rendered":"https:\/\/diarioparanaense.com\/?p=4535"},"modified":"2025-06-24T16:54:47","modified_gmt":"2025-06-24T19:54:47","slug":"reabilitacao-pos-avc-como-a-reabilitacao-ajuda-pacientes-a-reconquistar-autonomia","status":"publish","type":"post","link":"https:\/\/diarioparanaense.com\/?p=4535","title":{"rendered":"Reabilita\u00e7\u00e3o p\u00f3s-AVC: como a reabilita\u00e7\u00e3o ajuda pacientes a reconquistar autonomia"},"content":{"rendered":"\n<p>Com apoio da neuroci\u00eancia e da escuta humanizada, pacientes redescobrem sua autonomia funcional<\/p>\n\n\n\n<p>A reabilita\u00e7\u00e3o de pacientes ap\u00f3s um Acidente Vascular Cerebral (AVC) exige mais do que protocolos cl\u00ednicos \u2014 requer tempo, precis\u00e3o e sensibilidade. \u00c9 o que aponta o Dr. Luca Adan, fisiatra da YUNA, institui\u00e7\u00e3o especializada em reabilita\u00e7\u00e3o e transi\u00e7\u00e3o de cuidados, que recebe pacientes em est\u00e1gios subagudos e subcr\u00f4nicos do AVC, muitas vezes ainda dependentes de sondas, traqueostomias ou com feridas associadas \u00e0 imobiliza\u00e7\u00e3o hospitalar prolongada.<\/p>\n\n\n\n<p>Um dos pilares do processo de reabilita\u00e7\u00e3o na YUNA \u00e9 a mobiliza\u00e7\u00e3o precoce. Estudos cl\u00ednicos refor\u00e7am a import\u00e2ncia dessa abordagem, como uma metan\u00e1lise publicada no Journal of Stroke and Cerebrovascular Diseases (2021), que apontou que a mobiliza\u00e7\u00e3o precoce est\u00e1 associada \u00e0 redu\u00e7\u00e3o de complica\u00e7\u00f5es como trombose venosa profunda, pneumonia e perda de massa muscular, al\u00e9m de contribuir para melhores desfechos funcionais no longo prazo.<\/p>\n\n\n\n<p>\u201cGrande parte dos pacientes p\u00f3s-AVC chega com perda significativa da autonomia. A primeira meta \u00e9 tirar o corpo da imobilidade. Isso come\u00e7a com atividades como tomar banho no chuveiro, manter-se sentado com estabilidade (sedesta\u00e7\u00e3o), treinos em p\u00e9 com apoio (ortostatismo), entre outras\u201d, explica o Dr. Luca. \u201cCada gesto de sair da cama \u00e9 um gesto de vida.\u201d<\/p>\n\n\n\n<p class=\"has-medium-font-size\">Neuroplasticidade: ci\u00eancia por tr\u00e1s da recupera\u00e7\u00e3o funcional<\/p>\n\n\n\n<p>O c\u00e9rebro lesionado pelo AVC tem a capacidade de se reorganizar, gra\u00e7as a um conceito conhecido como neuroplasticidade. Segundo a American Heart Association (AHA), a reabilita\u00e7\u00e3o intensiva nas primeiras semanas ap\u00f3s o evento vascular \u00e9 crucial para estimular essas novas conex\u00f5es neuronais.<\/p>\n\n\n\n<p>\u201cA neuroplasticidade refere-se \u00e0 capacidade do c\u00e9rebro de se modificar e reorganizar em resposta a experi\u00eancias, aprendizagem e les\u00f5es. Aproveitamos essa janela para aplicar est\u00edmulos neuromusculares espec\u00edficos, como fortalecimento, controle postural, transfer\u00eancias e, quando necess\u00e1rio, recursos complementares como a eletroestimula\u00e7\u00e3o funcional ou o cicloerg\u00f4metro\u201d, explica o fisiatra. Esses est\u00edmulos aceleram a reconex\u00e3o entre mente e corpo, respeitando sempre o tempo individual de cada paciente.<\/p>\n\n\n\n<p>Mais do que devolver o movimento, a reabilita\u00e7\u00e3o busca resgatar a dignidade do paciente. Isso passa por treinos voltados \u00e0s atividades da vida di\u00e1ria (AVD), como escovar os dentes, vestir-se ou alimentar-se com independ\u00eancia.<\/p>\n\n\n\n<p>\u201cS\u00e3o gestos simples, mas que representam um reencontro com a pr\u00f3pria identidade\u201d, afirma o Dr. Luca. \u201cQuando o paciente consegue realizar uma tarefa sozinho, ele se reconhece novamente no espelho da autonomia\u201d, completa.<\/p>\n\n\n\n<p class=\"has-medium-font-size\">Uma equipe multidisciplinar para cuidar al\u00e9m do corpo<\/p>\n\n\n\n<p>Na YUNA, a reabilita\u00e7\u00e3o \u00e9 conduzida por uma equipe multidisciplinar composta por fisioterapeutas, terapeutas ocupacionais, m\u00e9dicos fisiatras, fonoaudi\u00f3logos, psic\u00f3logos, nutricionistas e enfermeiros. A atua\u00e7\u00e3o conjunta \u00e9 respaldada por evid\u00eancias: uma pesquisa publicada no Archives of Physical Medicine and Rehabilitation (2020) demonstrou que abordagens integradas reduzem o tempo de interna\u00e7\u00e3o e melhoram os \u00edndices de recupera\u00e7\u00e3o funcional em pacientes com AVC.<\/p>\n\n\n\n<p>As reuni\u00f5es cl\u00ednicas semanais permitem o acompanhamento cont\u00ednuo e a adapta\u00e7\u00e3o dos planos terap\u00eauticos conforme a resposta de cada paciente. \u201cMais do que seguir um protocolo r\u00edgido, buscamos ajustar o cuidado com precis\u00e3o e empatia\u201d, diz o fisiatra.<\/p>\n\n\n\n<p class=\"has-medium-font-size\">Quando \u00e9 hora de voltar para casa?<\/p>\n\n\n\n<p>A alta hospitalar \u00e9 cuidadosamente planejada. O tempo de interna\u00e7\u00e3o varia de acordo com o grau de comprometimento neurol\u00f3gico, complica\u00e7\u00f5es associadas e progress\u00e3o cl\u00ednica.<\/p>\n\n\n\n<p>Na YUNA, essa transi\u00e7\u00e3o envolve a avalia\u00e7\u00e3o conjunta da equipe, adapta\u00e7\u00e3o do domic\u00edlio, orienta\u00e7\u00f5es aos familiares e, quando necess\u00e1rio, a continuidade do tratamento em regime ambulatorial ou home care.<\/p>\n\n\n\n<p class=\"has-medium-font-size\">A fam\u00edlia como aliada na continuidade do cuidado<\/p>\n\n\n\n<p>A reabilita\u00e7\u00e3o p\u00f3s-AVC n\u00e3o termina na cl\u00ednica. \u201cPara que a recupera\u00e7\u00e3o seja sustent\u00e1vel, \u00e9 essencial que a fam\u00edlia esteja engajada desde o in\u00edcio\u201d, refor\u00e7a o Dr. Luca. A equipe da YUNA realiza encontros regulares com os cuidadores para alinhar expectativas, fornecer instru\u00e7\u00f5es t\u00e9cnicas e promover o suporte emocional necess\u00e1rio.<\/p>\n\n\n\n<p>Segundo o Instituto Nacional de Doen\u00e7as Neurol\u00f3gicas e AVC dos Estados Unidos (NINDS), o suporte familiar estruturado pode dobrar as chances de reintegra\u00e7\u00e3o funcional de um paciente ap\u00f3s um AVC.<br>\u201cCada paciente tem um tempo e uma hist\u00f3ria. Na reabilita\u00e7\u00e3o, acolher esses fatores \u00e9 t\u00e3o importante quanto prescrever exerc\u00edcios. O cuidado come\u00e7a no corpo, mas se realiza plenamente no v\u00ednculo e na escuta\u201d, conclui o especialista.<br>Sobre a YUNA<\/p>\n\n\n\n<p>A YUNA, especializada em transi\u00e7\u00e3o de cuidados, oferece suporte completo para pacientes de reabilita\u00e7\u00e3o, cuidados paliativos e continuados, atendimento individualizado e assist\u00eancia multidisciplinar. Mais informa\u00e7\u00f5es no telefone (11) 3087-3800 ou no site https:\/\/yuna.com.br\/.<\/p>\n","protected":false},"excerpt":{"rendered":"<p>Com apoio da neuroci\u00eancia e da escuta humanizada, pacientes redescobrem sua autonomia funcional A reabilita\u00e7\u00e3o de pacientes ap\u00f3s um Acidente Vascular Cerebral (AVC) exige mais do que protocolos cl\u00ednicos \u2014 requer tempo, precis\u00e3o e sensibilidade. \u00c9 o que aponta o Dr. Luca Adan, fisiatra da YUNA, institui\u00e7\u00e3o especializada em reabilita\u00e7\u00e3o e transi\u00e7\u00e3o de cuidados, que [&hellip;]<\/p>\n","protected":false},"author":1,"featured_media":4536,"comment_status":"open","ping_status":"open","sticky":false,"template":"","format":"standard","meta":{"footnotes":""},"categories":[164],"tags":[],"class_list":["post-4535","post","type-post","status-publish","format-standard","has-post-thumbnail","hentry","category-saude-2"],"_links":{"self":[{"href":"https:\/\/diarioparanaense.com\/index.php?rest_route=\/wp\/v2\/posts\/4535","targetHints":{"allow":["GET"]}}],"collection":[{"href":"https:\/\/diarioparanaense.com\/index.php?rest_route=\/wp\/v2\/posts"}],"about":[{"href":"https:\/\/diarioparanaense.com\/index.php?rest_route=\/wp\/v2\/types\/post"}],"author":[{"embeddable":true,"href":"https:\/\/diarioparanaense.com\/index.php?rest_route=\/wp\/v2\/users\/1"}],"replies":[{"embeddable":true,"href":"https:\/\/diarioparanaense.com\/index.php?rest_route=%2Fwp%2Fv2%2Fcomments&post=4535"}],"version-history":[{"count":1,"href":"https:\/\/diarioparanaense.com\/index.php?rest_route=\/wp\/v2\/posts\/4535\/revisions"}],"predecessor-version":[{"id":4537,"href":"https:\/\/diarioparanaense.com\/index.php?rest_route=\/wp\/v2\/posts\/4535\/revisions\/4537"}],"wp:featuredmedia":[{"embeddable":true,"href":"https:\/\/diarioparanaense.com\/index.php?rest_route=\/wp\/v2\/media\/4536"}],"wp:attachment":[{"href":"https:\/\/diarioparanaense.com\/index.php?rest_route=%2Fwp%2Fv2%2Fmedia&parent=4535"}],"wp:term":[{"taxonomy":"category","embeddable":true,"href":"https:\/\/diarioparanaense.com\/index.php?rest_route=%2Fwp%2Fv2%2Fcategories&post=4535"},{"taxonomy":"post_tag","embeddable":true,"href":"https:\/\/diarioparanaense.com\/index.php?rest_route=%2Fwp%2Fv2%2Ftags&post=4535"}],"curies":[{"name":"wp","href":"https:\/\/api.w.org\/{rel}","templated":true}]}}