{"id":4529,"date":"2025-06-23T16:35:36","date_gmt":"2025-06-23T19:35:36","guid":{"rendered":"https:\/\/diarioparanaense.com\/?p=4529"},"modified":"2025-06-23T16:35:36","modified_gmt":"2025-06-23T19:35:36","slug":"nova-piscina-semiolimpica-do-clube-curitibano-reforca-os-investimentos-do-estado-no-incentivo-a-natacao","status":"publish","type":"post","link":"https:\/\/diarioparanaense.com\/?p=4529","title":{"rendered":"Nova piscina semiol\u00edmpica do Clube Curitibano refor\u00e7a os investimentos do Estado no incentivo \u00e0 nata\u00e7\u00e3o"},"content":{"rendered":"\n<p class=\"has-medium-font-size\">Estrutura com padr\u00f5es internacionais vai atender atletas de alto rendimento e sediar competi\u00e7\u00f5es<\/p>\n\n\n\n<p>Curitiba ter\u00e1 um novo espa\u00e7o para o desenvolvimento da nata\u00e7\u00e3o paranaense. O Clube Curitibano iniciar\u00e1 a implanta\u00e7\u00e3o de uma piscina semiol\u00edmpica em seu parque aqu\u00e1tico da Sede Bar\u00e3o do Serro Azul, no bairro \u00c1gua Verde. Com 25 metros de comprimento, 23 de largura e 2,2 metros de profundidade, o equipamento seguir\u00e1 padr\u00f5es internacionais para atender atletas de alto rendimento, al\u00e9m das atividades regulares do Clube.<\/p>\n\n\n\n<p>Para o presidente do Clube Curitibano, Paulo Roberto de Oliveira, trata-se de um grande investimento e mais um incentivo para que o Paran\u00e1 continue a revelar e preparar atletas para competi\u00e7\u00f5es de alto n\u00edvel. A ideia, explica, \u00e9 fortalecer a presen\u00e7a da nata\u00e7\u00e3o paranaense nos cen\u00e1rios nacional e internacional.<\/p>\n\n\n\n<p>\u201cSempre tivemos esse compromisso. E a constru\u00e7\u00e3o da nova piscina semiol\u00edmpica refor\u00e7a esse prop\u00f3sito: continuar contribuindo para que atletas paranaenses tenham as melhores condi\u00e7\u00f5es para treinar e alcan\u00e7ar o mais alto n\u00edvel, incluindo o sonho ol\u00edmpico\u201d, destaca.<\/p>\n\n\n\n<p class=\"has-medium-font-size\">Infraestrutura de alto padr\u00e3o<\/p>\n\n\n\n<p>A nova piscina segue as especifica\u00e7\u00f5es mais rigorosas da World Aquatics (antiga FINA, federa\u00e7\u00e3o internacional que regulamenta os esportes aqu\u00e1ticos no mundo todo e \u00e9 reconhecida pelo Comit\u00ea Ol\u00edmpico Internacional). A estrutura em a\u00e7o inox vai favorecer treinamentos de alto rendimento, competi\u00e7\u00f5es oficiais e atividades de forma\u00e7\u00e3o de novos talentos.<\/p>\n\n\n\n<p>A obra faz parte do plano diretor da Sede, que prev\u00ea melhorias estruturais de longo prazo. Elas incluem a constru\u00e7\u00e3o de um edif\u00edcio de cinco andares para abrigar modalidades esportivas, academia e setores administrativos. Para dias de competi\u00e7\u00e3o, haver\u00e1 uma arquibancada para o p\u00fablico e vesti\u00e1rios sob a arquibancada, integrando-se \u00e0 atual piscina social.<\/p>\n\n\n\n<p>O pr\u00e9dio ainda contar\u00e1 com um mezanino panor\u00e2mico, pensado para treinadores, visitantes e futuras \u00e1reas de apoio t\u00e9cnico e conviv\u00eancia. \u201cEssa estrutura moderna vai atender atletas federados, aulas esportivas e eventos oficiais. \u00c9 um passo importante para consolidar o Curitibano como refer\u00eancia no esporte aqu\u00e1tico e apoiar o ciclo ol\u00edmpico que se desenha at\u00e9 2028\u201d, completa.<\/p>\n\n\n\n<p class=\"has-medium-font-size\">Estrelas paranaenses na nata\u00e7\u00e3o<\/p>\n\n\n\n<p>Durante a \u00faltima edi\u00e7\u00e3o dos Jogos Ol\u00edmpicos, em Paris 2024, o Paran\u00e1 teve representantes na nata\u00e7\u00e3o como Vitor Guaraldo, que competiu nos 100m costas. Nas seletivas, estiveram Alessandra Marchioro, Fernanda de Goeij, Gustavo Saldo e Rafaela Raurich, todos eles participantes dos Jogos Escolares e do programa Gera\u00e7\u00e3o Ol\u00edmpica.<\/p>\n\n\n\n<p>J\u00e1 nos Jogos Paral\u00edmpicos de Paris, o Paran\u00e1 enviou sua maior delega\u00e7\u00e3o da hist\u00f3ria, com 28 atletas e t\u00e9cnicos, sendo que 20 deles s\u00e3o bolsistas do programa Gera\u00e7\u00e3o Ol\u00edmpica e Paral\u00edmpica (GOP). Foram diversos nadadores de destaque, como as g\u00eameas D\u00e9bora e Beatriz Carneiro, Bruno Becker, Vit\u00f3ria Caroline da Silva, Andr\u00e9 Yamaki Pereira e Alan Kleber Bas\u00edlio, que fazem parte dos programas de incentivo ao esporte do Governo do Paran\u00e1, como o Gera\u00e7\u00e3o Ol\u00edmpica e Paral\u00edmpica (GOP) e o Proesporte.<\/p>\n\n\n\n<p>O pr\u00f3prio Clube Curitibano \u00e9 destaque no esporte com atletas que treinam em sua estrutura desde os anos iniciais. \u201cSempre valorizamos a forma\u00e7\u00e3o esportiva e temos muito orgulho de revelar atletas que se destacam em diversas competi\u00e7\u00f5es, dentro e fora do Brasil. Com esse investimento, damos mais um passo importante, oferecendo uma estrutura de excel\u00eancia para que nossos nadadores, desde as categorias de base at\u00e9 o alto rendimento, possam desenvolver todo o seu potencial\u201d, finaliza Oliveira.<\/p>\n\n\n\n<p>Imagem:&nbsp;Divulga\u00e7\u00e3o<\/p>\n","protected":false},"excerpt":{"rendered":"<p>Estrutura com padr\u00f5es internacionais vai atender atletas de alto rendimento e sediar competi\u00e7\u00f5es Curitiba ter\u00e1 um novo espa\u00e7o para o desenvolvimento da nata\u00e7\u00e3o paranaense. O Clube Curitibano iniciar\u00e1 a implanta\u00e7\u00e3o de uma piscina semiol\u00edmpica em seu parque aqu\u00e1tico da Sede Bar\u00e3o do Serro Azul, no bairro \u00c1gua Verde. Com 25 metros de comprimento, 23 de [&hellip;]<\/p>\n","protected":false},"author":1,"featured_media":4530,"comment_status":"open","ping_status":"open","sticky":false,"template":"","format":"standard","meta":{"footnotes":""},"categories":[424],"tags":[],"class_list":["post-4529","post","type-post","status-publish","format-standard","has-post-thumbnail","hentry","category-curitiba"],"_links":{"self":[{"href":"https:\/\/diarioparanaense.com\/index.php?rest_route=\/wp\/v2\/posts\/4529","targetHints":{"allow":["GET"]}}],"collection":[{"href":"https:\/\/diarioparanaense.com\/index.php?rest_route=\/wp\/v2\/posts"}],"about":[{"href":"https:\/\/diarioparanaense.com\/index.php?rest_route=\/wp\/v2\/types\/post"}],"author":[{"embeddable":true,"href":"https:\/\/diarioparanaense.com\/index.php?rest_route=\/wp\/v2\/users\/1"}],"replies":[{"embeddable":true,"href":"https:\/\/diarioparanaense.com\/index.php?rest_route=%2Fwp%2Fv2%2Fcomments&post=4529"}],"version-history":[{"count":1,"href":"https:\/\/diarioparanaense.com\/index.php?rest_route=\/wp\/v2\/posts\/4529\/revisions"}],"predecessor-version":[{"id":4531,"href":"https:\/\/diarioparanaense.com\/index.php?rest_route=\/wp\/v2\/posts\/4529\/revisions\/4531"}],"wp:featuredmedia":[{"embeddable":true,"href":"https:\/\/diarioparanaense.com\/index.php?rest_route=\/wp\/v2\/media\/4530"}],"wp:attachment":[{"href":"https:\/\/diarioparanaense.com\/index.php?rest_route=%2Fwp%2Fv2%2Fmedia&parent=4529"}],"wp:term":[{"taxonomy":"category","embeddable":true,"href":"https:\/\/diarioparanaense.com\/index.php?rest_route=%2Fwp%2Fv2%2Fcategories&post=4529"},{"taxonomy":"post_tag","embeddable":true,"href":"https:\/\/diarioparanaense.com\/index.php?rest_route=%2Fwp%2Fv2%2Ftags&post=4529"}],"curies":[{"name":"wp","href":"https:\/\/api.w.org\/{rel}","templated":true}]}}