{"id":4522,"date":"2025-06-23T11:26:12","date_gmt":"2025-06-23T14:26:12","guid":{"rendered":"https:\/\/diarioparanaense.com\/?p=4522"},"modified":"2025-06-23T11:26:13","modified_gmt":"2025-06-23T14:26:13","slug":"estudantes-de-curitiba-fazem-sabao-com-oleo-usado-para-combater-a-poluicao-da-agua","status":"publish","type":"post","link":"https:\/\/diarioparanaense.com\/?p=4522","title":{"rendered":"Estudantes de Curitiba fazem sab\u00e3o com \u00f3leo usado para combater a polui\u00e7\u00e3o da \u00e1gua"},"content":{"rendered":"\n<p class=\"has-medium-font-size\">Turmas do 4\u00ba ano da Escola Atua\u00e7\u00e3o participaram de uma oficina pr\u00e1tica que promoveu consci\u00eancia ambiental, reciclagem e economia<\/p>\n\n\n\n<p>Cada fam\u00edlia paranaense consome, em m\u00e9dia, quatro litros de \u00f3leo de cozinha por m\u00eas e, em Curitiba, o consumo mensal ultrapassa sete milh\u00f5es de litros, segundo dados da Secretaria do Meio Ambiente e Recursos H\u00eddricos do Paran\u00e1. De acordo com a mesma fonte, o descarte incorreto desse res\u00edduo ainda \u00e9 comum e apenas um litro de \u00f3leo pode contaminar at\u00e9 25 mil litros de \u00e1gua.<\/p>\n\n\n\n<p>Diante desse cen\u00e1rio, estudantes do 4\u00ba ano, da Escola Atua\u00e7\u00e3o, participaram de uma oficina que mostrou, na pr\u00e1tica, como transformar \u00f3leo usado em sab\u00e3o e ajudar a proteger o meio ambiente. A iniciativa integra um projeto pedag\u00f3gico que une sustentabilidade, empreendedorismo e educa\u00e7\u00e3o ambiental, proporcionando uma experi\u00eancia concreta sobre reaproveitamento e preserva\u00e7\u00e3o dos recursos naturais.<\/p>\n\n\n\n<p>\u201cA oficina \u00e9 uma forma de mostrar \u00e0s crian\u00e7as como pequenas atitudes, como o reaproveitamento do \u00f3leo, podem gerar grandes benef\u00edcios para o planeta e para a comunidade\u201d, destaca Carolina Pereira Frizon, diretora da Escola Atua\u00e7\u00e3o.<\/p>\n\n\n\n<p>Al\u00e9m de contribuir para a preserva\u00e7\u00e3o da \u00e1gua, a atividade incentiva a redu\u00e7\u00e3o de custos dom\u00e9sticos e o desenvolvimento do empreendedorismo familiar, estimulando os estudantes a levarem o conhecimento para suas casas. \u201cAcreditamos que a educa\u00e7\u00e3o ambiental n\u00e3o deve ficar restrita \u00e0 teoria. Quando os estudantes colocam a m\u00e3o na massa, o aprendizado se torna real\u201d, afirma&nbsp;a&nbsp;diretora.<\/p>\n","protected":false},"excerpt":{"rendered":"<p>Turmas do 4\u00ba ano da Escola Atua\u00e7\u00e3o participaram de uma oficina pr\u00e1tica que promoveu consci\u00eancia ambiental, reciclagem e economia Cada fam\u00edlia paranaense consome, em m\u00e9dia, quatro litros de \u00f3leo de cozinha por m\u00eas e, em Curitiba, o consumo mensal ultrapassa sete milh\u00f5es de litros, segundo dados da Secretaria do Meio Ambiente e Recursos H\u00eddricos do [&hellip;]<\/p>\n","protected":false},"author":1,"featured_media":4523,"comment_status":"open","ping_status":"open","sticky":false,"template":"","format":"standard","meta":{"footnotes":""},"categories":[148],"tags":[],"class_list":["post-4522","post","type-post","status-publish","format-standard","has-post-thumbnail","hentry","category-educacao"],"_links":{"self":[{"href":"https:\/\/diarioparanaense.com\/index.php?rest_route=\/wp\/v2\/posts\/4522","targetHints":{"allow":["GET"]}}],"collection":[{"href":"https:\/\/diarioparanaense.com\/index.php?rest_route=\/wp\/v2\/posts"}],"about":[{"href":"https:\/\/diarioparanaense.com\/index.php?rest_route=\/wp\/v2\/types\/post"}],"author":[{"embeddable":true,"href":"https:\/\/diarioparanaense.com\/index.php?rest_route=\/wp\/v2\/users\/1"}],"replies":[{"embeddable":true,"href":"https:\/\/diarioparanaense.com\/index.php?rest_route=%2Fwp%2Fv2%2Fcomments&post=4522"}],"version-history":[{"count":1,"href":"https:\/\/diarioparanaense.com\/index.php?rest_route=\/wp\/v2\/posts\/4522\/revisions"}],"predecessor-version":[{"id":4524,"href":"https:\/\/diarioparanaense.com\/index.php?rest_route=\/wp\/v2\/posts\/4522\/revisions\/4524"}],"wp:featuredmedia":[{"embeddable":true,"href":"https:\/\/diarioparanaense.com\/index.php?rest_route=\/wp\/v2\/media\/4523"}],"wp:attachment":[{"href":"https:\/\/diarioparanaense.com\/index.php?rest_route=%2Fwp%2Fv2%2Fmedia&parent=4522"}],"wp:term":[{"taxonomy":"category","embeddable":true,"href":"https:\/\/diarioparanaense.com\/index.php?rest_route=%2Fwp%2Fv2%2Fcategories&post=4522"},{"taxonomy":"post_tag","embeddable":true,"href":"https:\/\/diarioparanaense.com\/index.php?rest_route=%2Fwp%2Fv2%2Ftags&post=4522"}],"curies":[{"name":"wp","href":"https:\/\/api.w.org\/{rel}","templated":true}]}}