{"id":4507,"date":"2025-06-18T13:56:44","date_gmt":"2025-06-18T16:56:44","guid":{"rendered":"https:\/\/diarioparanaense.com\/?p=4507"},"modified":"2025-06-18T13:56:45","modified_gmt":"2025-06-18T16:56:45","slug":"lideres-do-parana-debatem-iniciativas-sustentaveis-para-a-industria-de-tintas","status":"publish","type":"post","link":"https:\/\/diarioparanaense.com\/?p=4507","title":{"rendered":"L\u00edderes do Paran\u00e1 debatem iniciativas sustent\u00e1veis para a ind\u00fastria de tintas"},"content":{"rendered":"\n<p><em>Setor que fatura R$ 40 bilh\u00f5es anuais se re\u00fane na capital paranaense para discutir futuro do mercado com foco em produtos ecol\u00f3gicos e tecnologias que beneficiam a sa\u00fade do consumidor<\/em><\/p>\n\n\n\n<p>Curitiba ser\u00e1 a sede de um debate estrat\u00e9gico para a\u00a0 ind\u00fastria brasileira de tintas. No pr\u00f3ximo dia 25 de junho (ter\u00e7a-feira), o Hotel Quality, no bairro Batel, sediar\u00e1 o semin\u00e1rio &#8220;Como pr\u00e1ticas sustent\u00e1veis podem impulsionar o crescimento do setor de tintas brasileiro&#8221;. O evento reunir\u00e1 os principais l\u00edderes de fabricantes do Paran\u00e1 para discutir a inova\u00e7\u00e3o, sustentabilidade e competitividade industrial \u2014 temas cruciais para a economia e o meio ambiente do estado.<\/p>\n\n\n\n<p>O Paran\u00e1 se destaca como um polo produtor fundamental para essa ind\u00fastria, abrigando importantes fabricantes que s\u00e3o refer\u00eancia no cen\u00e1rio nacional, como <em>Adex Tintas, Tintas Dacar, Alessi Tintas, Grupo ALV (tintas automotivas), Tintas Ciacollor, Tintas Inkor e Tintas Grafitess.<\/em><\/p>\n\n\n\n<p>Entre os assuntos, ser\u00e1 abordado como a ind\u00fastria tem se moldado e de que forma&nbsp; tem investido no desenvolvimento de produtos menos agressivos \u00e0 sa\u00fade e ao meio ambiente. Os destaques incluem o avan\u00e7o das tintas sem cheiro, \u00e0 base de \u00e1gua e com menor presen\u00e7a de compostos qu\u00edmicos, atendendo a uma demanda crescente de consumidores cada vez mais conscientes sobre sa\u00fade e bem-estar.<\/p>\n\n\n\n<p>O semin\u00e1rio busca revelar como os novos investimentos em sustentabilidade est\u00e3o moldando a ind\u00fastria de tintas e de que forma essa transforma\u00e7\u00e3o impacta diretamente o consumidor final.<\/p>\n\n\n\n<p>O setor de tintas no Brasil movimenta cerca de R$40 bilh\u00f5es\/ano e produz quase 2 bilh\u00f5es de litros de tintas\/ano, que abastecem pilares da economia como a constru\u00e7\u00e3o civil, o setor automotivo e a ind\u00fastria geral. Em 2025, passou a ocupar a 4\u00aa posi\u00e7\u00e3o global na produ\u00e7\u00e3o de tintas, ficando atr\u00e1s apenas de China, EUA e \u00cdndia.<\/p>\n\n\n\n<p><strong>SERVI\u00c7O:<\/strong><\/p>\n\n\n\n<ul class=\"wp-block-list\">\n<li><strong>O qu\u00ea<\/strong>: Como pr\u00e1ticas sustent\u00e1veis podem impulsionar o crescimento do setor de tintas brasileiro.<\/li>\n\n\n\n<li><strong>Quando<\/strong>: 25 de junho de 2025 das 9h \u00e0s 17h30<\/li>\n\n\n\n<li>Onde: Hotel Quality &#8211; Bairro do Batel<\/li>\n\n\n\n<li>P\u00fablico-alvo: Profissionais da ind\u00fastria de tintas, constru\u00e7\u00e3o civil, arquitetos, engenheiros, estudantes, pesquisadores e interessados em sustentabilidade.<\/li>\n<\/ul>\n","protected":false},"excerpt":{"rendered":"<p>Setor que fatura R$ 40 bilh\u00f5es anuais se re\u00fane na capital paranaense para discutir futuro do mercado com foco em produtos ecol\u00f3gicos e tecnologias que beneficiam a sa\u00fade do consumidor Curitiba ser\u00e1 a sede de um debate estrat\u00e9gico para a\u00a0 ind\u00fastria brasileira de tintas. No pr\u00f3ximo dia 25 de junho (ter\u00e7a-feira), o Hotel Quality, no [&hellip;]<\/p>\n","protected":false},"author":1,"featured_media":4508,"comment_status":"open","ping_status":"open","sticky":false,"template":"","format":"standard","meta":{"footnotes":""},"categories":[29,324],"tags":[],"class_list":["post-4507","post","type-post","status-publish","format-standard","has-post-thumbnail","hentry","category-artigos","category-negocios"],"_links":{"self":[{"href":"https:\/\/diarioparanaense.com\/index.php?rest_route=\/wp\/v2\/posts\/4507","targetHints":{"allow":["GET"]}}],"collection":[{"href":"https:\/\/diarioparanaense.com\/index.php?rest_route=\/wp\/v2\/posts"}],"about":[{"href":"https:\/\/diarioparanaense.com\/index.php?rest_route=\/wp\/v2\/types\/post"}],"author":[{"embeddable":true,"href":"https:\/\/diarioparanaense.com\/index.php?rest_route=\/wp\/v2\/users\/1"}],"replies":[{"embeddable":true,"href":"https:\/\/diarioparanaense.com\/index.php?rest_route=%2Fwp%2Fv2%2Fcomments&post=4507"}],"version-history":[{"count":1,"href":"https:\/\/diarioparanaense.com\/index.php?rest_route=\/wp\/v2\/posts\/4507\/revisions"}],"predecessor-version":[{"id":4509,"href":"https:\/\/diarioparanaense.com\/index.php?rest_route=\/wp\/v2\/posts\/4507\/revisions\/4509"}],"wp:featuredmedia":[{"embeddable":true,"href":"https:\/\/diarioparanaense.com\/index.php?rest_route=\/wp\/v2\/media\/4508"}],"wp:attachment":[{"href":"https:\/\/diarioparanaense.com\/index.php?rest_route=%2Fwp%2Fv2%2Fmedia&parent=4507"}],"wp:term":[{"taxonomy":"category","embeddable":true,"href":"https:\/\/diarioparanaense.com\/index.php?rest_route=%2Fwp%2Fv2%2Fcategories&post=4507"},{"taxonomy":"post_tag","embeddable":true,"href":"https:\/\/diarioparanaense.com\/index.php?rest_route=%2Fwp%2Fv2%2Ftags&post=4507"}],"curies":[{"name":"wp","href":"https:\/\/api.w.org\/{rel}","templated":true}]}}