{"id":4501,"date":"2025-06-18T10:17:19","date_gmt":"2025-06-18T13:17:19","guid":{"rendered":"https:\/\/diarioparanaense.com\/?p=4501"},"modified":"2025-06-18T10:17:20","modified_gmt":"2025-06-18T13:17:20","slug":"junho-violeta-alerta-para-combate-a-violencia-contra-idosos","status":"publish","type":"post","link":"https:\/\/diarioparanaense.com\/?p=4501","title":{"rendered":"Junho Violeta alerta para combate \u00e0 viol\u00eancia contra idosos"},"content":{"rendered":"\n<p class=\"has-medium-font-size\">Amigos do HC promovem palestra com especialista em quest\u00f5es relacionadas ao p\u00fablico 60+<\/p>\n\n\n\n<p>Anualmente, no dia 15 de junho, \u00e9 celebrado o Dia Mundial de Conscientiza\u00e7\u00e3o da Viol\u00eancia contra a pessoa idosa, data institu\u00edda pela Organiza\u00e7\u00e3o das Na\u00e7\u00f5es Unidas (ONU), em 2011, com o prop\u00f3sito de sensibilizar a sociedade sobre o enfrentamento \u00e0 viol\u00eancia contra idosos. Conhecido como Junho Violeta, o m\u00eas todo \u00e9 dedicado a a\u00e7\u00f5es de preven\u00e7\u00e3o \u00e0 viol\u00eancia, escuta e acolhimento aos idosos.<\/p>\n\n\n\n<p>De acordo com relat\u00f3rio da ONU, at\u00e9 2050 uma em cada seis pessoas ter\u00e1 65 anos ou mais, totalizando 2 bilh\u00f5es de cidad\u00e3os nesta faixa et\u00e1ria. Ao redor do mundo, 16% da popula\u00e7\u00e3o acima de 60 anos relata ter sofrido algum tipo de abuso no \u00faltimo ano.<\/p>\n\n\n\n<p>No m\u00eas dedicado \u00e0 conscientiza\u00e7\u00e3o sobre viol\u00eancia contra a pessoa idosa, o CEDIVIDA (Centro de Direitos \u00e0 Vida da Pessoa Idosa), programa mantido pela Associa\u00e7\u00e3o dos Amigos do HC, promove uma s\u00e9rie de a\u00e7\u00f5es, com destaque para a palestra com Brenda Liz de Melo Follador, advogada e consultora especializada em quest\u00f5es relacionadas ao p\u00fablico 60+.<\/p>\n\n\n\n<p>\u201cEssa a\u00e7\u00e3o integra o compromisso do CEDIVIDA com a promo\u00e7\u00e3o de direitos, prote\u00e7\u00e3o e valoriza\u00e7\u00e3o da pessoa idosa. As pessoas 60+ ainda tem muita energia, muito conhecimento para compartilhar e, assim como qualquer cidad\u00e3o, deve ter seus direitos garantidos. Trabalhamos para que eles tenham acesso \u00e0 essas informa\u00e7\u00f5es e autonomia\u201d, afirma Domingos Murta, presidente dos Amigos do HC.<\/p>\n\n\n\n<p class=\"has-medium-font-size\">Abusos contra os idosos<\/p>\n\n\n\n<p>Em 2017, a Organiza\u00e7\u00e3o Mundial da Sa\u00fade (OMS) divulgou resultados de mais de 50 estudos conduzidos em 28 pa\u00edses, em diversas regi\u00f5es do planeta. O levantamento mostrou que os idosos estavam expostos a abuso psicol\u00f3gico em 11,6% dos casos, seguido por abuso financeiro, neglig\u00eancia, abuso f\u00edsico e sexual. A ag\u00eancia salienta que apenas um em cada 24 casos de abuso contra idosos \u00e9 relatado \u00e0s autoridades.<\/p>\n\n\n\n<p>At\u00e9 2030 o n\u00famero de idosos deve subir 38%, saltando para 1,4 bilh\u00e3o no mundo todo. Assim, a quantidade de pessoas acima de 60 anos deve superar a de jovens. Estima-se ainda que, at\u00e9 2050, haver\u00e1 320 milh\u00f5es de idosos sofrendo viol\u00eancias e abusos no mundo.<\/p>\n\n\n\n<p>De acordo com o presidente da Associa\u00e7\u00e3o dos Amigos do HC, as agress\u00f5es n\u00e3o s\u00e3o somente f\u00edsicas e precisam da aten\u00e7\u00e3o de toda a sociedade. \u201cAs pessoas acham que somente quando se agride fisicamente o problema existe, quando, na verdade, as pessoas 60+ sofrem com abusos psicol\u00f3gicos, financeiros e sexuais tamb\u00e9m. Muitas vezes, a viol\u00eancia n\u00e3o deixa marca vis\u00edvel\u201d, complementa Murta.<\/p>\n\n\n\n<p>O evento voltado \u00e0 conscientiza\u00e7\u00e3o acontecer\u00e1 no dia 23 de junho, \u00e0s 14h, no Audit\u00f3rio do CEDIVIDA, localizado na Av. Agostinho Le\u00e3o J\u00fanior, 320, no Alto da Gl\u00f3ria. A participa\u00e7\u00e3o \u00e9 gratuita, mas as vagas s\u00e3o limitadas. Os interessados em participar da palestra devem se inscrever pelo WhatsApp no n\u00famero (41) 99254-5059.<\/p>\n\n\n\n<p class=\"has-medium-font-size\">Servi\u00e7o:<\/p>\n\n\n\n<p>Palestra de conscientiza\u00e7\u00e3o Junho Violeta<br>Local: CEDIVIDA<br>Data: 23 de junho<br>Hor\u00e1rio: 14h<br>Endere\u00e7o: Av. Agostinho Le\u00e3o J\u00fanior, 320, Alto da Gl\u00f3ria<br>Entrada: gratuita<br>Inscri\u00e7\u00f5es:&nbsp;(41)&nbsp;99254-5059<\/p>\n","protected":false},"excerpt":{"rendered":"<p>Amigos do HC promovem palestra com especialista em quest\u00f5es relacionadas ao p\u00fablico 60+ Anualmente, no dia 15 de junho, \u00e9 celebrado o Dia Mundial de Conscientiza\u00e7\u00e3o da Viol\u00eancia contra a pessoa idosa, data institu\u00edda pela Organiza\u00e7\u00e3o das Na\u00e7\u00f5es Unidas (ONU), em 2011, com o prop\u00f3sito de sensibilizar a sociedade sobre o enfrentamento \u00e0 viol\u00eancia contra [&hellip;]<\/p>\n","protected":false},"author":1,"featured_media":4502,"comment_status":"open","ping_status":"open","sticky":false,"template":"","format":"standard","meta":{"footnotes":""},"categories":[29,164],"tags":[],"class_list":["post-4501","post","type-post","status-publish","format-standard","has-post-thumbnail","hentry","category-artigos","category-saude-2"],"_links":{"self":[{"href":"https:\/\/diarioparanaense.com\/index.php?rest_route=\/wp\/v2\/posts\/4501","targetHints":{"allow":["GET"]}}],"collection":[{"href":"https:\/\/diarioparanaense.com\/index.php?rest_route=\/wp\/v2\/posts"}],"about":[{"href":"https:\/\/diarioparanaense.com\/index.php?rest_route=\/wp\/v2\/types\/post"}],"author":[{"embeddable":true,"href":"https:\/\/diarioparanaense.com\/index.php?rest_route=\/wp\/v2\/users\/1"}],"replies":[{"embeddable":true,"href":"https:\/\/diarioparanaense.com\/index.php?rest_route=%2Fwp%2Fv2%2Fcomments&post=4501"}],"version-history":[{"count":1,"href":"https:\/\/diarioparanaense.com\/index.php?rest_route=\/wp\/v2\/posts\/4501\/revisions"}],"predecessor-version":[{"id":4503,"href":"https:\/\/diarioparanaense.com\/index.php?rest_route=\/wp\/v2\/posts\/4501\/revisions\/4503"}],"wp:featuredmedia":[{"embeddable":true,"href":"https:\/\/diarioparanaense.com\/index.php?rest_route=\/wp\/v2\/media\/4502"}],"wp:attachment":[{"href":"https:\/\/diarioparanaense.com\/index.php?rest_route=%2Fwp%2Fv2%2Fmedia&parent=4501"}],"wp:term":[{"taxonomy":"category","embeddable":true,"href":"https:\/\/diarioparanaense.com\/index.php?rest_route=%2Fwp%2Fv2%2Fcategories&post=4501"},{"taxonomy":"post_tag","embeddable":true,"href":"https:\/\/diarioparanaense.com\/index.php?rest_route=%2Fwp%2Fv2%2Ftags&post=4501"}],"curies":[{"name":"wp","href":"https:\/\/api.w.org\/{rel}","templated":true}]}}