{"id":4495,"date":"2025-06-16T10:39:28","date_gmt":"2025-06-16T13:39:28","guid":{"rendered":"https:\/\/diarioparanaense.com\/?p=4495"},"modified":"2025-06-16T10:39:29","modified_gmt":"2025-06-16T13:39:29","slug":"festa-junina-aumento-do-interesse-pela-data-anima-o-setor-varejista","status":"publish","type":"post","link":"https:\/\/diarioparanaense.com\/?p=4495","title":{"rendered":"Festa Junina: aumento do interesse pela data anima o setor varejista"},"content":{"rendered":"\n<p>Pesquisa aponta que 81% da popula\u00e7\u00e3o pretende participar das festividades<\/p>\n\n\n\n<p>Com as festas juninas a todo vapor, o com\u00e9rcio varejista registra aquecimento, projetando um cen\u00e1rio de vendas otimista para 2025. Lojas de departamentos, supermercados e lojas de fantasias apostam na tradi\u00e7\u00e3o e na criatividade para atrair os consumidores, que j\u00e1 est\u00e3o buscando itens para celebrar o S\u00e3o Jo\u00e3o. A expectativa \u00e9 que o per\u00edodo se consolide como um dos mais importantes para o varejo no primeiro semestre, impulsionando a economia local.<\/p>\n\n\n\n<p>A variedade de produtos dispon\u00edveis para as festas juninas \u00e9 vasta e diversificada. Desde os cl\u00e1ssicos trajes caipiras, at\u00e9 itens de decora\u00e7\u00e3o, como bandeirinhas, bal\u00f5es e toalhas de mesa quadriculadas, o consumidor encontra um leque de op\u00e7\u00f5es para todos os gostos e bolsos. A gastronomia t\u00edpica tamb\u00e9m n\u00e3o fica de fora, com o aumento da procura por produtos como milho, pipoca, p\u00e9 de moleque, doce de leite, entre outros.<\/p>\n\n\n\n<p>Segundo levantamento do Instituto Locomotiva, em parceria com a plataforma QuestionPro, pouco mais da metade dos brasileiros (52%) deve gastar at\u00e9 R$200,00 nas festas juninas deste ano. A pesquisa mostra ainda que 81% da popula\u00e7\u00e3o pretende participar de alguma atividade relacionada \u00e0 data, incluindo quermesses, eventos de rua, festas escolares e encontros familiares. Os gastos previstos incluem alimentos, bebidas, roupas, adere\u00e7os e ingressos.<\/p>\n\n\n\n<p>Com o cen\u00e1rio positivo, os comerciantes apostam na for\u00e7a da tradi\u00e7\u00e3o e apelo cultural das festas juninas para atrair o consumidor com criatividade. De acordo com Beni Gelhorn, diretor comercial do Grupo MiniPre\u00e7o, a data vem se tornando uma das melhores do ano para as vendas. \u201cAs festas juninas t\u00eam atra\u00eddo cada vez mais pessoas. Percebemos que as empresas buscam itens decorativos e as pessoas se organizam para comemora\u00e7\u00f5es em casa, entre familiares e amigos. Isso fez com que n\u00f3s busc\u00e1ssemos produtos para atender todos os p\u00fablicos, com variedade de itens e pre\u00e7os acess\u00edveis, e tem sido um sucesso\u201d, afirma Beni.<\/p>\n\n\n\n<p>Preparativos a todo vapor<\/p>\n\n\n\n<p>Para aquecer ainda mais o mercado, muitos comerciantes investem em promo\u00e7\u00f5es e ambienta\u00e7\u00e3o tem\u00e1tica. Lojas decoradas com elementos juninos, vendedores caracterizados e a oferta de descontos especiais em produtos relacionados \u00e0 festa criam um clima convidativo e estimulam as compras.<\/p>\n\n\n\n<p>\u201cJunho e julho s\u00e3o meses mais frios. Sendo assim, pensamos em oferecer itens de inverno que levassem conforto para quem vai participar das festas, al\u00e9m de muitos doces t\u00edpicos e itens decorativos\u201d\u2019, relata Beni.<\/p>\n\n\n\n<p>Grupo MiniPre\u00e7o patrocina Festa Junina de Curitiba<\/p>\n\n\n\n<p>De 19 a 22 de junho, durante o feriado de Corpus Christi, O Grupo MiniPre\u00e7o e a Prefeitura de Curitiba apresentam a maior festa junina da hist\u00f3ria da capital paranaense. O S\u00e3o Jo\u00e3o de Curitiba ser\u00e1 realizado no Centro de Eventos do Parque Barigui e promete trazer toda a tradi\u00e7\u00e3o, cultura e energia das festas juninas para o cora\u00e7\u00e3o da cidade. Al\u00e9m das comidas e brincadeiras t\u00edpicas, os participantes poder\u00e3o assistir apresenta\u00e7\u00f5es da quadrilha cearense Luar do Sert\u00e3o e do grupo Tes\u00e3o Pi\u00e1.<\/p>\n\n\n\n<p>Na programa\u00e7\u00e3o musical, os shows come\u00e7am na quinta-feira (19) com Bigode do Forr\u00f3, seguido por Forr\u00f3 Manac\u00e1 na sexta-feira (20), Dani Bueno no s\u00e1bado (21) e terminam no domingo (22) com o grupo Areia Branca.<\/p>\n\n\n\n<p>Durante todos os dias de evento, um stand do MiniPre\u00e7o Express estar\u00e1 dispon\u00edvel com venda de acess\u00f3rios juninos como chap\u00e9us, tiaras e len\u00e7os, al\u00e9m de acess\u00f3rios de inverno, brinquedos e papelaria, com destaque para itens de capivara &#8211; mascote do evento e do Parque Barigui. No stand tamb\u00e9m haver\u00e1 ativa\u00e7\u00e3o do Clube MiniPre\u00e7o, com distribui\u00e7\u00e3o de brindes e descontos exclusivos para quem se cadastrar. Al\u00e9m disso, a campanha de anivers\u00e1rio de 1 ano do clube tem n\u00famero da sorte para concorrer a uma viagem.<\/p>\n\n\n\n<p>\u201c\u00c9 muito importante para a cidade que as empresas curitibanas apoiem eventos culturais. \u00c9 bom para o com\u00e9rcio local, para o turismo e, principalmente, para os moradores da cidade. O S\u00e3o Jo\u00e3o \u00e9 uma data tradicional, que re\u00fane as pessoas e que, com certeza, ganhar\u00e1 o cora\u00e7\u00e3o de toda a cidade nos pr\u00f3ximos anos\u201d,&nbsp;finaliza&nbsp;Beni.<\/p>\n","protected":false},"excerpt":{"rendered":"<p>Pesquisa aponta que 81% da popula\u00e7\u00e3o pretende participar das festividades Com as festas juninas a todo vapor, o com\u00e9rcio varejista registra aquecimento, projetando um cen\u00e1rio de vendas otimista para 2025. Lojas de departamentos, supermercados e lojas de fantasias apostam na tradi\u00e7\u00e3o e na criatividade para atrair os consumidores, que j\u00e1 est\u00e3o buscando itens para celebrar [&hellip;]<\/p>\n","protected":false},"author":1,"featured_media":4496,"comment_status":"open","ping_status":"open","sticky":false,"template":"","format":"standard","meta":{"footnotes":""},"categories":[29],"tags":[],"class_list":["post-4495","post","type-post","status-publish","format-standard","has-post-thumbnail","hentry","category-artigos"],"_links":{"self":[{"href":"https:\/\/diarioparanaense.com\/index.php?rest_route=\/wp\/v2\/posts\/4495","targetHints":{"allow":["GET"]}}],"collection":[{"href":"https:\/\/diarioparanaense.com\/index.php?rest_route=\/wp\/v2\/posts"}],"about":[{"href":"https:\/\/diarioparanaense.com\/index.php?rest_route=\/wp\/v2\/types\/post"}],"author":[{"embeddable":true,"href":"https:\/\/diarioparanaense.com\/index.php?rest_route=\/wp\/v2\/users\/1"}],"replies":[{"embeddable":true,"href":"https:\/\/diarioparanaense.com\/index.php?rest_route=%2Fwp%2Fv2%2Fcomments&post=4495"}],"version-history":[{"count":1,"href":"https:\/\/diarioparanaense.com\/index.php?rest_route=\/wp\/v2\/posts\/4495\/revisions"}],"predecessor-version":[{"id":4497,"href":"https:\/\/diarioparanaense.com\/index.php?rest_route=\/wp\/v2\/posts\/4495\/revisions\/4497"}],"wp:featuredmedia":[{"embeddable":true,"href":"https:\/\/diarioparanaense.com\/index.php?rest_route=\/wp\/v2\/media\/4496"}],"wp:attachment":[{"href":"https:\/\/diarioparanaense.com\/index.php?rest_route=%2Fwp%2Fv2%2Fmedia&parent=4495"}],"wp:term":[{"taxonomy":"category","embeddable":true,"href":"https:\/\/diarioparanaense.com\/index.php?rest_route=%2Fwp%2Fv2%2Fcategories&post=4495"},{"taxonomy":"post_tag","embeddable":true,"href":"https:\/\/diarioparanaense.com\/index.php?rest_route=%2Fwp%2Fv2%2Ftags&post=4495"}],"curies":[{"name":"wp","href":"https:\/\/api.w.org\/{rel}","templated":true}]}}