{"id":4479,"date":"2025-06-10T15:50:15","date_gmt":"2025-06-10T18:50:15","guid":{"rendered":"https:\/\/diarioparanaense.com\/?p=4479"},"modified":"2025-06-10T15:50:16","modified_gmt":"2025-06-10T18:50:16","slug":"elisangela-passos-lanca-livro-na-bienal-do-livro-do-rio-de-janeiro-com-relato-real-sobre-saude-mental-no-trabalho","status":"publish","type":"post","link":"https:\/\/diarioparanaense.com\/?p=4479","title":{"rendered":"Elis\u00e2ngela Passos lan\u00e7a livro na Bienal do Livro do Rio de Janeiro com relato real sobre sa\u00fade mental no trabalho"},"content":{"rendered":"\n<p>Obra autobiogr\u00e1fica narra a experi\u00eancia da autora com ass\u00e9dio moral, burnout e infarto, e prop\u00f5e reflex\u00f5es sobreautocuidado, prop\u00f3sito e reconstru\u00e7\u00e3o de carreira<\/p>\n\n\n\n<p>A psic\u00f3loga cl\u00ednica e organizacional Elis\u00e2ngela Passos participa, nos dias 13 e 14 de junho (pr\u00f3xima sexta e s\u00e1bado), da Bienal Internacional do Livro do Rio de Janeiro, para o lan\u00e7amento de sua obra, \u201cAl\u00e9m do Infarto \u2013 Uma Jornada de Redescoberta e Carreira\u201d. O encontro com o p\u00fablico acontece no estande da editora UICLAP, onde a autora vai autografar exemplares e falar com leitores sobre temas como sa\u00fade mental, autoconhecimento e equil\u00edbrio emocional.<\/p>\n\n\n\n<p>Com uma trajet\u00f3ria de mais de dez anos na psicologia, Elis\u00e2ngela compartilha, de forma in\u00e9dita, uma viv\u00eancia transformadora: ap\u00f3s sofrer ass\u00e9dio moral no ambiente de trabalho, desenvolveu um quadro de burnout, que passou despercebido at\u00e9 o momento em que sofreu um infarto. A partir desse epis\u00f3dio, iniciou uma jornada de reconex\u00e3o consigo mesma, que resultou no livro.<\/p>\n\n\n\n<p>\u201cA minha hist\u00f3ria \u00e9 tamb\u00e9m a hist\u00f3ria de muitas pessoas que adoecem tentando dar conta de tudo. Quando adoeci, percebi o quanto o autocuidado \u00e9 negligenciado, especialmente em ambientes profissionais t\u00f3xicos. Essa obra \u00e9 um convite \u00e0 reflex\u00e3o e \u00e0 reconstru\u00e7\u00e3o\u201d, afirma.<\/p>\n\n\n\n<p>A obra prop\u00f5e reflex\u00f5es sobre os limites entre a vida pessoal e profissional, resili\u00eancia emocional, prop\u00f3sito e o desafio de recome\u00e7ar. O livro tamb\u00e9m aborda quest\u00f5es importantes sobre transi\u00e7\u00e3o de carreira. Com uma linguagem acess\u00edvel e sens\u00edvel, a autora tamb\u00e9m traz orienta\u00e7\u00f5es pr\u00e1ticas para quem enfrenta momentos de esgotamento ou busca um novo sentido para a carreira.<\/p>\n\n\n\n<p>Elis\u00e2ngela integra o movimento Janeiro Branco, que mobiliza profissionais da psicologia em torno da pauta da sa\u00fade mental, e atua com atendimentos cl\u00ednicos e programas voltados ao bem-estar emocional dentro de empresas.<\/p>\n\n\n\n<p>A participa\u00e7\u00e3o na Bienal do Rio marca mais uma etapa de divulga\u00e7\u00e3o do livro, que tamb\u00e9m foi apresentado na Bienal de S\u00e3o Paulo em 2024. A autora estar\u00e1 ao lado do psic\u00f3logo Leonardo Abra\u00e3o, idealizador do Janeiro Branco, e de outras psic\u00f3logas coautoras de obras publicadas pela UICLAP.<\/p>\n\n\n\n<p><strong>Servi\u00e7o<br>Lan\u00e7amento do livro \u201cAl\u00e9m do Infarto \u2013 Uma Jornada de Redescoberta e Carreira\u201d<br><\/strong>Autora: Elis\u00e2ngela Passos<br>Quando: 13 e 14 de junho de 2025 ( pr\u00f3xima sexta e s\u00e1bado).<br>Onde: Estande da editora UICLAP \u2013 Bienal Internacional do Livro do Rio de Janeiro<br>Mais informa\u00e7\u00f5es: @psico.elipassos<\/p>\n\n\n\n<p>Ficha T\u00e9cnica<br>T\u00edtulo: Al\u00e9m do Infarto &#8211; uma jornada de redescoberta e carreira<br>Texto: Elis\u00e2ngela Barbosa Pereira dos Passos<br>Ilustra\u00e7\u00f5es: Adobe Firefly<br>Editora: UICLAP<br>ISBN: 978-65-01-11754-6<br>Dimens\u00f5es: 16L x 23A<br>P\u00e1ginas: 149<br>Pre\u00e7o sugerido: R$ 89,90<\/p>\n","protected":false},"excerpt":{"rendered":"<p>Obra autobiogr\u00e1fica narra a experi\u00eancia da autora com ass\u00e9dio moral, burnout e infarto, e prop\u00f5e reflex\u00f5es sobreautocuidado, prop\u00f3sito e reconstru\u00e7\u00e3o de carreira A psic\u00f3loga cl\u00ednica e organizacional Elis\u00e2ngela Passos participa, nos dias 13 e 14 de junho (pr\u00f3xima sexta e s\u00e1bado), da Bienal Internacional do Livro do Rio de Janeiro, para o lan\u00e7amento de sua [&hellip;]<\/p>\n","protected":false},"author":1,"featured_media":4480,"comment_status":"open","ping_status":"open","sticky":false,"template":"","format":"standard","meta":{"footnotes":""},"categories":[142],"tags":[],"class_list":["post-4479","post","type-post","status-publish","format-standard","has-post-thumbnail","hentry","category-literatura"],"_links":{"self":[{"href":"https:\/\/diarioparanaense.com\/index.php?rest_route=\/wp\/v2\/posts\/4479","targetHints":{"allow":["GET"]}}],"collection":[{"href":"https:\/\/diarioparanaense.com\/index.php?rest_route=\/wp\/v2\/posts"}],"about":[{"href":"https:\/\/diarioparanaense.com\/index.php?rest_route=\/wp\/v2\/types\/post"}],"author":[{"embeddable":true,"href":"https:\/\/diarioparanaense.com\/index.php?rest_route=\/wp\/v2\/users\/1"}],"replies":[{"embeddable":true,"href":"https:\/\/diarioparanaense.com\/index.php?rest_route=%2Fwp%2Fv2%2Fcomments&post=4479"}],"version-history":[{"count":1,"href":"https:\/\/diarioparanaense.com\/index.php?rest_route=\/wp\/v2\/posts\/4479\/revisions"}],"predecessor-version":[{"id":4481,"href":"https:\/\/diarioparanaense.com\/index.php?rest_route=\/wp\/v2\/posts\/4479\/revisions\/4481"}],"wp:featuredmedia":[{"embeddable":true,"href":"https:\/\/diarioparanaense.com\/index.php?rest_route=\/wp\/v2\/media\/4480"}],"wp:attachment":[{"href":"https:\/\/diarioparanaense.com\/index.php?rest_route=%2Fwp%2Fv2%2Fmedia&parent=4479"}],"wp:term":[{"taxonomy":"category","embeddable":true,"href":"https:\/\/diarioparanaense.com\/index.php?rest_route=%2Fwp%2Fv2%2Fcategories&post=4479"},{"taxonomy":"post_tag","embeddable":true,"href":"https:\/\/diarioparanaense.com\/index.php?rest_route=%2Fwp%2Fv2%2Ftags&post=4479"}],"curies":[{"name":"wp","href":"https:\/\/api.w.org\/{rel}","templated":true}]}}