{"id":4473,"date":"2025-06-10T15:34:22","date_gmt":"2025-06-10T18:34:22","guid":{"rendered":"https:\/\/diarioparanaense.com\/?p=4473"},"modified":"2025-06-10T15:34:22","modified_gmt":"2025-06-10T18:34:22","slug":"o-caminho-tem-nome-e-voz-savio-lanca-seu-novo-album","status":"publish","type":"post","link":"https:\/\/diarioparanaense.com\/?p=4473","title":{"rendered":"O caminho tem nome \u2014 e voz: S\u00e1vio lan\u00e7a seu novo \u00e1lbum"},"content":{"rendered":"\n<p><strong>\u2018\u2019MEU CAMINHO J\u00c1 TEM NOME\u2019\u2019<\/strong><\/p>\n\n\n\n<p>S\u00e1vio vem pavimentando um caminho s\u00f3lido na nova m\u00fasica popular brasileira. Natural de Niter\u00f3i (RJ), o cantor e compositor construiu nos \u00faltimos anos uma trajet\u00f3ria marcada pela autenticidade, pelas faixas que transbordam sentimento e por uma busca cont\u00ednua por novas formas de express\u00e3o. Agora, esse percurso encontra um novo marco com o lan\u00e7amento de seu mais novo disco: MEU CAMINHO J\u00c1 TEM NOME.<\/p>\n\n\n\n<p>\u2018\u2019Como o pr\u00f3prio nome sugere, o disco \u00e9 a materialidade do meu encontro comigo mesmo. \u00c9 o produto direto da minha criatividade somada tamb\u00e9m a sonoridade que eu tanto almejei. Abarrotado de influ\u00eancias brasileiras nos timbres, melodias e arranjos, mas tamb\u00e9m imerso em instrumenta\u00e7\u00f5es pl\u00e1sticas e sint\u00e9ticas.\u2018\u2019, comenta S\u00e1vio<\/p>\n\n\n\n<p>O \u00e1lbum n\u00e3o nasce do acaso. Ele \u00e9 o resultado de um ciclo criativo cuidadosamente constru\u00eddo, iniciado com o single \u201cC\u00ea Mora Perto\u201d (janeiro de 2025)&nbsp; e consolidado no EP P E R T O (fevereiro de 2025), que apresentou ao p\u00fablico m\u00fasicas como \u201cN\u00e3o Presta\u201d e \u201cFoli\u00e3o\u201d (em parceria com Mariana Volker). Em seguida, o single FOZ (abril de 2025) ampliou ainda mais os horizontes dessa hist\u00f3ria sendo contada, que j\u00e1 acumula mais de 1 milh\u00e3o de plays nas plataformas digitais \u2014 uma marca que reafirma a conex\u00e3o crescente de S\u00e1vio com seu p\u00fablico. Produzido por Juliano Cortuah, MEU CAMINHO J\u00c1 TEM NOME aprofunda a proposta do artista, reunindo can\u00e7\u00f5es in\u00e9ditas e uma releitura especial de \u201cHoje Eu Quero Sair S\u00f3\u201d, cl\u00e1ssico de Lenine. Longe de se limitar a uma vers\u00e3o, S\u00e1vio reinventa a can\u00e7\u00e3o com contornos \u00edntimos, atuais e profundamente pessoais, revelando sua capacidade de transformar refer\u00eancias em identidade pr\u00f3pria.<\/p>\n\n\n\n<p>O disco se permite conversar com todas as coisas. Uma viagem que passa tamb\u00e9m por diferentes estilos musicais se conectando por meio de um olhar ao simples, entregue aos sentimentos e dedicado a elaborar sobre isso. As narrativas criam identifica\u00e7\u00e3o atrav\u00e9s do conformismo de aceitar olhar pra dentro e falar sobre o que se sente. A ordem ainda prop\u00f5e uma, das in\u00fameras interpreta\u00e7\u00f5es poss\u00edveis, caminhando pelas trilhas de uma vida bonita em ser simples, que desfruta do agora e, como a \u00faltima frase do \u00e1lbum diz, carrega as lembran\u00e7as no peito.<\/p>\n\n\n\n<p>Este \u00e9 um disco que marca o in\u00edcio de um novo cap\u00edtulo. Em cada faixa, \u00e9 poss\u00edvel sentir o amadurecimento de um artista S\u00e1vio n\u00e3o apenas acompanha a nova MPB \u2014 ele a expande, propondo outros jeitos de sentir, de cantar e de estar no mundo.<\/p>\n\n\n\n<p>Linkfire &#8211;&nbsp;<a href=\"https:\/\/umusicbrazil.lnk.to\/Meu_Caminho_Ja_Tem_Nome\" target=\"_blank\" rel=\"noreferrer noopener\">https:\/\/umusicbrazil.lnk.to\/Meu_Caminho_Ja_Tem_Nome<\/a><\/p>\n\n\n\n<p>Descubra mais de S\u00e1vio em&nbsp;&nbsp; Instagram&nbsp;&nbsp;&nbsp;&nbsp; Spotify&nbsp;&nbsp;&nbsp;&nbsp; Apple&nbsp;&nbsp;&nbsp;&nbsp;&nbsp;&nbsp;&nbsp; Music<\/p>\n","protected":false},"excerpt":{"rendered":"<p>\u2018\u2019MEU CAMINHO J\u00c1 TEM NOME\u2019\u2019 S\u00e1vio vem pavimentando um caminho s\u00f3lido na nova m\u00fasica popular brasileira. Natural de Niter\u00f3i (RJ), o cantor e compositor construiu nos \u00faltimos anos uma trajet\u00f3ria marcada pela autenticidade, pelas faixas que transbordam sentimento e por uma busca cont\u00ednua por novas formas de express\u00e3o. Agora, esse percurso encontra um novo marco [&hellip;]<\/p>\n","protected":false},"author":1,"featured_media":4477,"comment_status":"open","ping_status":"open","sticky":false,"template":"","format":"standard","meta":{"footnotes":""},"categories":[27],"tags":[],"class_list":["post-4473","post","type-post","status-publish","format-standard","has-post-thumbnail","hentry","category-musica"],"_links":{"self":[{"href":"https:\/\/diarioparanaense.com\/index.php?rest_route=\/wp\/v2\/posts\/4473","targetHints":{"allow":["GET"]}}],"collection":[{"href":"https:\/\/diarioparanaense.com\/index.php?rest_route=\/wp\/v2\/posts"}],"about":[{"href":"https:\/\/diarioparanaense.com\/index.php?rest_route=\/wp\/v2\/types\/post"}],"author":[{"embeddable":true,"href":"https:\/\/diarioparanaense.com\/index.php?rest_route=\/wp\/v2\/users\/1"}],"replies":[{"embeddable":true,"href":"https:\/\/diarioparanaense.com\/index.php?rest_route=%2Fwp%2Fv2%2Fcomments&post=4473"}],"version-history":[{"count":1,"href":"https:\/\/diarioparanaense.com\/index.php?rest_route=\/wp\/v2\/posts\/4473\/revisions"}],"predecessor-version":[{"id":4478,"href":"https:\/\/diarioparanaense.com\/index.php?rest_route=\/wp\/v2\/posts\/4473\/revisions\/4478"}],"wp:featuredmedia":[{"embeddable":true,"href":"https:\/\/diarioparanaense.com\/index.php?rest_route=\/wp\/v2\/media\/4477"}],"wp:attachment":[{"href":"https:\/\/diarioparanaense.com\/index.php?rest_route=%2Fwp%2Fv2%2Fmedia&parent=4473"}],"wp:term":[{"taxonomy":"category","embeddable":true,"href":"https:\/\/diarioparanaense.com\/index.php?rest_route=%2Fwp%2Fv2%2Fcategories&post=4473"},{"taxonomy":"post_tag","embeddable":true,"href":"https:\/\/diarioparanaense.com\/index.php?rest_route=%2Fwp%2Fv2%2Ftags&post=4473"}],"curies":[{"name":"wp","href":"https:\/\/api.w.org\/{rel}","templated":true}]}}