{"id":4466,"date":"2025-06-09T15:32:12","date_gmt":"2025-06-09T18:32:12","guid":{"rendered":"https:\/\/diarioparanaense.com\/?p=4466"},"modified":"2025-06-09T15:32:13","modified_gmt":"2025-06-09T18:32:13","slug":"nataly-neri-defende-autocuidado-consciente-com-foco-em-peles-e-cabelos-negros","status":"publish","type":"post","link":"https:\/\/diarioparanaense.com\/?p=4466","title":{"rendered":"Nataly Neri defende autocuidado consciente com foco em peles e cabelos negros"},"content":{"rendered":"\n<p class=\"has-medium-font-size\">Apresentadora refor\u00e7a a import\u00e2ncia de produtos veganos e naturais que respeitem a diversidade e realcem a beleza natural sem agredir o meio ambiente<\/p>\n\n\n\n<p>Para a criadora de conte\u00fado Nataly Neri, refer\u00eancia em beauty, negritude e consumo respons\u00e1vel, o uso de produtos de beleza veganos precisa considerar a diversidade de peles e cabelos, especialmente os corpos negros, historicamente exclu\u00eddos dos padr\u00f5es da ind\u00fastria.<\/p>\n\n\n\n<p>A apresentadora prop\u00f5e uma reflex\u00e3o sobre marcas que respeitem tanto o planeta quanto a identidade de quem consome. Muito al\u00e9m de uma tend\u00eancia, o uso de cosm\u00e9ticos naturais tem se consolidado como um movimento que alia sa\u00fade, sustentabilidade e consci\u00eancia racial.<\/p>\n\n\n\n<p>\u201cA transi\u00e7\u00e3o para produtos veganos e naturais n\u00e3o pode ignorar as especificidades da pele negra, dos cabelos crespos e cacheados. \u00c9 preciso incluir ingredientes que realcem nossa beleza natural, sem comprometer o meio ambiente e sem refor\u00e7ar padr\u00f5es est\u00e9ticos colonizados. O autocuidado tamb\u00e9m \u00e9 sobre pertencimento e repara\u00e7\u00e3o\u201d, acredita.<\/p>\n\n\n\n<p>A escolha por f\u00f3rmulas mais limpas, livres de ingredientes t\u00f3xicos e de origem animal, tem sido abra\u00e7ada por uma nova gera\u00e7\u00e3o de consumidores conscientes, que buscam produtos que cuidem do corpo, respeitem a natureza e, principalmente, representem sua identidade de forma justa\u00a0e\u00a0verdadeira.<\/p>\n","protected":false},"excerpt":{"rendered":"<p>Apresentadora refor\u00e7a a import\u00e2ncia de produtos veganos e naturais que respeitem a diversidade e realcem a beleza natural sem agredir o meio ambiente Para a criadora de conte\u00fado Nataly Neri, refer\u00eancia em beauty, negritude e consumo respons\u00e1vel, o uso de produtos de beleza veganos precisa considerar a diversidade de peles e cabelos, especialmente os corpos [&hellip;]<\/p>\n","protected":false},"author":1,"featured_media":4467,"comment_status":"open","ping_status":"open","sticky":false,"template":"","format":"standard","meta":{"footnotes":""},"categories":[29],"tags":[],"class_list":["post-4466","post","type-post","status-publish","format-standard","has-post-thumbnail","hentry","category-artigos"],"_links":{"self":[{"href":"https:\/\/diarioparanaense.com\/index.php?rest_route=\/wp\/v2\/posts\/4466","targetHints":{"allow":["GET"]}}],"collection":[{"href":"https:\/\/diarioparanaense.com\/index.php?rest_route=\/wp\/v2\/posts"}],"about":[{"href":"https:\/\/diarioparanaense.com\/index.php?rest_route=\/wp\/v2\/types\/post"}],"author":[{"embeddable":true,"href":"https:\/\/diarioparanaense.com\/index.php?rest_route=\/wp\/v2\/users\/1"}],"replies":[{"embeddable":true,"href":"https:\/\/diarioparanaense.com\/index.php?rest_route=%2Fwp%2Fv2%2Fcomments&post=4466"}],"version-history":[{"count":1,"href":"https:\/\/diarioparanaense.com\/index.php?rest_route=\/wp\/v2\/posts\/4466\/revisions"}],"predecessor-version":[{"id":4468,"href":"https:\/\/diarioparanaense.com\/index.php?rest_route=\/wp\/v2\/posts\/4466\/revisions\/4468"}],"wp:featuredmedia":[{"embeddable":true,"href":"https:\/\/diarioparanaense.com\/index.php?rest_route=\/wp\/v2\/media\/4467"}],"wp:attachment":[{"href":"https:\/\/diarioparanaense.com\/index.php?rest_route=%2Fwp%2Fv2%2Fmedia&parent=4466"}],"wp:term":[{"taxonomy":"category","embeddable":true,"href":"https:\/\/diarioparanaense.com\/index.php?rest_route=%2Fwp%2Fv2%2Fcategories&post=4466"},{"taxonomy":"post_tag","embeddable":true,"href":"https:\/\/diarioparanaense.com\/index.php?rest_route=%2Fwp%2Fv2%2Ftags&post=4466"}],"curies":[{"name":"wp","href":"https:\/\/api.w.org\/{rel}","templated":true}]}}