{"id":4461,"date":"2025-06-05T11:16:36","date_gmt":"2025-06-05T14:16:36","guid":{"rendered":"https:\/\/diarioparanaense.com\/?p=4461"},"modified":"2025-06-05T11:16:37","modified_gmt":"2025-06-05T14:16:37","slug":"dia-mundial-do-meio-ambiente-investir-em-sustentabilidade-no-setor-privado-e-um-bom-negocio","status":"publish","type":"post","link":"https:\/\/diarioparanaense.com\/?p=4461","title":{"rendered":"Dia Mundial do Meio Ambiente: Investir em sustentabilidade no setor privado \u00e9 um bom neg\u00f3cio"},"content":{"rendered":"\n<p class=\"has-medium-font-size\">Envolvimento de empresas \u00e9 forte aliado do desenvolvimento sustent\u00e1vel e causas ambientais<\/p>\n\n\n\n<p>O Dia Mundial do Meio Ambiente, comemorado anualmente em 5 de junho, foi institu\u00eddo durante a Confer\u00eancia das Na\u00e7\u00f5es Unidas (ONU) sobre o Meio Ambiente Humano, em Estocolmo, na Su\u00e9cia, em 1972. Durante a confer\u00eancia foram elaborados 26 princ\u00edpios como, por exemplo, a conscientiza\u00e7\u00e3o, mobiliza\u00e7\u00e3o e responsabilidade global, que formaram um manifesto ambiental.<\/p>\n\n\n\n<p>A atua\u00e7\u00e3o das empresas privadas na conserva\u00e7\u00e3o ambiental \u00e9 um tema cada vez mais relevante e necess\u00e1rio. Por muito tempo, a responsabilidade pela prote\u00e7\u00e3o do meio ambiente foi vista como algo exclusivo de governos e ONGs. No entanto, o cen\u00e1rio atual mostra que a participa\u00e7\u00e3o do setor privado \u00e9 crucial para enfrentar os desafios ambientais complexos dos dias atuais.<\/p>\n\n\n\n<p>Birgit Marsili, propriet\u00e1ria da Lavoutique Lavanderia &amp; Costura, empresa signat\u00e1ria dos ODS da ONU, garante que qualquer empresa, independente do porte, pode fazer sua parte em prol do meio ambiente. \u201cH\u00e1 alguns anos, quando conheci a agenda 2030 do Pacto Global da ONU, percebi que j\u00e1 pratic\u00e1vamos v\u00e1rias a\u00e7\u00f5es e fui em busca de informa\u00e7\u00f5es para entender o que mais poder\u00edamos implantar na Lavoutique. As pessoas acreditam que s\u00f3 grandes empresas precisam ou t\u00eam essa obriga\u00e7\u00e3o com o meio ambiente, mas qualquer empresa pode impactar positivamente a sociedade com pr\u00e1ticas sustent\u00e1veis e objetivos de desenvolvimento ambiental. Pequenas a\u00e7\u00f5es, como separa\u00e7\u00e3o correta do lixo, retorno de embalagens, campanhas de incentivo e at\u00e9 mesmo a escolha de produtos utilizados pela empresa, s\u00e3o importantes para o ecossistema\u201d, conta a empres\u00e1ria.<\/p>\n\n\n\n<p class=\"has-medium-font-size\">Desafios e Oportunidades<\/p>\n\n\n\n<p>Apesar dos avan\u00e7os, ainda existem desafios para a participa\u00e7\u00e3o plena das empresas na conserva\u00e7\u00e3o, como a necessidade de investimentos iniciais e a dificuldade em mensurar o retorno de algumas a\u00e7\u00f5es. No entanto, as oportunidades superam esses obst\u00e1culos.<\/p>\n\n\n\n<p>\u201cInvestir em ferramentas sustent\u00e1veis \u00e9 um bom neg\u00f3cio, n\u00e3o necessitando de grandes quantias para come\u00e7ar. Atualmente, as empresas t\u00eam um olhar diferente para essas quest\u00f5es. Sustentabilidade \u00e9 oportunidade, pois coloco a minha empresa num outro patamar. Os clientes tamb\u00e9m se preocupam com as quest\u00f5es ambientais, o que acaba gerando novos neg\u00f3cios e revertendo o investimento inicial\u201d, afirma Birgit.<\/p>\n\n\n\n<p>Muitas empresas possuem recursos financeiros, tecnol\u00f3gicos e humanos que podem ser direcionados para a\u00e7\u00f5es de conserva\u00e7\u00e3o. Al\u00e9m disso, elas t\u00eam uma capacidade de inova\u00e7\u00e3o que muitas vezes supera a de outras institui\u00e7\u00f5es, o que \u00e9 fundamental para desenvolver solu\u00e7\u00f5es sustent\u00e1veis.<\/p>\n\n\n\n<p>\u201cAl\u00e9m de utilizarmos equipamento com tecnologia de ponta, que reduz o consumo de \u00e1gua, 80% da energia utilizada na Lavoutique \u00e9 oriunda do sol. J\u00e1 usamos cabides biodegrad\u00e1veis, feitos de cana-de-a\u00e7\u00facar, e traremos uma op\u00e7\u00e3o maior e mais resistente ainda este ano. Al\u00e9m disso, teremos ponto de coleta de pl\u00e1stico. Uma empresa certificada far\u00e1 a coleta desse material para que seja devidamente reaproveitado, retirando o lixo do meio ambiente\u201d, relata Birgit.<\/p>\n\n\n\n<p>Atrav\u00e9s de suas iniciativas de responsabilidade social corporativa, muitas empresas promovem a conscientiza\u00e7\u00e3o ambiental entre seus funcion\u00e1rios, clientes e a comunidade em geral. \u201cConforme implantamos novos servi\u00e7os e produtos, apresentamos aos nossos colaboradores de uma forma que todos entendam o que \u00e9 e o motivo de estarmos fazendo. Assim, conseguimos fazer com que entendam a import\u00e2ncia e usem os materiais de forma respons\u00e1vel, levando, muitas vezes, para dentro de suas casas algumas pr\u00e1ticas que existem aqui e, dessa forma, disseminamos responsabilidade social e sustent\u00e1vel\u201d, finaliza a empres\u00e1ria.<\/p>\n\n\n\n<p>Al\u00e9m de importantes para a economia, as empresas privadas s\u00e3o parceiros fundamentais na busca por um futuro mais sustent\u00e1vel. Sua capacidade de inovar, investir e influenciar pode acelerar significativamente a transi\u00e7\u00e3o para uma economia de baixo carbono e a prote\u00e7\u00e3o dos&nbsp;ecossistemas.<\/p>\n","protected":false},"excerpt":{"rendered":"<p>Envolvimento de empresas \u00e9 forte aliado do desenvolvimento sustent\u00e1vel e causas ambientais O Dia Mundial do Meio Ambiente, comemorado anualmente em 5 de junho, foi institu\u00eddo durante a Confer\u00eancia das Na\u00e7\u00f5es Unidas (ONU) sobre o Meio Ambiente Humano, em Estocolmo, na Su\u00e9cia, em 1972. Durante a confer\u00eancia foram elaborados 26 princ\u00edpios como, por exemplo, a [&hellip;]<\/p>\n","protected":false},"author":1,"featured_media":4462,"comment_status":"open","ping_status":"open","sticky":false,"template":"","format":"standard","meta":{"footnotes":""},"categories":[29,327],"tags":[],"class_list":["post-4461","post","type-post","status-publish","format-standard","has-post-thumbnail","hentry","category-artigos","category-meio-ambiente"],"_links":{"self":[{"href":"https:\/\/diarioparanaense.com\/index.php?rest_route=\/wp\/v2\/posts\/4461","targetHints":{"allow":["GET"]}}],"collection":[{"href":"https:\/\/diarioparanaense.com\/index.php?rest_route=\/wp\/v2\/posts"}],"about":[{"href":"https:\/\/diarioparanaense.com\/index.php?rest_route=\/wp\/v2\/types\/post"}],"author":[{"embeddable":true,"href":"https:\/\/diarioparanaense.com\/index.php?rest_route=\/wp\/v2\/users\/1"}],"replies":[{"embeddable":true,"href":"https:\/\/diarioparanaense.com\/index.php?rest_route=%2Fwp%2Fv2%2Fcomments&post=4461"}],"version-history":[{"count":1,"href":"https:\/\/diarioparanaense.com\/index.php?rest_route=\/wp\/v2\/posts\/4461\/revisions"}],"predecessor-version":[{"id":4463,"href":"https:\/\/diarioparanaense.com\/index.php?rest_route=\/wp\/v2\/posts\/4461\/revisions\/4463"}],"wp:featuredmedia":[{"embeddable":true,"href":"https:\/\/diarioparanaense.com\/index.php?rest_route=\/wp\/v2\/media\/4462"}],"wp:attachment":[{"href":"https:\/\/diarioparanaense.com\/index.php?rest_route=%2Fwp%2Fv2%2Fmedia&parent=4461"}],"wp:term":[{"taxonomy":"category","embeddable":true,"href":"https:\/\/diarioparanaense.com\/index.php?rest_route=%2Fwp%2Fv2%2Fcategories&post=4461"},{"taxonomy":"post_tag","embeddable":true,"href":"https:\/\/diarioparanaense.com\/index.php?rest_route=%2Fwp%2Fv2%2Ftags&post=4461"}],"curies":[{"name":"wp","href":"https:\/\/api.w.org\/{rel}","templated":true}]}}