{"id":4458,"date":"2025-06-04T10:12:02","date_gmt":"2025-06-04T13:12:02","guid":{"rendered":"https:\/\/diarioparanaense.com\/?p=4458"},"modified":"2025-06-04T10:12:03","modified_gmt":"2025-06-04T13:12:03","slug":"bem-estar-como-moradia-galmo-inaugura-decorado-torreblanca-na-gleba-palhano-polo-de-qualidade-de-vida-em-londrina","status":"publish","type":"post","link":"https:\/\/diarioparanaense.com\/?p=4458","title":{"rendered":"Bem-estar como moradia: Galmo inaugura decorado TorreBlanca na Gleba Palhano, polo de qualidade de vida em Londrina"},"content":{"rendered":"\n<p class=\"has-medium-font-size\">Empreendimento de alto padr\u00e3o prioriza sa\u00fade, conforto e sofistica\u00e7\u00e3o em projeto que simboliza a nova fase da cidade<\/p>\n\n\n\n<p>Com crescimento anual m\u00e9dio de 18,1%, o segmento de im\u00f3veis voltados ao bem-estar movimentou aproximadamente US$ 438 bilh\u00f5es em 2023, segundo o Global Wellness Institute, e a proje\u00e7\u00e3o \u00e9 que ultrapasse US$ 913 bilh\u00f5es at\u00e9 2028. Em sintonia com a tend\u00eancia global do wellness no mercado imobili\u00e1rio \u2014 que valoriza moradias pensadas para o bem-estar f\u00edsico, mental e emocional \u2014 a Galmo abre as portas do apartamento decorado do TorreBlanca, um residencial em obras localizado no cora\u00e7\u00e3o da Gleba Palhano, em Londrina (PR).<\/p>\n\n\n\n<p>Assinado pela arquiteta Larissa Galindo, o espa\u00e7o foi cuidadosamente projetado para transmitir os valores do empreendimento: fluidez, luminosidade, acolhimento e qualidade de vida em cada ambiente. O decorado estar\u00e1 aberto para visita\u00e7\u00e3o a partir de s\u00e1bado (31) na pr\u00f3pria torre, localizada na Av. Ernani Lacerda de Athayde, 655, a uma quadra do Aurora Shopping.<\/p>\n\n\n\n<p>\u201cIdealizamos o TorreBlanca como uma verdadeira casa suspensa, um espa\u00e7o onde o ato de morar vai al\u00e9m da fun\u00e7\u00e3o pr\u00e1tica e se transforma em uma experi\u00eancia sensorial e afetiva. O projeto decorado expressa essa proposta, ao reunir de forma cuidadosa elementos que privilegiam a integra\u00e7\u00e3o visual entre os ambientes, o uso de materiais naturais que trazem acolhimento e aconchego, al\u00e9m de solu\u00e7\u00f5es arquitet\u00f4nicas pensadas para favorecer o equil\u00edbrio entre corpo, mente e ambiente, criando uma atmosfera de bem-estar e conex\u00e3o com a natureza\u201d, destaca Larissa Galindo.<\/p>\n\n\n\n<p>Com 225 m\u00b2 privativos por unidade, os apartamentos oferecem 4 dormit\u00f3rios (ou 3 su\u00edtes com home office), tr\u00eas vagas de garagem soltas e um living com p\u00e9-direito duplo, que valoriza a luz natural e refor\u00e7a a sensa\u00e7\u00e3o de amplitude. A arquitetura privilegia o conforto sensorial e a biofilia, conceito que integra a natureza aos ambientes constru\u00eddos. J\u00e1 a infraestrutura contempla diferenciais como infra para carros el\u00e9tricos, piscina coberta com raia de 25 metros, espa\u00e7o fitness completo e \u00e1reas verdes de contempla\u00e7\u00e3o. O projeto tamb\u00e9m inclui quadra de squash, brinquedoteca, pet garden e espa\u00e7os gourmet com piscina privativa, al\u00e9m de seguran\u00e7a refor\u00e7ada com guarita blindada e controle de acesso biom\u00e9trico.<\/p>\n\n\n\n<p>Al\u00e9m de oferecer uma rotina pr\u00e1tica, gra\u00e7as \u00e0 localiza\u00e7\u00e3o estrat\u00e9gica na Gleba Palhano, o TorreBlanca est\u00e1 a poucos minutos do Lago Igap\u00f3, ponto de encontro de quem busca atividades ao ar livre e conex\u00e3o com a natureza. Segundo Fern\u00e3o Galindo, presidente da Galmo, essa proximidade foi uma das premissas do projeto:<\/p>\n\n\n\n<p>\u201cA nova gera\u00e7\u00e3o de moradores busca mais do que localiza\u00e7\u00e3o e metragem: procura qualidade de vida. O TorreBlanca nasce com esse DNA. Ele prop\u00f5e uma moradia centrada no bem-estar, conectada ao verde e \u00e0 cidade, sem abrir m\u00e3o da sofistica\u00e7\u00e3o e da funcionalidade\u201d, afirma o executivo.<\/p>\n\n\n\n<p>Com entrega prevista para o in\u00edcio do segundo semestre de 2026, o TorreBlanca tem despertado forte interesse no mercado. Para a Galmo, o empreendimento representa n\u00e3o apenas uma resposta \u00e0 crescente demanda por im\u00f3veis de alto padr\u00e3o, mas tamb\u00e9m uma contribui\u00e7\u00e3o simb\u00f3lica ao novo perfil urbano de Londrina, mais sustent\u00e1vel, consciente e humano.<\/p>\n\n\n\n<p class=\"has-medium-font-size\">Uma cidade em constante desenvolvimento<\/p>\n\n\n\n<p>Nos \u00faltimos anos, Londrina vem se firmando como uma das cidades mais promissoras do Sul do Brasil. Situada no norte do Paran\u00e1, a cidade combina infraestrutura urbana moderna, \u00e1reas verdes planejadas e qualidade de vida, uma f\u00f3rmula que tem atra\u00eddo moradores de diversas regi\u00f5es do pa\u00eds, incluindo capitais como S\u00e3o Paulo e Curitiba. N\u00e3o \u00e0 toa, dados recentes do IBGE mostram que Londrina ultrapassou os 555 mil habitantes, um crescimento populacional de quase 10% em rela\u00e7\u00e3o ao \u00faltimo censo, superando a m\u00e9dia nacional. Ao mesmo tempo, desponta como a 7\u00aa cidade que mais cresce profissionalmente no Paran\u00e1.<\/p>\n\n\n\n<p>Os dados impressionam, mas n\u00e3o surpreendem: quem conhece Londrina sabe que ela oferece aquilo que falta nos grandes centros, uma combina\u00e7\u00e3o rara de localiza\u00e7\u00e3o estrat\u00e9gica, oferta de servi\u00e7os de excel\u00eancia, ambiente de inova\u00e7\u00e3o e, principalmente, bairros que se destacam por oferecer um estilo de vida completo. \u00c9 o caso da Gleba Palhano, regi\u00e3o que transformou a paisagem urbana de Londrina ao reunir o que h\u00e1 de mais atual em moradia, lazer, gastronomia e bem-estar. Com shoppings, supermercados, cl\u00ednicas, escolas e \u00e1reas verdes, a Gleba \u00e9 hoje s\u00edmbolo da nova Londrina: verticalizada, conectada, sofisticada e com ampla oferta de servi\u00e7os, lazer e conveni\u00eancia.<\/p>\n\n\n\n<p class=\"has-medium-font-size\">Sobre a Galmo<\/p>\n\n\n\n<p>Com sede em Londrina (PR) e 46 anos de atua\u00e7\u00e3o, a Galmo \u00e9 refer\u00eancia no desenvolvimento de empreendimentos de alto padr\u00e3o, tanto residenciais quanto corporativos. A incorporadora se destaca pela arquitetura autoral, excel\u00eancia nos acabamentos, qualidade construtiva e pela escolha criteriosa de terrenos nas regi\u00f5es mais valorizadas da cidade. Seu compromisso vai al\u00e9m da constru\u00e7\u00e3o: busca oferecer experi\u00eancias \u00fanicas de moradia e investimento, sempre aliando inova\u00e7\u00e3o, conforto t\u00e9rmico e ac\u00fastico, durabilidade e efici\u00eancia. A Galmo \u00e9 reconhecida como o principal desenvolvedor de edif\u00edcios comerciais de Londrina e se mant\u00e9m atualizada com as melhores tecnologias e solu\u00e7\u00f5es construtivas do mercado, refor\u00e7ando sua posi\u00e7\u00e3o como sin\u00f4nimo de qualidade, credibilidade e valoriza\u00e7\u00e3o patrimonial no setor imobili\u00e1rio&nbsp;local.<\/p>\n","protected":false},"excerpt":{"rendered":"<p>Empreendimento de alto padr\u00e3o prioriza sa\u00fade, conforto e sofistica\u00e7\u00e3o em projeto que simboliza a nova fase da cidade Com crescimento anual m\u00e9dio de 18,1%, o segmento de im\u00f3veis voltados ao bem-estar movimentou aproximadamente US$ 438 bilh\u00f5es em 2023, segundo o Global Wellness Institute, e a proje\u00e7\u00e3o \u00e9 que ultrapasse US$ 913 bilh\u00f5es at\u00e9 2028. Em [&hellip;]<\/p>\n","protected":false},"author":1,"featured_media":4459,"comment_status":"open","ping_status":"open","sticky":false,"template":"","format":"standard","meta":{"footnotes":""},"categories":[29],"tags":[],"class_list":["post-4458","post","type-post","status-publish","format-standard","has-post-thumbnail","hentry","category-artigos"],"_links":{"self":[{"href":"https:\/\/diarioparanaense.com\/index.php?rest_route=\/wp\/v2\/posts\/4458","targetHints":{"allow":["GET"]}}],"collection":[{"href":"https:\/\/diarioparanaense.com\/index.php?rest_route=\/wp\/v2\/posts"}],"about":[{"href":"https:\/\/diarioparanaense.com\/index.php?rest_route=\/wp\/v2\/types\/post"}],"author":[{"embeddable":true,"href":"https:\/\/diarioparanaense.com\/index.php?rest_route=\/wp\/v2\/users\/1"}],"replies":[{"embeddable":true,"href":"https:\/\/diarioparanaense.com\/index.php?rest_route=%2Fwp%2Fv2%2Fcomments&post=4458"}],"version-history":[{"count":1,"href":"https:\/\/diarioparanaense.com\/index.php?rest_route=\/wp\/v2\/posts\/4458\/revisions"}],"predecessor-version":[{"id":4460,"href":"https:\/\/diarioparanaense.com\/index.php?rest_route=\/wp\/v2\/posts\/4458\/revisions\/4460"}],"wp:featuredmedia":[{"embeddable":true,"href":"https:\/\/diarioparanaense.com\/index.php?rest_route=\/wp\/v2\/media\/4459"}],"wp:attachment":[{"href":"https:\/\/diarioparanaense.com\/index.php?rest_route=%2Fwp%2Fv2%2Fmedia&parent=4458"}],"wp:term":[{"taxonomy":"category","embeddable":true,"href":"https:\/\/diarioparanaense.com\/index.php?rest_route=%2Fwp%2Fv2%2Fcategories&post=4458"},{"taxonomy":"post_tag","embeddable":true,"href":"https:\/\/diarioparanaense.com\/index.php?rest_route=%2Fwp%2Fv2%2Ftags&post=4458"}],"curies":[{"name":"wp","href":"https:\/\/api.w.org\/{rel}","templated":true}]}}