{"id":4450,"date":"2025-06-03T14:33:21","date_gmt":"2025-06-03T17:33:21","guid":{"rendered":"https:\/\/diarioparanaense.com\/?p=4450"},"modified":"2025-06-03T14:33:22","modified_gmt":"2025-06-03T17:33:22","slug":"deville-curitiba-oferece-jantar-especial-com-hospedagem-para-o-dia-dos-namorados","status":"publish","type":"post","link":"https:\/\/diarioparanaense.com\/?p=4450","title":{"rendered":"Deville Curitiba oferece jantar especial com hospedagem para o Dia dos Namorados"},"content":{"rendered":"\n<p><strong><em>Pacote inclui pernoite, ambienta\u00e7\u00e3o rom\u00e2ntica e menu exclusivo assinado pelo chef Hilton Ant\u00f4nio da Silva<\/em><\/strong><\/p>\n\n\n\n<p>Para celebrar o Dia dos Namorados de 2025, o&nbsp;<strong>Hotel Deville Curitiba<\/strong>&nbsp;preparou uma experi\u00eancia pensada para casais que desejam viver a data com tranquilidade, sabor e aten\u00e7\u00e3o aos detalhes. Dispon\u00edvel entre os dias&nbsp;<strong>12 e 13 de junho<\/strong>, o pacote inclui&nbsp;<strong>hospedagem, jantar completo e decora\u00e7\u00e3o tem\u00e1tica no apartamento<\/strong>, criando um ambiente prop\u00edcio para desacelerar e aproveitar o tempo a dois.<\/p>\n\n\n\n<p>Entre os destaques, flores naturais, roup\u00f5es dispon\u00edveis para uso durante a estadia, morangos com ganache e espumante. \u201cMais do que um momento pontual, quer\u00edamos criar uma experi\u00eancia que convidasse o casal a se reconectar. Um tempo de pausa em meio \u00e0 rotina, com conforto e delicadeza. O Deville sempre foi um espa\u00e7o de boas hist\u00f3rias e nesta data, queremos que ele seja tamb\u00e9m um espa\u00e7o de afeto\u201d, afirma&nbsp;<strong>Jefferson Vidal<\/strong>, gerente geral do Deville Curitiba.<\/p>\n\n\n\n<p>Segundo uma pesquisa da Ecglobal,&nbsp;<strong>70% dos casais brasileiros preferem celebrar o Dia dos Namorados com um jantar em restaurante<\/strong>. Em Curitiba, o clima de romantismo tamb\u00e9m movimenta a cena gastron\u00f4mica. Segundo levantamento da Abrasel-PR, 68% dos bares e restaurantes do Estado previam aumento de faturamento no Dia dos Namorados de 2024, e a Abrabar destacou a criatividade dos estabelecimentos locais ao propor experi\u00eancias exclusivas para a data. Essa busca crescente por ambientes que combinem boa gastronomia, conforto e cuidado nos detalhes refor\u00e7a a proposta do Deville Curitiba: transformar o jantar e a hospedagem em um momento especial a dois.<\/p>\n\n\n\n<p><strong>Gastronomia como express\u00e3o de carinho<\/strong><\/p>\n\n\n\n<p>O jantar ser\u00e1 servido no restaurante do hotel, das&nbsp;<strong>20h \u00e0s 23h30<\/strong>, e poder\u00e1 ser adquirido tamb\u00e9m de forma avulsa, mediante disponibilidade, no valor de&nbsp;<strong>R$ 180,00 por pessoa + 10% de taxa de servi\u00e7o<\/strong>, com vendas na recep\u00e7\u00e3o, Central de Reservas, pelo site&nbsp;<a href=\"http:\/\/www.deville.com.br\/\" target=\"_blank\" rel=\"noreferrer noopener\">www.deville.com.br<\/a>. \u201cCozinhar em uma data como o Dia dos Namorados \u00e9, para mim, traduzir emo\u00e7\u00f5es em texturas, aromas e sabores. Pensamos em um menu que respeita os ingredientes e, ao mesmo tempo, cria uma mem\u00f3ria afetiva. Porque, no fim, comer bem tamb\u00e9m \u00e9 uma forma de celebrar a vida a dois\u201d, destaca o chef&nbsp;<strong>Hilton Ant\u00f4nio da Silva<\/strong>, respons\u00e1vel pela cozinha do Deville Curitiba.<\/p>\n\n\n\n<p>O menu, exclusivo para a ocasi\u00e3o, ser\u00e1 composto por&nbsp;<strong>entrada fria, entrada quente, prato principal (com op\u00e7\u00f5es \u00e0 escolha) e sobremesa<\/strong>, al\u00e9m de um&nbsp;<strong>welcome drink<\/strong>&nbsp;(ta\u00e7a de espumante por pessoa). Entre os destaques do card\u00e1pio est\u00e3o:<\/p>\n\n\n\n<p>\u00b7&nbsp;&nbsp;&nbsp;&nbsp;&nbsp;&nbsp;&nbsp;&nbsp;&nbsp;<strong>Entradas:<\/strong>&nbsp;Phyllo com brie, mel e castanhas; Creme de cenoura com presunto de parma e crostini<\/p>\n\n\n\n<p>\u00b7&nbsp;&nbsp;&nbsp;&nbsp;&nbsp;&nbsp;&nbsp;&nbsp;&nbsp;<strong>Pratos principais:<\/strong>&nbsp;Entrec\u00f4te \u00e0 l\u2019ancienne; Salm\u00e3o em crosta de pistache com camar\u00f5es grelhados; Shitake recheado com tofu e aspargos grelhados (op\u00e7\u00e3o vegetariana)<\/p>\n\n\n\n<p>\u00b7&nbsp;&nbsp;&nbsp;&nbsp;&nbsp;&nbsp;&nbsp;&nbsp;&nbsp;<strong>Sobremesas:<\/strong>&nbsp;Entremet de morango e chocolate; Sorbet de lim\u00e3o siciliano com frutas vermelhas<\/p>\n\n\n\n<p><strong>SERVI\u00c7O \u2013 Pacote Dia dos Namorados | Hotel Deville Curitiba<\/strong><br>Rua Comendador Ara\u00fajo, 99 \u2013 Centro \u2013 Curitiba (PR)<br>Per\u00edodo: 12 a 13 de junho de 2025<br>Vendas: at\u00e9 10\/06\/2025 |&nbsp;<a href=\"http:\/\/www.deville.com.br\/\" target=\"_blank\" rel=\"noreferrer noopener\">www.deville.com.br<\/a>,&nbsp;na recep\u00e7\u00e3o ou Central de Reservas.<\/p>\n\n\n\n<p><br><strong>Informa\u00e7\u00f5es e reservas:<a><\/a><\/strong><\/p>\n\n\n\n<p>\u00b7&nbsp;&nbsp;&nbsp;&nbsp;&nbsp;&nbsp;&nbsp;&nbsp;&nbsp;E-mail:&nbsp;<a href=\"mailto:reservas.ctr@deville.com.br\" target=\"_blank\" rel=\"noreferrer noopener\">reservas.ctr@deville.com.br<\/a><\/p>\n\n\n\n<p>\u00b7&nbsp;&nbsp;&nbsp;&nbsp;&nbsp;&nbsp;&nbsp;&nbsp;&nbsp;Tel: 0800 703 1866<\/p>\n\n\n\n<p>\u00b7&nbsp;&nbsp;&nbsp;&nbsp;&nbsp;&nbsp;&nbsp;&nbsp;&nbsp;WhatsApp: (41) 3219-4004<\/p>\n\n\n\n<p>*Consulte condi\u00e7\u00f5es diretamente com a unidade.<\/p>\n\n\n\n<p><strong>Sobre o Deville Curitiba<\/strong><\/p>\n\n\n\n<p>No cora\u00e7\u00e3o de Curitiba, o Deville Curitiba \u00e9 a escolha ideal para quem busca conforto e praticidade. Pr\u00f3ximo \u00e0 Rua das Flores, Rua 24 Horas, Pra\u00e7a Rui Barbosa e Pra\u00e7a Os\u00f3rio, est\u00e1 a poucos minutos do centro financeiro da cidade. Al\u00e9m disso, fica a 18 km do Aeroporto Internacional Afonso Pena e a 3 km da Rodoferrovi\u00e1ria, garantindo f\u00e1cil acesso para quem vem a neg\u00f3cios ou lazer.<\/p>\n\n\n\n<p>O hotel oferece uma experi\u00eancia completa, com restaurante, room service, Wi-Fi gratuito, academia 24 horas e servi\u00e7o de lavanderia. Para eventos e reuni\u00f5es, conta com cinco espa\u00e7os modernos, que comportam at\u00e9 240 pessoas, sempre com o suporte de uma equipe especializada.<\/p>\n\n\n\n<p>Al\u00e9m de toda a estrutura, o Deville Curitiba \u00e9 um hotel pet amigo, 100% n\u00e3o fumante e possui acomoda\u00e7\u00f5es adaptadas para pessoas com defici\u00eancia (PcD), proporcionando mais conforto e acessibilidade para todos.<\/p>\n\n\n\n<p><strong>Sobre a Rede Deville<\/strong><\/p>\n\n\n\n<p>A&nbsp;<strong>Rede Deville<\/strong>&nbsp;\u00e9 um dos mais tradicionais grupos hoteleiros do Brasil, com mais de 50 anos de hist\u00f3ria. O grupo, al\u00e9m de propriet\u00e1rio, administra suas unidades e abrange as marcas&nbsp;<strong>Deville Prime, Deville Express<\/strong>&nbsp;e a franquia&nbsp;<strong>Marriott S\u00e3o Paulo Airport<\/strong>, primeira franqueada da&nbsp;<strong>Marriott International<\/strong>&nbsp;na Am\u00e9rica do Sul.<\/p>\n\n\n\n<p>Em constante expans\u00e3o, a rede se prepara para a inaugura\u00e7\u00e3o de mais uma bandeira&nbsp;<strong>Marriott&nbsp;<\/strong>em 2025, o novo&nbsp;<strong>The Westin S\u00e3o Paulo.<\/strong><\/p>\n\n\n\n<p>Atualmente, a&nbsp;<strong>Rede Deville<\/strong>&nbsp;est\u00e1 presente em&nbsp;<strong>10 destinos<\/strong>, com cerca de&nbsp;<strong>1.700 acomoda\u00e7\u00f5es<\/strong>&nbsp;e mais de&nbsp;<strong>1.200 colaboradores<\/strong>.<\/p>\n\n\n\n<p>Com o compromisso de atendimento de qualidade e hospitalidade de excel\u00eancia, reafirmam sua posi\u00e7\u00e3o como um dos mais respeitados nomes da hotelaria no pa\u00eds.<\/p>\n\n\n\n<p>Para mais informa\u00e7\u00f5es sobre os hot\u00e9is, acesse&nbsp;<a href=\"http:\/\/www.deville.com.br\/\" target=\"_blank\" rel=\"noreferrer noopener\">www.deville.com.br<\/a>&nbsp;e siga&nbsp;<strong>@hoteisdeville<\/strong>&nbsp;nas redes sociais.<\/p>\n","protected":false},"excerpt":{"rendered":"<p>Pacote inclui pernoite, ambienta\u00e7\u00e3o rom\u00e2ntica e menu exclusivo assinado pelo chef Hilton Ant\u00f4nio da Silva Para celebrar o Dia dos Namorados de 2025, o&nbsp;Hotel Deville Curitiba&nbsp;preparou uma experi\u00eancia pensada para casais que desejam viver a data com tranquilidade, sabor e aten\u00e7\u00e3o aos detalhes. Dispon\u00edvel entre os dias&nbsp;12 e 13 de junho, o pacote inclui&nbsp;hospedagem, jantar [&hellip;]<\/p>\n","protected":false},"author":1,"featured_media":4451,"comment_status":"open","ping_status":"open","sticky":false,"template":"","format":"standard","meta":{"footnotes":""},"categories":[424,338],"tags":[],"class_list":["post-4450","post","type-post","status-publish","format-standard","has-post-thumbnail","hentry","category-curitiba","category-gastronomia"],"_links":{"self":[{"href":"https:\/\/diarioparanaense.com\/index.php?rest_route=\/wp\/v2\/posts\/4450","targetHints":{"allow":["GET"]}}],"collection":[{"href":"https:\/\/diarioparanaense.com\/index.php?rest_route=\/wp\/v2\/posts"}],"about":[{"href":"https:\/\/diarioparanaense.com\/index.php?rest_route=\/wp\/v2\/types\/post"}],"author":[{"embeddable":true,"href":"https:\/\/diarioparanaense.com\/index.php?rest_route=\/wp\/v2\/users\/1"}],"replies":[{"embeddable":true,"href":"https:\/\/diarioparanaense.com\/index.php?rest_route=%2Fwp%2Fv2%2Fcomments&post=4450"}],"version-history":[{"count":1,"href":"https:\/\/diarioparanaense.com\/index.php?rest_route=\/wp\/v2\/posts\/4450\/revisions"}],"predecessor-version":[{"id":4452,"href":"https:\/\/diarioparanaense.com\/index.php?rest_route=\/wp\/v2\/posts\/4450\/revisions\/4452"}],"wp:featuredmedia":[{"embeddable":true,"href":"https:\/\/diarioparanaense.com\/index.php?rest_route=\/wp\/v2\/media\/4451"}],"wp:attachment":[{"href":"https:\/\/diarioparanaense.com\/index.php?rest_route=%2Fwp%2Fv2%2Fmedia&parent=4450"}],"wp:term":[{"taxonomy":"category","embeddable":true,"href":"https:\/\/diarioparanaense.com\/index.php?rest_route=%2Fwp%2Fv2%2Fcategories&post=4450"},{"taxonomy":"post_tag","embeddable":true,"href":"https:\/\/diarioparanaense.com\/index.php?rest_route=%2Fwp%2Fv2%2Ftags&post=4450"}],"curies":[{"name":"wp","href":"https:\/\/api.w.org\/{rel}","templated":true}]}}