{"id":4440,"date":"2025-05-30T12:54:20","date_gmt":"2025-05-30T15:54:20","guid":{"rendered":"https:\/\/diarioparanaense.com\/?p=4440"},"modified":"2025-05-30T12:54:20","modified_gmt":"2025-05-30T15:54:20","slug":"xote-destino-novo-single-de-mariana-aydar-2025","status":"publish","type":"post","link":"https:\/\/diarioparanaense.com\/?p=4440","title":{"rendered":"&#8220;Xote Destino&#8221;, novo single de Mariana Aydar (2025)"},"content":{"rendered":"\n<p><strong>Ou\u00e7a aqui &#8220;Xote Destino&#8221;:<\/strong><\/p>\n\n\n\n<p><a href=\"https:\/\/orcd.co\/xotedestino\">https:\/\/orcd.co\/xotedestino<\/a><\/p>\n\n\n\n<p>O destino \u00e9 um caminho esculpido pelo tempo. Pe\u00e7a por pe\u00e7a, tudo vai se encaixando, ganhando forma, revelando sentido. Xote Destino, novo single de Mariana Aydar, lan\u00e7a um olhar sobre essa travessia pessoal da cantora e sobre seu entrela\u00e7amento profundo com o forr\u00f3 e a m\u00fasica nordestina.<\/p>\n\n\n\n<p>\u201cE todo destino \u00e9 s\u00f3 seu<\/p>\n\n\n\n<p>Foi um presente que ele me deu<\/p>\n\n\n\n<p>A boneca de crian\u00e7a<\/p>\n\n\n\n<p>O gosto da zabumba\u201d<\/p>\n\n\n\n<p>Aos 8 anos de idade, Mariana recebeu uma boneca das m\u00e3os de Luiz Gonzaga, um brinquedo singelo que, com o tempo, ganharia for\u00e7a simb\u00f3lica. Guardada como um amuleto, o presente parecia conter dentro de si um universo inteiro da m\u00fasica nordestina. Ao longo dos anos, Mariana trilhou caminhos diversos dentro da m\u00fasica brasileira, transitando pela MPB e pelo pop, mas a conex\u00e3o com o forr\u00f3 nunca se perdeu, ao contr\u00e1rio, foi se aprofundando de forma espont\u00e2nea, at\u00e9 se firmar como voca\u00e7\u00e3o e destino.<\/p>\n\n\n\n<p>Xote Destino abre os caminhos para as festas juninas e j\u00e1 est\u00e1 dispon\u00edvel nas plataformas digitais. A can\u00e7\u00e3o mistura o pop e a tradi\u00e7\u00e3o ao unir sintetizadores e guitarra ao power trio cl\u00e1ssico do forr\u00f3: sanfona, zabumba e tri\u00e2ngulo. A produ\u00e7\u00e3o musical \u00e9 assinada pela dupla pernambucana Barro e Guilherme Assis, e a composi\u00e7\u00e3o \u00e9 de Barro e Indy.<\/p>\n\n\n\n<p>O novo single reafirma a habilidade de Mariana Aydar em reinventar o forr\u00f3 com uma sonoridade contempor\u00e2nea, dan\u00e7ante e cativante. Sua interpreta\u00e7\u00e3o imprime personalidade ao g\u00eanero, mesclando a do\u00e7ura do xote rom\u00e2ntico com uma letra profunda e um arranjo pulsante.<\/p>\n\n\n\n<p>\u201cTri\u00e2ngulo ritmado<\/p>\n\n\n\n<p>Fazendo meu legado<\/p>\n\n\n\n<p>Chama todo mundo pra dan\u00e7ar\u201d<\/p>\n\n\n\n<p>A letra \u00e9 autorreferencial, evocando mem\u00f3rias marcantes e refor\u00e7ando o enraizamento de Mariana na tradi\u00e7\u00e3o do forr\u00f3. Essa liga\u00e7\u00e3o se expressa tamb\u00e9m em seus projetos audiovisuais, como o longa-document\u00e1rio Dominguinhos (2014) e o curta Di\u00f3 \u2013 O Diamante do Forr\u00f3 (2024), que homenageiam \u00edcones e hist\u00f3rias do g\u00eanero.<\/p>\n\n\n\n<p>\u201cE quando eu chego no Forrozin<\/p>\n\n\n\n<p>Eu tenho meu lugar pra ficar<\/p>\n\n\n\n<p>Dan\u00e7ando a gente acha um caminho<\/p>\n\n\n\n<p>Bom mesmo \u00e9 se amar\u201d<\/p>\n\n\n\n<p>O bloco de Mariana Aydar, Forrozin, tem sido um lugar potente de encontros, puxando um trio durante o carnaval e fazendo festa o ano todo pelo Brasil. Nos seus shows e nas suas viv\u00eancias, o Forr\u00f3 n\u00e3o \u00e9 s\u00f3 um lugar musical, mas tamb\u00e9m uma celebra\u00e7\u00e3o que envolve dan\u00e7a, entrega e encontros. O novo single \u00e9 uma afirma\u00e7\u00e3o dessa pot\u00eancia do forr\u00f3 como um ambiente de transforma\u00e7\u00e3o e conex\u00e3o entre as pessoas que v\u00e3o aos shows e transformam aquele momento com as suas intera\u00e7\u00f5es.<\/p>\n\n\n\n<p>O single ser\u00e1 lan\u00e7ado com um visualizer dirigido por Flora Negri, que tamb\u00e9m assina as fotos da capa e da divulga\u00e7\u00e3o. O projeto gr\u00e1fico \u00e9 de Mateus Alves. A produ\u00e7\u00e3o \u00e9 da Lfmaisc Produ\u00e7\u00f5es Art\u00edsticas e Brisa Records, com produ\u00e7\u00e3o executiva de La\u00eds Lira e distribui\u00e7\u00e3o pela Altafonte Brasil.<\/p>\n","protected":false},"excerpt":{"rendered":"<p>Ou\u00e7a aqui &#8220;Xote Destino&#8221;: https:\/\/orcd.co\/xotedestino O destino \u00e9 um caminho esculpido pelo tempo. Pe\u00e7a por pe\u00e7a, tudo vai se encaixando, ganhando forma, revelando sentido. Xote Destino, novo single de Mariana Aydar, lan\u00e7a um olhar sobre essa travessia pessoal da cantora e sobre seu entrela\u00e7amento profundo com o forr\u00f3 e a m\u00fasica nordestina. \u201cE todo destino [&hellip;]<\/p>\n","protected":false},"author":1,"featured_media":4442,"comment_status":"open","ping_status":"open","sticky":false,"template":"","format":"standard","meta":{"footnotes":""},"categories":[27],"tags":[],"class_list":["post-4440","post","type-post","status-publish","format-standard","has-post-thumbnail","hentry","category-musica"],"_links":{"self":[{"href":"https:\/\/diarioparanaense.com\/index.php?rest_route=\/wp\/v2\/posts\/4440","targetHints":{"allow":["GET"]}}],"collection":[{"href":"https:\/\/diarioparanaense.com\/index.php?rest_route=\/wp\/v2\/posts"}],"about":[{"href":"https:\/\/diarioparanaense.com\/index.php?rest_route=\/wp\/v2\/types\/post"}],"author":[{"embeddable":true,"href":"https:\/\/diarioparanaense.com\/index.php?rest_route=\/wp\/v2\/users\/1"}],"replies":[{"embeddable":true,"href":"https:\/\/diarioparanaense.com\/index.php?rest_route=%2Fwp%2Fv2%2Fcomments&post=4440"}],"version-history":[{"count":1,"href":"https:\/\/diarioparanaense.com\/index.php?rest_route=\/wp\/v2\/posts\/4440\/revisions"}],"predecessor-version":[{"id":4441,"href":"https:\/\/diarioparanaense.com\/index.php?rest_route=\/wp\/v2\/posts\/4440\/revisions\/4441"}],"wp:featuredmedia":[{"embeddable":true,"href":"https:\/\/diarioparanaense.com\/index.php?rest_route=\/wp\/v2\/media\/4442"}],"wp:attachment":[{"href":"https:\/\/diarioparanaense.com\/index.php?rest_route=%2Fwp%2Fv2%2Fmedia&parent=4440"}],"wp:term":[{"taxonomy":"category","embeddable":true,"href":"https:\/\/diarioparanaense.com\/index.php?rest_route=%2Fwp%2Fv2%2Fcategories&post=4440"},{"taxonomy":"post_tag","embeddable":true,"href":"https:\/\/diarioparanaense.com\/index.php?rest_route=%2Fwp%2Fv2%2Ftags&post=4440"}],"curies":[{"name":"wp","href":"https:\/\/api.w.org\/{rel}","templated":true}]}}