{"id":4437,"date":"2025-05-30T10:50:22","date_gmt":"2025-05-30T13:50:22","guid":{"rendered":"https:\/\/diarioparanaense.com\/?p=4437"},"modified":"2025-05-30T10:50:23","modified_gmt":"2025-05-30T13:50:23","slug":"o-equilibrio-do-corpo-e-da-mente-pode-estar-na-sua-orelha-2","status":"publish","type":"post","link":"https:\/\/diarioparanaense.com\/?p=4437","title":{"rendered":"O equil\u00edbrio do corpo e da mente pode estar na sua orelha"},"content":{"rendered":"\n<p>Em um mundo marcado por altos n\u00edveis de estresse, dist\u00farbios do sono, dores cr\u00f4nicas e desequil\u00edbrios emocionais, a busca por terapias que ofere\u00e7am al\u00edvio real est\u00e1 em ascens\u00e3o. \u00c9 nesse contexto que a auriculoterapia neurofisiol\u00f3gica ganha espa\u00e7o como uma abordagem moderna, eficaz e cientificamente fundamentada.<\/p>\n\n\n\n<p>Muito al\u00e9m de uma t\u00e9cnica milenar, a auriculoterapia encontra respaldo na neuroci\u00eancia para explicar sua a\u00e7\u00e3o direta sobre o sistema nervoso. Segundo o terapeuta Daniel Lemos, \u201co princ\u00edpio \u00e9 simples, mas poderoso: a orelha \u00e9 um microssistema que reflete todo o corpo humano, e a sua estimula\u00e7\u00e3o ativa conex\u00f5es neurais capazes de regular fun\u00e7\u00f5es f\u00edsicas e emocionais com precis\u00e3o\u201d. \u00c1reas espec\u00edficas da orelha est\u00e3o interligadas ao c\u00e9rebro por meio de nervos como o vago, o trig\u00eameo e o glossofar\u00edngeo. Quando um ponto auricular \u00e9 estimulado, impulsos s\u00e3o enviados ao sistema nervoso central, provocando rea\u00e7\u00f5es em regi\u00f5es respons\u00e1veis pela dor, ansiedade, sono, compuls\u00f5es alimentares, v\u00edcios, e muito mais.<\/p>\n\n\n\n<p>\u201cUm terapeuta capacitado em auriculoterapia neurofisiol\u00f3gica atua com conhecimento t\u00e9cnico, sensibilidade cl\u00ednica e uma escuta atenta, compreendendo o paciente como um todo. Avaliar n\u00e3o apenas os sintomas, mas tamb\u00e9m o hist\u00f3rico emocional, os padr\u00f5es de comportamento e o estilo de vida \u00e9 o que permite personalizar o tratamento e alcan\u00e7ar resultados duradouros\u201d, afirma Lemos.&nbsp;<\/p>\n\n\n\n<p>Assim, em tempos em que a sa\u00fade mental e f\u00edsica exigem mais aten\u00e7\u00e3o, a auriculoterapia neurofisiol\u00f3gica surge como uma ponte entre ci\u00eancia e bem-estar.&nbsp;<\/p>\n\n\n\n<p>Servi\u00e7o: Vittaly Terapias Integrativas<\/p>\n\n\n\n<p>Daniel Lemos<\/p>\n\n\n\n<p>Especialista em enteroterapia, auriculoterapia neurofisiol\u00f3gica, detox i\u00f4nico, medicina chinesa, massoterapia e biorresson\u00e2ncia magn\u00e9tica-qu\u00e2ntica<\/p>\n\n\n\n<p>(41) 98769-7019<\/p>\n\n\n\n<p>@clinica.vittaly<\/p>\n\n\n\n<p>vittalyterapiasintegrativa@gmail.com<\/p>\n\n\n\n<p>Joaquim Nabuco, 900 Centro, S\u00e3o Jos\u00e9&nbsp;dos&nbsp;Pinhais\/PR.<\/p>\n","protected":false},"excerpt":{"rendered":"<p>Em um mundo marcado por altos n\u00edveis de estresse, dist\u00farbios do sono, dores cr\u00f4nicas e desequil\u00edbrios emocionais, a busca por terapias que ofere\u00e7am al\u00edvio real est\u00e1 em ascens\u00e3o. \u00c9 nesse contexto que a auriculoterapia neurofisiol\u00f3gica ganha espa\u00e7o como uma abordagem moderna, eficaz e cientificamente fundamentada. Muito al\u00e9m de uma t\u00e9cnica milenar, a auriculoterapia encontra respaldo [&hellip;]<\/p>\n","protected":false},"author":1,"featured_media":4438,"comment_status":"open","ping_status":"open","sticky":false,"template":"","format":"standard","meta":{"footnotes":""},"categories":[164],"tags":[],"class_list":["post-4437","post","type-post","status-publish","format-standard","has-post-thumbnail","hentry","category-saude-2"],"_links":{"self":[{"href":"https:\/\/diarioparanaense.com\/index.php?rest_route=\/wp\/v2\/posts\/4437","targetHints":{"allow":["GET"]}}],"collection":[{"href":"https:\/\/diarioparanaense.com\/index.php?rest_route=\/wp\/v2\/posts"}],"about":[{"href":"https:\/\/diarioparanaense.com\/index.php?rest_route=\/wp\/v2\/types\/post"}],"author":[{"embeddable":true,"href":"https:\/\/diarioparanaense.com\/index.php?rest_route=\/wp\/v2\/users\/1"}],"replies":[{"embeddable":true,"href":"https:\/\/diarioparanaense.com\/index.php?rest_route=%2Fwp%2Fv2%2Fcomments&post=4437"}],"version-history":[{"count":1,"href":"https:\/\/diarioparanaense.com\/index.php?rest_route=\/wp\/v2\/posts\/4437\/revisions"}],"predecessor-version":[{"id":4439,"href":"https:\/\/diarioparanaense.com\/index.php?rest_route=\/wp\/v2\/posts\/4437\/revisions\/4439"}],"wp:featuredmedia":[{"embeddable":true,"href":"https:\/\/diarioparanaense.com\/index.php?rest_route=\/wp\/v2\/media\/4438"}],"wp:attachment":[{"href":"https:\/\/diarioparanaense.com\/index.php?rest_route=%2Fwp%2Fv2%2Fmedia&parent=4437"}],"wp:term":[{"taxonomy":"category","embeddable":true,"href":"https:\/\/diarioparanaense.com\/index.php?rest_route=%2Fwp%2Fv2%2Fcategories&post=4437"},{"taxonomy":"post_tag","embeddable":true,"href":"https:\/\/diarioparanaense.com\/index.php?rest_route=%2Fwp%2Fv2%2Ftags&post=4437"}],"curies":[{"name":"wp","href":"https:\/\/api.w.org\/{rel}","templated":true}]}}