{"id":4425,"date":"2025-05-29T15:40:32","date_gmt":"2025-05-29T18:40:32","guid":{"rendered":"https:\/\/diarioparanaense.com\/?p=4425"},"modified":"2025-05-29T15:40:33","modified_gmt":"2025-05-29T18:40:33","slug":"moda-experiencia-e-lifestyle-2get-sale-retorna-a-londrina-com-edicao-inedita-na-audi-center","status":"publish","type":"post","link":"https:\/\/diarioparanaense.com\/?p=4425","title":{"rendered":"Moda, experi\u00eancia e lifestyle: 2GET Sale retorna a Londrina com edi\u00e7\u00e3o in\u00e9dita na Audi Center"},"content":{"rendered":"\n<p class=\"has-medium-font-size\">Evento re\u00fane mais de 20 marcas, experi\u00eancias exclusivas e curadoria de moda em um novo cen\u00e1rio de sofistica\u00e7\u00e3o<\/p>\n\n\n\n<p>Nos dias 30 e 31 de maio, das 10h \u00e0s 20h, Londrina volta a receber uma das experi\u00eancias mais aguardadas do universo fashion regional. O 2GET Sale, evento que h\u00e1 mais de uma d\u00e9cada movimenta o varejo de moda no Sul e Sudeste do pa\u00eds, retorna com uma edi\u00e7\u00e3o in\u00e9dita e repleta de novidades, com uma curadoria pensada para surpreender e encantar o p\u00fablico. Ser\u00e3o mais de 20 marcas reunidas na Audi Center, com oportunidades \u00fanicas em moda feminina e infantil, acess\u00f3rios, home decor e experi\u00eancias exclusivas. O acesso \u00e9 gratuito e sem necessidade de inscri\u00e7\u00e3o pr\u00e9via.<\/p>\n\n\n\n<p>Al\u00e9m de reunir grifes conterr\u00e2neas e tamb\u00e9m de Curitiba e S\u00e3o Paulo, esta edi\u00e7\u00e3o marca a estreia de marcas como a Isla e o retorno da chef Rafaela Bacchi, que assina o Espa\u00e7o Gourmet com pratos da Osteria Bacchi. O ambiente tamb\u00e9m contar\u00e1 com servi\u00e7o de valet gratuito e test drives nos modelos da Audi, com atendimento personalizado feito pela equipe da concession\u00e1ria durante todo o evento. Al\u00e9m disso, durante os dois dias de evento, a marca estar\u00e1 com condi\u00e7\u00f5es exclusivas para quem deseja conhecer e adquirir o modelo Audi Q5, combinando sofistica\u00e7\u00e3o, performance e tecnologia de ponta.<\/p>\n\n\n\n<p>\u201cMais do que um evento de compras, o 2GET Sale \u00e9 um ponto de encontro. Criamos uma experi\u00eancia completa, que conecta moda, estilo de vida e sofistica\u00e7\u00e3o. Este ano, escolhemos a Audi Center como cen\u00e1rio justamente para encantar o p\u00fablico londrinense e elevar a experi\u00eancia, unindo consumo, lifestyle e eleg\u00e2ncia\u201d, explica Roberta Busato, uma das idealizadoras do projeto.<\/p>\n\n\n\n<p>Entre as marcas confirmadas est\u00e3o nomes j\u00e1 conhecidos como Fernanda Buzzo, Toujours Nana, Bazaar Boutique, Zeiss Vision Center e AC Brazil. Direto de Curitiba, participam estreantes como a SVEA, que faz sua primeira participa\u00e7\u00e3o no evento, al\u00e9m de grifes j\u00e1 tradicionais, como Felicia Peres, Sagih e Lalalume, junto a outras marcas que comp\u00f5em a curadoria desta edi\u00e7\u00e3o. \u201cA maioria j\u00e1 participa conosco h\u00e1 anos. E isso mostra a for\u00e7a do projeto para quem vende e para quem consome\u201d, pontua Milena Fachinello, que tamb\u00e9m est\u00e1 \u00e0 frente da iniciativa.<\/p>\n\n\n\n<p>Com mais de 30 edi\u00e7\u00f5es realizadas na cidade desde 2014, Londrina se consolidou como uma das pra\u00e7as mais importantes para o evento. Segundo Roberta, o perfil das consumidoras da regi\u00e3o \u00e9 um dos mais marcantes entre todas as cidades por onde o 2GET passa. \u201c\u00c9 um p\u00fablico exigente e extremamente receptivo. S\u00e3o mulheres que valorizam boas oportunidades, mas que n\u00e3o abrem m\u00e3o de qualidade, curadoria e ambiente. Muitas voltam no segundo dia com amigas, familiares ou simplesmente para reviver a experi\u00eancia\u201d, comenta Roberta.<\/p>\n\n\n\n<p>A escolha por manter o evento no interior do Paran\u00e1 \u00e9 estrat\u00e9gica. \u201cLondrina sempre abra\u00e7ou o 2GET com muito carinho. Aqui, a gente sente que o evento faz parte do calend\u00e1rio da cidade. \u00c9 sobre encontros, descobertas e experi\u00eancias que v\u00e3o al\u00e9m da moda. Enquanto essa conex\u00e3o existir, seguiremos fazendo com o mesmo entusiasmo de sempre\u201d, complementa Milena<\/p>\n\n\n\n<p>Criado h\u00e1 13 anos, o 2GET Sale nasceu em Curitiba e hoje \u00e9 um dos eventos mais relevantes do varejo de moda do sul do pa\u00eds, com edi\u00e7\u00f5es tamb\u00e9m no interior de S\u00e3o Paulo.<\/p>\n\n\n\n<p>Servi\u00e7o<br>2GET SALE \u2013 Edi\u00e7\u00e3o Londrina 2025<br>Data: 30 e 31 de maio<br>Hor\u00e1rio: 10h \u00e0s 20h<br>Local: Audi Center Londrina<br>Endere\u00e7o: Av. Tiradentes, 5620 &#8211; Jardim Rosicler<br>Estacionamento com&nbsp;valet&nbsp;gratuito<\/p>\n","protected":false},"excerpt":{"rendered":"<p>Evento re\u00fane mais de 20 marcas, experi\u00eancias exclusivas e curadoria de moda em um novo cen\u00e1rio de sofistica\u00e7\u00e3o Nos dias 30 e 31 de maio, das 10h \u00e0s 20h, Londrina volta a receber uma das experi\u00eancias mais aguardadas do universo fashion regional. O 2GET Sale, evento que h\u00e1 mais de uma d\u00e9cada movimenta o varejo [&hellip;]<\/p>\n","protected":false},"author":1,"featured_media":4429,"comment_status":"open","ping_status":"open","sticky":false,"template":"","format":"standard","meta":{"footnotes":""},"categories":[29],"tags":[],"class_list":["post-4425","post","type-post","status-publish","format-standard","has-post-thumbnail","hentry","category-artigos"],"_links":{"self":[{"href":"https:\/\/diarioparanaense.com\/index.php?rest_route=\/wp\/v2\/posts\/4425","targetHints":{"allow":["GET"]}}],"collection":[{"href":"https:\/\/diarioparanaense.com\/index.php?rest_route=\/wp\/v2\/posts"}],"about":[{"href":"https:\/\/diarioparanaense.com\/index.php?rest_route=\/wp\/v2\/types\/post"}],"author":[{"embeddable":true,"href":"https:\/\/diarioparanaense.com\/index.php?rest_route=\/wp\/v2\/users\/1"}],"replies":[{"embeddable":true,"href":"https:\/\/diarioparanaense.com\/index.php?rest_route=%2Fwp%2Fv2%2Fcomments&post=4425"}],"version-history":[{"count":1,"href":"https:\/\/diarioparanaense.com\/index.php?rest_route=\/wp\/v2\/posts\/4425\/revisions"}],"predecessor-version":[{"id":4430,"href":"https:\/\/diarioparanaense.com\/index.php?rest_route=\/wp\/v2\/posts\/4425\/revisions\/4430"}],"wp:featuredmedia":[{"embeddable":true,"href":"https:\/\/diarioparanaense.com\/index.php?rest_route=\/wp\/v2\/media\/4429"}],"wp:attachment":[{"href":"https:\/\/diarioparanaense.com\/index.php?rest_route=%2Fwp%2Fv2%2Fmedia&parent=4425"}],"wp:term":[{"taxonomy":"category","embeddable":true,"href":"https:\/\/diarioparanaense.com\/index.php?rest_route=%2Fwp%2Fv2%2Fcategories&post=4425"},{"taxonomy":"post_tag","embeddable":true,"href":"https:\/\/diarioparanaense.com\/index.php?rest_route=%2Fwp%2Fv2%2Ftags&post=4425"}],"curies":[{"name":"wp","href":"https:\/\/api.w.org\/{rel}","templated":true}]}}