{"id":4414,"date":"2025-05-28T16:42:21","date_gmt":"2025-05-28T19:42:21","guid":{"rendered":"https:\/\/diarioparanaense.com\/?p=4414"},"modified":"2025-05-28T16:42:22","modified_gmt":"2025-05-28T19:42:22","slug":"da-resistencia-a-inovacao","status":"publish","type":"post","link":"https:\/\/diarioparanaense.com\/?p=4414","title":{"rendered":"Da resist\u00eancia \u00e0 inova\u00e7\u00e3o"},"content":{"rendered":"\n<p>Atualmente, o universo corporativo tem se mostrado cada vez mais din\u00e2mico e digital. <\/p>\n\n\n\n<p>Consequentemente, ter um conjunto s\u00f3lido de valores n\u00e3o \u00e9 mais suficiente: \u00e9 essencial garantir que esses princ\u00edpios sejam compreendidos, vivenciados e aplicados diariamente pelos colaboradores. Toda mudan\u00e7a gera medo e esse sentimento, em excesso, pode culminar na resist\u00eancia total \u00e0s inova\u00e7\u00f5es. Com sorte, isso pode ser evitado.<\/p>\n\n\n\n<p>Segundo Bruno Castro, especialista em Intelig\u00eancia Artificial, padronizac\u0327\u00e3o de processos e desenvolvimento humano, o uso da intelig\u00eancia artificial (IA) no espa\u00e7o de trabalho pode contribuir para a mudan\u00e7a da mentalidade de in\u00e9rcia e pode ajudar a construir, nas empresas, uma cultura organizacional pautada por valores pr\u00f3prios. \u201cCriar uma identidade \u00fanica no mercado de trabalho deve ser prioridade, uma vez que isso&nbsp; influencia desde a forma como os colaboradores interagem at\u00e9 as decis\u00f5es estrat\u00e9gicas da lideran\u00e7a. Quando bem estruturada, pode fundar um ambiente de trabalho mais engajador, produtivo e inovador\u201d, afirma o especialista.&nbsp;<\/p>\n\n\n\n<p>Contudo, muitas organiza\u00e7\u00f5es enfrentam desafios para alinhar sua cultura aos valores definidos. Isso ocorre porque transformar h\u00e1bitos e cren\u00e7as exige um trabalho cont\u00ednuo de reprograma\u00e7\u00e3o mental, capacita\u00e7\u00e3o e ferramentas tecnol\u00f3gicas que facilitem essa transi\u00e7\u00e3o. Castro destaca, nesse contexto, o uso da Programa\u00e7\u00e3o Neurolingu\u00edstica (PNL), que auxilia na modifica\u00e7\u00e3o de padr\u00f5es de pensamento e comportamento, reduz a resist\u00eancia \u00e0s mudan\u00e7as e incentiva um mindset voltado para colabora\u00e7\u00e3o, lideran\u00e7a e resili\u00eancia.<\/p>\n\n\n\n<p>Al\u00e9m disso, a intelig\u00eancia artificial na constru\u00e7\u00e3o da cultura organizacional \u00e9 uma grande aliada, visto que pode prover recursos como a automa\u00e7\u00e3o da comunica\u00e7\u00e3o interna, an\u00e1lises de clima organizacional em tempo real e treinamentos personalizados. Assim, as empresas podem fortalecer sua identidade, impulsionar a inova\u00e7\u00e3o e garantir um ambiente corporativo mais alinhado aos seus valores.<\/p>\n\n\n\n<p>Servic\u0327o: B.Castro Consultoria Empresarial<\/p>\n\n\n\n<p>Bruno Castro &#8211; Processos, Tecnologia e Mentalidade<\/p>\n\n\n\n<p>(41) 99952 8310<\/p>\n\n\n\n<p>@bcastro.consultoria<\/p>\n\n\n\n<p>brcas08@gmail.com<\/p>\n\n\n\n<p>bcastroconsultoria.my.canva.site\/bcastroconsultoria<\/p>\n","protected":false},"excerpt":{"rendered":"<p>Atualmente, o universo corporativo tem se mostrado cada vez mais din\u00e2mico e digital. Consequentemente, ter um conjunto s\u00f3lido de valores n\u00e3o \u00e9 mais suficiente: \u00e9 essencial garantir que esses princ\u00edpios sejam compreendidos, vivenciados e aplicados diariamente pelos colaboradores. Toda mudan\u00e7a gera medo e esse sentimento, em excesso, pode culminar na resist\u00eancia total \u00e0s inova\u00e7\u00f5es. Com [&hellip;]<\/p>\n","protected":false},"author":1,"featured_media":4418,"comment_status":"open","ping_status":"open","sticky":false,"template":"","format":"standard","meta":{"footnotes":""},"categories":[29,324],"tags":[],"class_list":["post-4414","post","type-post","status-publish","format-standard","has-post-thumbnail","hentry","category-artigos","category-negocios"],"_links":{"self":[{"href":"https:\/\/diarioparanaense.com\/index.php?rest_route=\/wp\/v2\/posts\/4414","targetHints":{"allow":["GET"]}}],"collection":[{"href":"https:\/\/diarioparanaense.com\/index.php?rest_route=\/wp\/v2\/posts"}],"about":[{"href":"https:\/\/diarioparanaense.com\/index.php?rest_route=\/wp\/v2\/types\/post"}],"author":[{"embeddable":true,"href":"https:\/\/diarioparanaense.com\/index.php?rest_route=\/wp\/v2\/users\/1"}],"replies":[{"embeddable":true,"href":"https:\/\/diarioparanaense.com\/index.php?rest_route=%2Fwp%2Fv2%2Fcomments&post=4414"}],"version-history":[{"count":1,"href":"https:\/\/diarioparanaense.com\/index.php?rest_route=\/wp\/v2\/posts\/4414\/revisions"}],"predecessor-version":[{"id":4419,"href":"https:\/\/diarioparanaense.com\/index.php?rest_route=\/wp\/v2\/posts\/4414\/revisions\/4419"}],"wp:featuredmedia":[{"embeddable":true,"href":"https:\/\/diarioparanaense.com\/index.php?rest_route=\/wp\/v2\/media\/4418"}],"wp:attachment":[{"href":"https:\/\/diarioparanaense.com\/index.php?rest_route=%2Fwp%2Fv2%2Fmedia&parent=4414"}],"wp:term":[{"taxonomy":"category","embeddable":true,"href":"https:\/\/diarioparanaense.com\/index.php?rest_route=%2Fwp%2Fv2%2Fcategories&post=4414"},{"taxonomy":"post_tag","embeddable":true,"href":"https:\/\/diarioparanaense.com\/index.php?rest_route=%2Fwp%2Fv2%2Ftags&post=4414"}],"curies":[{"name":"wp","href":"https:\/\/api.w.org\/{rel}","templated":true}]}}