{"id":4407,"date":"2025-05-28T11:13:01","date_gmt":"2025-05-28T14:13:01","guid":{"rendered":"https:\/\/diarioparanaense.com\/?p=4407"},"modified":"2025-05-28T11:13:02","modified_gmt":"2025-05-28T14:13:02","slug":"previsao-de-baixas-temperaturas-aquece-o-comercio-local","status":"publish","type":"post","link":"https:\/\/diarioparanaense.com\/?p=4407","title":{"rendered":"Previs\u00e3o de baixas temperaturas aquece o com\u00e9rcio local"},"content":{"rendered":"\n<p class=\"has-medium-font-size\">O inverno pode ser uma esta\u00e7\u00e3o com \u00f3timas oportunidades de neg\u00f3cios<\/p>\n\n\n\n<p>Com a previs\u00e3o de temperaturas despencando nos pr\u00f3ximos dias, podemos dizer que o frio chegou de verdade ao sul do Brasil e, com ele, o com\u00e9rcio da regi\u00e3o costuma se aquecer. Lojas de roupas, cal\u00e7ados e acess\u00f3rios de inverno, al\u00e9m de estabelecimentos que vendem itens para o lar, como cobertores e aquecedores, registram um aumento nas vendas naturalmente. Antes mesmo da queda nas temperaturas, muitos comerciantes se preparam para essa \u00e9poca.<\/p>\n\n\n\n<p>Al\u00e9m da moda de inverno, cresce a procura por itens que tornam os dias frios mais confort\u00e1veis. \u00c9 o caso de cobertores, mantas, toucas, cachec\u00f3is, meias, pantufas, entre outros. Eletrodom\u00e9sticos como aquecedores e itens de cozinha que facilitem a rotina tamb\u00e9m ganham destaque. Curitiba, conhecida como a capital mais fria do Brasil, sente o impacto positivo do inverno no com\u00e9rcio. O frio, que para muitos \u00e9 um desafio, se torna uma oportunidade para o com\u00e9rcio local.<\/p>\n\n\n\n<p>De acordo com Beni Gelhorn, diretor comercial do Grupo MiniPre\u00e7o, a necessidade \u00e9 um fator que aumenta as vendas. \u201cEsse per\u00edodo do ano, especificamente, j\u00e1 tem um movimento acima de meses anteriores. As casas s\u00e3o preparadas para estarem confort\u00e1veis no inverno, mas as pessoas tamb\u00e9m precisam sair para o trabalho, escola, faculdade e compromissos. Ent\u00e3o, com anteced\u00eancia, identificamos o que \u00e9 tend\u00eancia e nos preparamos para atender a essa demanda. \u00c9 um per\u00edodo em que observamos que as compras s\u00e3o muito mais por necessidade\u201d, explica.<\/p>\n\n\n\n<p class=\"has-medium-font-size\">Diversidade de produtos<\/p>\n\n\n\n<p>No inverno, os itens mais vendidos tendem a ser aqueles que oferecem conforto, prote\u00e7\u00e3o contra o frio e que contribuem para uma atmosfera aconchegante. Pensando nisso, o Grupo MiniPre\u00e7o preparou as lojas com itens que levem aos clientes conforto para os dias frios e praticidade na hora da compra.<\/p>\n\n\n\n<p>\u201cA ideia \u00e9 que o cliente consiga atender \u00e0s suas necessidades num s\u00f3 lugar. As lojas oferecem itens de cama, mesa e banho, acess\u00f3rios, eletrodom\u00e9sticos e itens de cozinha e decora\u00e7\u00e3o. Essa facilidade na hora da compra, sem precisar ir em diversas lojas, \u00e9 boa para o cliente, que otimiza o seu tempo. E \u00e9 bom tamb\u00e9m para n\u00f3s, que conseguimos entregar mais, com pre\u00e7o acess\u00edvel e, automaticamente, alavancar as vendas\u201d, relata Beni.<\/p>\n\n\n\n<p>Al\u00e9m dos milhares de itens dispon\u00edveis em loja, o Grupo MiniPre\u00e7o oferece vendas on-line e diversos benef\u00edcios de pagamento e promo\u00e7\u00f5es, tornando a experi\u00eancia do cliente mais atrativa. Com a previs\u00e3o de temperaturas pr\u00f3ximas do 0\u00ba e at\u00e9 possibilidade de geada, o importante \u00e9 estar preparado para encarar o frio em casa ou na rua.<\/p>\n\n\n\n<p class=\"has-medium-font-size\">Servi\u00e7o:<\/p>\n\n\n\n<p><strong>Grupo MiniPre\u00e7o<br><\/strong>Hor\u00e1rio de atendimento: de segunda a s\u00e1bado, das 9h \u00e0s 20h. Domingos e feriados, das 10h \u00e0s 19h.<br>Confira o endere\u00e7o mais pr\u00f3ximo em: <a href=\"https:\/\/site.minipreco.com.br\/lojas\/\">https:\/\/site.minipreco.com.br\/lojas\/<\/a><\/p>\n","protected":false},"excerpt":{"rendered":"<p>O inverno pode ser uma esta\u00e7\u00e3o com \u00f3timas oportunidades de neg\u00f3cios Com a previs\u00e3o de temperaturas despencando nos pr\u00f3ximos dias, podemos dizer que o frio chegou de verdade ao sul do Brasil e, com ele, o com\u00e9rcio da regi\u00e3o costuma se aquecer. Lojas de roupas, cal\u00e7ados e acess\u00f3rios de inverno, al\u00e9m de estabelecimentos que vendem [&hellip;]<\/p>\n","protected":false},"author":1,"featured_media":4408,"comment_status":"open","ping_status":"open","sticky":false,"template":"","format":"standard","meta":{"footnotes":""},"categories":[29,424,324,425],"tags":[],"class_list":["post-4407","post","type-post","status-publish","format-standard","has-post-thumbnail","hentry","category-artigos","category-curitiba","category-negocios","category-parana"],"_links":{"self":[{"href":"https:\/\/diarioparanaense.com\/index.php?rest_route=\/wp\/v2\/posts\/4407","targetHints":{"allow":["GET"]}}],"collection":[{"href":"https:\/\/diarioparanaense.com\/index.php?rest_route=\/wp\/v2\/posts"}],"about":[{"href":"https:\/\/diarioparanaense.com\/index.php?rest_route=\/wp\/v2\/types\/post"}],"author":[{"embeddable":true,"href":"https:\/\/diarioparanaense.com\/index.php?rest_route=\/wp\/v2\/users\/1"}],"replies":[{"embeddable":true,"href":"https:\/\/diarioparanaense.com\/index.php?rest_route=%2Fwp%2Fv2%2Fcomments&post=4407"}],"version-history":[{"count":1,"href":"https:\/\/diarioparanaense.com\/index.php?rest_route=\/wp\/v2\/posts\/4407\/revisions"}],"predecessor-version":[{"id":4409,"href":"https:\/\/diarioparanaense.com\/index.php?rest_route=\/wp\/v2\/posts\/4407\/revisions\/4409"}],"wp:featuredmedia":[{"embeddable":true,"href":"https:\/\/diarioparanaense.com\/index.php?rest_route=\/wp\/v2\/media\/4408"}],"wp:attachment":[{"href":"https:\/\/diarioparanaense.com\/index.php?rest_route=%2Fwp%2Fv2%2Fmedia&parent=4407"}],"wp:term":[{"taxonomy":"category","embeddable":true,"href":"https:\/\/diarioparanaense.com\/index.php?rest_route=%2Fwp%2Fv2%2Fcategories&post=4407"},{"taxonomy":"post_tag","embeddable":true,"href":"https:\/\/diarioparanaense.com\/index.php?rest_route=%2Fwp%2Fv2%2Ftags&post=4407"}],"curies":[{"name":"wp","href":"https:\/\/api.w.org\/{rel}","templated":true}]}}